{"id":91306,"date":"2024-12-25T20:28:03","date_gmt":"2024-12-26T02:28:03","guid":{"rendered":"https:\/\/redsemlac.com\/semmexico\/?p=91306"},"modified":"2024-12-25T20:28:17","modified_gmt":"2024-12-26T02:28:17","slug":"se-conmemora-la-navidad-hace-505-anos-en-mexico","status":"publish","type":"post","link":"https:\/\/redsemlac.com\/semmexico\/se-conmemora-la-navidad-hace-505-anos-en-mexico\/","title":{"rendered":"Se conmemora la navidad\u00a0 hace\u00a0 505 a\u00f1os\u00a0 en M\u00e9xico"},"content":{"rendered":"\n<p class=\"wp-block-paragraph\">El primer evento se realiz\u00f3 el 25 de diciembre de 1519<\/p>\n\n\n\n<p class=\"wp-block-paragraph\">En una crisis tan profunda de humanidad, esta celebraci\u00f3n tiene un significado m\u00e1s fuerte aun, plante\u00f3 Jorge Traslosheros Hern\u00e1ndez<\/p>\n\n\n\n<p class=\"wp-block-paragraph\">&nbsp;Redacci\u00f3n<\/p>\n\n\n\n<p class=\"wp-block-paragraph\">SemM\u00e9xico, Cd. de M\u00e9xico, 25 de diciembre, 2024,- La Navidad en M\u00e9xico tiene una relevancia cultural por tres motivos: tradici\u00f3n hist\u00f3rica; convicci\u00f3n religiosa, aun cuando se trata de una conmemoraci\u00f3n de creyentes y no creyentes; y un anhelo de vivir en paz, con justicia y en un ambiente de reconciliaci\u00f3n, considera el investigador del Instituto de Investigaciones Hist\u00f3ricas de la UNAM, Jorge Eugenio Traslosheros Hern\u00e1ndez.<\/p>\n\n\n\n<p class=\"wp-block-paragraph\">El especialista en Hispanoam\u00e9rica virreinal estima que el primer evento conmemorativo se realiz\u00f3 el 25 de diciembre de 1519. \u201cCon toda seguridad esa Navidad se celebr\u00f3 en Tlaxcala, no es una cuesti\u00f3n de testimonios, sino de l\u00f3gica hist\u00f3rica\u201d.<\/p>\n\n\n\n<p class=\"wp-block-paragraph\">\u201cEs decir, Hern\u00e1n Cort\u00e9s llega en Semana Santa de 1519; se puede decir que en diciembre de aquel a\u00f1o se celebr\u00f3 la primera Navidad en M\u00e9xico\u201d, destaca en entrevista con motivo de este festejo.<\/p>\n\n\n\n<p class=\"wp-block-paragraph\">En tanto, seg\u00fan informaci\u00f3n de la obra \u201cAspectos de las fiestas navide\u00f1as en M\u00e9xico\u201d, publicado por el Programa Editorial de la Coordinaci\u00f3n de Humanidades y el otrora Centro de Investigaci\u00f3n y Servicios Museol\u00f3gicos de la UNAM (1981), se expone:<\/p>\n\n\n\n<p class=\"wp-block-paragraph\">Al inicio de la vida colonial los testimonios hist\u00f3ricos registran que la primera Navidad en territorio mexicano, con car\u00e1cter estrictamente religioso, la realizaron los primeros \u201cconquistadores\u201d al celebrar una misa conmemorativa el 25 de diciembre de 1519; hace 505 a\u00f1os.&nbsp;&nbsp;<\/p>\n\n\n\n<p class=\"wp-block-paragraph\">El tambi\u00e9n investigador sobre libertad religiosa y Estado laico&nbsp;explica que la cultura mexicana inici\u00f3 en los siglos XVI-XVII, o sea en este gran mestizaje cultural biol\u00f3gico que se da en donde la impronta indocristiana con la tradici\u00f3n medieval se van a amalgamar para dar cuenta de una nueva cultura.<\/p>\n\n\n\n<p class=\"wp-block-paragraph\">\u201cY los principales elementos de nuestra tradici\u00f3n cultural que llamamos Navidad surgen ah\u00ed, en la interpretaci\u00f3n que hacen los ind\u00edgenas de \u00e9sta. La impronta Franciscana es la creadora de c\u00f3mo conocemos la Navidad: la colocaci\u00f3n de un nacimiento, Bel\u00e9n, Jes\u00fas, toda esa simbolog\u00eda alrededor\u201d, describe.<\/p>\n\n\n\n<p class=\"wp-block-paragraph\">El tambi\u00e9n doctor en Estudios Latinoamericanos por la Universidad Tulane, Estados Unidos, indica: podemos verla a partir de un punto de vista religioso porque esencialmente es una fiesta con ese car\u00e1cter, pero tambi\u00e9n es una celebraci\u00f3n que se ha vuelto propia de creyentes y no creyentes.<\/p>\n\n\n\n<p class=\"wp-block-paragraph\">\u201cIndependientemente de que se crea o no, es la convergencia de esos tres factores (tradici\u00f3n hist\u00f3rica, convicci\u00f3n religiosa y el anhelo de vivir en paz, con justicia y reconciliaci\u00f3n), lo que le da tanta fuerza a la Navidad. Ahora, en un pa\u00eds tan tremendamente dolido, y&nbsp;en una crisis tan profunda de humanidad, la Navidad tiene un significado m\u00e1s fuerte aun\u201d, se\u00f1ala.<\/p>\n\n\n\n<p class=\"wp-block-paragraph\">Sobre la idea de considerarla como una celebraci\u00f3n externa, es decir, proveniente de tradiciones de otras culturas y alejada de lo mexicano, el tambi\u00e9n maestro en Historia por El Colegio de Michoac\u00e1n, responde:<\/p>\n\n\n\n<p class=\"wp-block-paragraph\">\u201cEs que no viene de otro lado. Decir que su origen es externo ser\u00eda tanto como considerar que todav\u00eda nuestra identidad sigue siendo la prehisp\u00e1nica. Y eso es totalmente falso. Nosotros no practicamos una cultura prehisp\u00e1nica, pero ni cercanamente: \u00bfd\u00f3nde est\u00e1n sacrificios humanos?, \u00bfd\u00f3nde est\u00e1n los reg\u00edmenes de esclavitud?, \u00bfd\u00f3nde est\u00e1n las guerras?\u201d.<\/p>\n\n\n\n<p class=\"wp-block-paragraph\">No tiene ning\u00fan sustento hist\u00f3rico. \u201cComo ideolog\u00eda pol\u00edtica a lo mejor les funciona a algunos pol\u00edticos, pero hist\u00f3ricamente eso no tiene ni pies ni cabeza, somos producto de una s\u00edntesis cultural que amalgama en el barroco mexica, el barroco virreinal y de ah\u00ed se ha ido enriqueciendo con otras tradiciones culturales\u201d. Es recomendable, sugiere, lectura de \u201cLa Navidad en las monta\u00f1as\u201d, de Ignacio Manuel Altamirano (1871).<\/p>\n","protected":false},"excerpt":{"rendered":"<p>El primer evento se realiz\u00f3 el 25 de diciembre de 1519 En una crisis tan profunda de humanidad, esta celebraci\u00f3n tiene un significado m\u00e1s fuerte aun, plante\u00f3 Jorge Traslosheros Hern\u00e1ndez &nbsp;Redacci\u00f3n SemM\u00e9xico, Cd. de M\u00e9xico, 25 de diciembre, 2024,- La Navidad en M\u00e9xico tiene una relevancia cultural por tres motivos: tradici\u00f3n hist\u00f3rica; convicci\u00f3n religiosa, aun [&hellip;]<\/p>\n","protected":false},"author":3,"featured_media":91307,"comment_status":"open","ping_status":"open","sticky":false,"template":"","format":"standard","meta":{"_monsterinsights_skip_tracking":false,"footnotes":""},"categories":[694,682],"tags":[],"class_list":["post-91306","post","type-post","status-publish","format-standard","has-post-thumbnail","category-destacadas","category-noticias"],"_links":{"self":[{"href":"https:\/\/redsemlac.com\/semmexico\/wp-json\/wp\/v2\/posts\/91306","targetHints":{"allow":["GET"]}}],"collection":[{"href":"https:\/\/redsemlac.com\/semmexico\/wp-json\/wp\/v2\/posts"}],"about":[{"href":"https:\/\/redsemlac.com\/semmexico\/wp-json\/wp\/v2\/types\/post"}],"author":[{"embeddable":true,"href":"https:\/\/redsemlac.com\/semmexico\/wp-json\/wp\/v2\/users\/3"}],"replies":[{"embeddable":true,"href":"https:\/\/redsemlac.com\/semmexico\/wp-json\/wp\/v2\/comments?post=91306"}],"version-history":[{"count":0,"href":"https:\/\/redsemlac.com\/semmexico\/wp-json\/wp\/v2\/posts\/91306\/revisions"}],"wp:featuredmedia":[{"embeddable":true,"href":"https:\/\/redsemlac.com\/semmexico\/wp-json\/wp\/v2\/media\/91307"}],"wp:attachment":[{"href":"https:\/\/redsemlac.com\/semmexico\/wp-json\/wp\/v2\/media?parent=91306"}],"wp:term":[{"taxonomy":"category","embeddable":true,"href":"https:\/\/redsemlac.com\/semmexico\/wp-json\/wp\/v2\/categories?post=91306"},{"taxonomy":"post_tag","embeddable":true,"href":"https:\/\/redsemlac.com\/semmexico\/wp-json\/wp\/v2\/tags?post=91306"}],"curies":[{"name":"wp","href":"https:\/\/api.w.org\/{rel}","templated":true}]}}