{"id":91295,"date":"2024-12-24T15:37:09","date_gmt":"2024-12-24T21:37:09","guid":{"rendered":"https:\/\/redsemlac.com\/semmexico\/?p=91295"},"modified":"2024-12-24T18:47:38","modified_gmt":"2024-12-25T00:47:38","slug":"los-capitales-jueces-aceptan-amparos-contra-la-nueva-regulacion-de-estancia-turistica-eventual-ete","status":"publish","type":"post","link":"https:\/\/redsemlac.com\/semmexico\/los-capitales-jueces-aceptan-amparos-contra-la-nueva-regulacion-de-estancia-turistica-eventual-ete\/","title":{"rendered":"Los capitales | Jueces aceptan amparos contra la nueva regulaci\u00f3n de Estancia Tur\u00edstica Eventual (ETE)"},"content":{"rendered":"\n<p class=\"wp-block-paragraph\">Edgar Gonz\u00e1lez Mart\u00ednez&nbsp;<\/p>\n\n\n\n<p class=\"wp-block-paragraph\">SemM\u00e9xico, Cd. de M\u00e9xico, 24 de diciembre, 2024.- Los ciudadanos que han convertido sus casas en lugares de descanso para turistas, sobre en todo en zonas de playas y destinos de recreo o negocios, acaban de recibir buenas noticias: algunos jueces aceptaron amparos promovidos por los anfitriones, con lo que la nueva regulaci\u00f3n de Estancia Tur\u00edstica Eventual (ETE), principalmente, en la Ciudad de M\u00e9xico, ha sufrido algunos descalabros. As\u00ed es, la gran mayor\u00eda de los amparos promovidos por los anfitriones ya han sido admitidos e incluso algunos ya cuentan con una suspensi\u00f3n provisional.<\/p>\n\n\n\n<p class=\"wp-block-paragraph\">Son los anfitriones, conformados por grupos como mujeres y personas de la tercera edad, los que han decidido pagar por asesor\u00eda legal para proteger su patrimonio y su sustento de vida, y se anticipa que muchos otros pueden estar esperando la publicaci\u00f3n del Padr\u00f3n de Anfitriones para defenderse. Cabe se\u00f1alar que esta ley pone l\u00edmites injustificados, como limitar en un 50% las noches al a\u00f1o para ofrecer el servicio de ETE, situaci\u00f3n que impactar\u00eda la econom\u00eda de los anfitriones, pues muchos de ellos s\u00f3lo tienen esta opci\u00f3n como fuente de ingresos.<\/p>\n\n\n\n<p class=\"wp-block-paragraph\">Facilidades del SAT de un simulador para la Declaraci\u00f3n Anual 2024 de personas morales.<\/p>\n\n\n\n<p class=\"wp-block-paragraph\">El Servicio de Administraci\u00f3n Tributaria (SAT) informa a las personas morales que, del 1 de enero al 31 de marzo de 2025, pueden presentar su Declaraci\u00f3n Anual 2024; para apoyar a los contribuyentes, se pone a disposici\u00f3n un simulador de R\u00e9gimen General y R\u00e9gimen Simplificado de Confianza para visualizar de manera previa la informaci\u00f3n presentada en el ejercicio fiscal.<\/p>\n\n\n\n<p class=\"wp-block-paragraph\">Asimismo, se recuerda que las sociedades que se encuentren en periodo de liquidaci\u00f3n, tienen hasta el 17 de enero de 2025 para presentar su declaraci\u00f3n del ejercicio por liquidaci\u00f3n y las personas morales sin fines de lucro, tienen hasta el 15 de febrero de 2025 para presentar su declaraci\u00f3n del ejercicio.<\/p>\n\n\n\n<p class=\"wp-block-paragraph\">Cabe destacar que a partir de este a\u00f1o,&nbsp;&nbsp;la autoridad tributaria realiz\u00f3 actualizaciones y mejoras para la presentaci\u00f3n de esta obligaci\u00f3n fiscal, por lo que las declaraciones anuales cuentan con la siguiente informaci\u00f3n precargada:<\/p>\n\n\n\n<p class=\"wp-block-paragraph\">\u2022&nbsp;&nbsp;&nbsp;&nbsp;&nbsp;&nbsp;&nbsp;&nbsp;&nbsp;&nbsp;&nbsp;&nbsp;&nbsp;Pagos provisionales presentados y pagados durante el ejercicio.<\/p>\n\n\n\n<p class=\"wp-block-paragraph\">\u2022&nbsp;&nbsp;&nbsp;&nbsp;&nbsp;&nbsp;&nbsp;&nbsp;&nbsp;&nbsp;&nbsp;&nbsp;&nbsp;PTU pagada en el ejercicio.<\/p>\n\n\n\n<p class=\"wp-block-paragraph\">\u2022&nbsp;&nbsp;&nbsp;&nbsp;&nbsp;&nbsp;&nbsp;&nbsp;&nbsp;&nbsp;&nbsp;&nbsp;&nbsp;Retenciones efectivamente pagadas, como ISR sueldos y salarios, ISR asimilados a salarios, ISR arrendamiento e ISR RESICO.<\/p>\n\n\n\n<p class=\"wp-block-paragraph\">\u2022&nbsp;&nbsp;&nbsp;&nbsp;&nbsp;&nbsp;&nbsp;&nbsp;&nbsp;&nbsp;&nbsp;&nbsp;&nbsp;Remanente de declaraciones de ejercicios anteriores, como p\u00e9rdidas fiscales, pagos al extranjero, dividendos y subsidio para el empleo.<\/p>\n\n\n\n<p class=\"wp-block-paragraph\">\u2022&nbsp;&nbsp;&nbsp;&nbsp;&nbsp;&nbsp;&nbsp;&nbsp;&nbsp;&nbsp;&nbsp;&nbsp;&nbsp;Los CFDI emitidos por concepto de descuentos, devoluciones y bonificaciones.<\/p>\n\n\n\n<p class=\"wp-block-paragraph\">Por ello, es importante que en caso de querer realizar alguna modificaci\u00f3n a los ingresos o cualquier otro campo prellenado, se deben presentar declaraciones complementarias. Si se tiene un saldo a cargo, se puede pagar en cualquier banco autorizado para cobro de contribuciones federales y la informaci\u00f3n se ver\u00e1 actualizada 48 horas despu\u00e9s de haber realizado el pago. Si se tiene un saldo en cero, tardar\u00e1 24 horas en verse reflejado.<\/p>\n\n\n\n<p class=\"wp-block-paragraph\">No todo los Santa Clous son buenos; ayer inici\u00f3 la campara \u201cBad Santa\u201d.<\/p>\n\n\n\n<p class=\"wp-block-paragraph\">En esta temporada decembrina la ONG Reinserta, en colaboraci\u00f3n con Grey M\u00e9xico, presentan una campa\u00f1a gr\u00e1fica para visibilizar que m\u00e1s de 140 mil ni\u00f1as, ni\u00f1os y adolescentes est\u00e1n en riesgo de ser reclutados por grupos delictivos.<\/p>\n\n\n\n<p class=\"wp-block-paragraph\">Como usted recordar\u00e1, cada m\u00e1s de 140 mil ni\u00f1as, ni\u00f1os y adolescentes est\u00e1n en riesgo de ser reclutados por el crimen organizado, donde miles de ellos son entrenados para cometer actos de violencia extrema, convirti\u00e9ndolos en \u201chalcones\u201d y \u201cmulas\u201d de droga, aprendiendo a vender, transportar sustancias il\u00edcitas y, en muchos casos, a desaparecer cuerpos y actuar como sicarios al servicio de organizaciones criminales.<\/p>\n\n\n\n<p class=\"wp-block-paragraph\">Para visibilizar esta realidad, Reinserta, organizaci\u00f3n con m\u00e1s de 10 a\u00f1os de trabajo en la reinserci\u00f3n de ni\u00f1as, ni\u00f1os y adolescentes v\u00edctimas de violencia, lanza, en colaboraci\u00f3n con la agencia creativa Grey M\u00e9xico, una campa\u00f1a de concientizaci\u00f3n que busca sensibilizar a la sociedad sobre los efectos devastadores de la delincuencia organizada en las infancias mexicanas.<\/p>\n\n\n\n<p class=\"wp-block-paragraph\"><strong>Las 5 crisis globales m\u00e1s urgentes de resolver en conjunto<\/strong><\/p>\n\n\n\n<p class=\"wp-block-paragraph\">Por cierto, ahora que son \u00e9pocas de buenos pensamientos navide\u00f1os, no hay que olvidar que el mundo se enfrenta a una serie de crisis interconectadas que amenazan la estabilidad de la humanidad y la biodiversidad. Las crisis globales urgentes de resolver, como la p\u00e9rdida de biodiversidad, la inseguridad h\u00eddrica y alimentaria, los riesgos para la salud y el cambio clim\u00e1tico, se combinan y se agravan entre s\u00ed, lo que hace que los esfuerzos aislados sean ineficaces. Es fundamental que abordemos estos desaf\u00edos de manera integrada, ya que su resoluci\u00f3n simult\u00e1nea generar\u00e1 enormes beneficios econ\u00f3micos y ayudar\u00e1 a garantizar nuestra supervivencia a largo plazo.<\/p>\n\n\n\n<p class=\"wp-block-paragraph\">Seg\u00fan un magn\u00edfico an\u00e1lisis de EXPOK, las evidencias cient\u00edficas subrayan que actuar de forma separada no solo es ineficaz, sino contraproducente. La Plataforma Intergubernamental sobre Diversidad Biol\u00f3gica y Servicios de los Ecosistemas (IPBES) ha se\u00f1alado que una acci\u00f3n urgente y coordinada en estos cinco frentes podr\u00eda desbloquear billones de d\u00f3lares en oportunidades econ\u00f3micas y ayudar a crear millones de empleos para 2030. Por el contrario, retrasar la acci\u00f3n solo incrementar\u00e1 los costos y las dificultades para lograr los objetivos de desarrollo sostenible. A continuaci\u00f3n, se presentan las cinco crisis globales urgentes de resolver y c\u00f3mo su resoluci\u00f3n conjunta es clave para un futuro sostenible, de acuerdo con un art\u00edculo de Sustainable Brands.<\/p>\n\n\n\n<p class=\"wp-block-paragraph\">5 crisis globales m\u00e1s urgentes de resolver en conjunto<\/p>\n\n\n\n<p class=\"wp-block-paragraph\">1. La p\u00e9rdida de biodiversidad y su impacto en la vida humana<\/p>\n\n\n\n<p class=\"wp-block-paragraph\">2. Inseguridad h\u00eddrica y alimentaria<\/p>\n\n\n\n<p class=\"wp-block-paragraph\">3. El cambio clim\u00e1tico y sus efectos en la salud<\/p>\n\n\n\n<p class=\"wp-block-paragraph\">4. Riesgos para la salud derivados de la interacci\u00f3n con el medio ambiente<\/p>\n\n\n\n<p class=\"wp-block-paragraph\">5.- La importancia de la cooperaci\u00f3n internacional<\/p>\n\n\n\n<p class=\"wp-block-paragraph\">Las soluciones globales deben ir m\u00e1s all\u00e1 de los enfoques nacionales aislados y considerar el impacto de las decisiones a nivel mundial. La cooperaci\u00f3n entre pa\u00edses para compartir tecnolog\u00edas, conocimientos y recursos puede acelerar las soluciones a los problemas interrelacionados. Adem\u00e1s, los acuerdos multilaterales como el Acuerdo de Par\u00eds sobre el cambio clim\u00e1tico y el Marco Mundial para la Diversidad Biol\u00f3gica de Kunming-Montreal juegan un papel crucial para establecer objetivos comunes y compromisos que favorezcan la sostenibilidad global. Sin un enfoque global coordinado, ser\u00e1 dif\u00edcil abordar de manera efectiva las crisis globales urgentes de resolver.<\/p>\n\n\n\n<p class=\"wp-block-paragraph\"><a href=\"mailto:loscapitales@yahoo.com.mx\">loscapitales@yahoo.com.mx<\/a><\/p>\n\n\n\n<p class=\"wp-block-paragraph\"><a href=\"http:\/\/www.agendadeinversiones.com.mx\/\">www.agendadeinversiones.com.mx<\/a><\/p>\n\n\n\n<p class=\"wp-block-paragraph\">Twiter: @Edgar4712<\/p>\n","protected":false},"excerpt":{"rendered":"<p>Edgar Gonz\u00e1lez Mart\u00ednez&nbsp; SemM\u00e9xico, Cd. de M\u00e9xico, 24 de diciembre, 2024.- Los ciudadanos que han convertido sus casas en lugares de descanso para turistas, sobre en todo en zonas de playas y destinos de recreo o negocios, acaban de recibir buenas noticias: algunos jueces aceptaron amparos promovidos por los anfitriones, con lo que la nueva [&hellip;]<\/p>\n","protected":false},"author":3,"featured_media":75979,"comment_status":"open","ping_status":"open","sticky":false,"template":"","format":"standard","meta":{"_monsterinsights_skip_tracking":false,"footnotes":""},"categories":[750,35],"tags":[],"class_list":["post-91295","post","type-post","status-publish","format-standard","has-post-thumbnail","category-edgar-gonzalez-martinez","category-opinion"],"_links":{"self":[{"href":"https:\/\/redsemlac.com\/semmexico\/wp-json\/wp\/v2\/posts\/91295","targetHints":{"allow":["GET"]}}],"collection":[{"href":"https:\/\/redsemlac.com\/semmexico\/wp-json\/wp\/v2\/posts"}],"about":[{"href":"https:\/\/redsemlac.com\/semmexico\/wp-json\/wp\/v2\/types\/post"}],"author":[{"embeddable":true,"href":"https:\/\/redsemlac.com\/semmexico\/wp-json\/wp\/v2\/users\/3"}],"replies":[{"embeddable":true,"href":"https:\/\/redsemlac.com\/semmexico\/wp-json\/wp\/v2\/comments?post=91295"}],"version-history":[{"count":0,"href":"https:\/\/redsemlac.com\/semmexico\/wp-json\/wp\/v2\/posts\/91295\/revisions"}],"wp:featuredmedia":[{"embeddable":true,"href":"https:\/\/redsemlac.com\/semmexico\/wp-json\/wp\/v2\/media\/75979"}],"wp:attachment":[{"href":"https:\/\/redsemlac.com\/semmexico\/wp-json\/wp\/v2\/media?parent=91295"}],"wp:term":[{"taxonomy":"category","embeddable":true,"href":"https:\/\/redsemlac.com\/semmexico\/wp-json\/wp\/v2\/categories?post=91295"},{"taxonomy":"post_tag","embeddable":true,"href":"https:\/\/redsemlac.com\/semmexico\/wp-json\/wp\/v2\/tags?post=91295"}],"curies":[{"name":"wp","href":"https:\/\/api.w.org\/{rel}","templated":true}]}}