{"id":91288,"date":"2024-12-23T17:26:06","date_gmt":"2024-12-23T23:26:06","guid":{"rendered":"https:\/\/redsemlac.com\/semmexico\/?p=91288"},"modified":"2024-12-23T17:26:32","modified_gmt":"2024-12-23T23:26:32","slug":"cambios-en-el-gabinete-de-salomon-jara-siete-nuevas-funcionarias","status":"publish","type":"post","link":"https:\/\/redsemlac.com\/semmexico\/cambios-en-el-gabinete-de-salomon-jara-siete-nuevas-funcionarias\/","title":{"rendered":"Cambios en el gabinete de Salom\u00f3n Jara, siete nuevas funcionarias"},"content":{"rendered":"\n<p class=\"wp-block-paragraph\">\u2022 Exdiputadas locales algunas de las funcionarias<br>\u2022 Se crean nuevas instituciones<\/p>\n\n\n\n<p class=\"wp-block-paragraph\">Redacci\u00f3n<br>SemM\u00e9xico, Oaxaca, 23 de diciembre, 2024.- En su conferencia ma\u00f1anera, el gobernador de Oaxaca, Salom\u00f3n Jara Cruz anunci\u00f3 11 cambios en su gabinete legal y ampliado, siete para mujeres y tres para hombres.<\/p>\n\n\n\n<p class=\"wp-block-paragraph\">\u201cNo estamos conformes con lo que hemos logrado\u201d expres\u00f3 el mandatario, quien hab\u00eda empezado minutos antes a dar a conocer los cambios y nombramientos.<\/p>\n\n\n\n<p class=\"wp-block-paragraph\">La Secretar\u00eda de Movilidad (Semovi) ser\u00e1 encabezada por Yesenia Nolasco Ram\u00edrez, quien fue diputada por el PRD en la LXII Legislatura federal (2012-2015), diputada local por Morena en la LXV Legislatura (2021-2024).<\/p>\n\n\n\n<p class=\"wp-block-paragraph\">Anunci\u00f3 tambi\u00e9n que, por razones de salud, la actual secretaria de las Mujeres, Anah\u00ed Sarmiento, tomar\u00e1 una licencia y de manera temporal estar\u00e1 al frente de esta instituci\u00f3n Montserrat Lares Montalvo, como encargada de Despacho. Ella es una licenciada en Administraci\u00f3n que se ha dedicado, seg\u00fan su curr\u00edculo, a realizar diagn\u00f3sticos empresariales y ha sido jefa de Departamento de Recursos Humanos y N\u00f3mina de Pensiones, en el actual gobierno.<\/p>\n\n\n\n<p class=\"wp-block-paragraph\">Anunci\u00f3 que hoy va a platicar con la diosa Cent\u00e9otl 2024, Juana Hern\u00e1ndez L\u00f3pez, quien podr\u00eda integrarse a la Secretar\u00eda de Interculturalidad, Pueblos y Comunidades Ind\u00edgenas y Afromexicanas (SIPCIA), sin mencionar en qu\u00e9 cargo ser\u00e1 y todo depender\u00e1 si ella acepta.<\/p>\n\n\n\n<p class=\"wp-block-paragraph\">Cabe se\u00f1alar que la Diosa Cent\u00e9otl representa la fertilidad, el ma\u00edz, es la deidad de la buena cosecha, cuya figura fue retomada en 1934 del siglo pasado para presidir las fiestas de la Guelaguetza, tambi\u00e9n llamadas del Lunes del Cerro con las que se buscaba levantar el \u00e1nimo de las personas tras un fuerte terremoto ocurrido en 1931 destruyendo gran parte de la ciudad de Oaxaca y municipios de diversas regiones del estado.<\/p>\n\n\n\n<p class=\"wp-block-paragraph\">Jara Cruz anunci\u00f3 tambi\u00e9n que en el Instituto Estatal de Educaci\u00f3n para Adultos (IEEA), estar\u00e1 Juanita Aguilar Espinoza, exdiputada local en la LXIV Legislatura.<\/p>\n\n\n\n<p class=\"wp-block-paragraph\">En el Colegio de Bachilleres del Estado de Oaxaca (Cobao), Ang\u00e9lica Garc\u00eda; en el Instituto del Patrimonio Cultural del Estado de Oaxaca (Inpac), Sildia Mecott, quien fue titular la titular de la Secretar\u00eda T\u00e9cnica del Corredor Interoce\u00e1nico del Istmo de Tehuantepec, y al frente del Instituto de Capacitaci\u00f3n y Productividad para el Trabajo del Estado de Oaxaca (Icapet), Rosalinda L\u00f3pez Garc\u00eda, tambi\u00e9n exdiputada local en la reci\u00e9n concluida LXIV Legislatura.<\/p>\n\n\n\n<p class=\"wp-block-paragraph\">Los hombres que ocuparan cargos son, en la Oficina de Pensiones del Estado de Oaxaca, Elpidio Altamirano L\u00f3pez; en la subsecretar\u00eda de Fomento del Empleo de la Secretar\u00eda del Trabajo, Horacio Sosa Villavicencio; como subsecretario de Desarrollo Tur\u00edstico de la Secretar\u00eda de Turismo, Jos\u00e9 Hern\u00e1ndez C\u00e1rdenas, y en la subsecretar\u00eda de Interculturalidad de la Secretar\u00eda de Educaci\u00f3n P\u00fablica (SEP) en Oaxaca, Sesul Bola\u00f1os.<\/p>\n\n\n\n<p class=\"wp-block-paragraph\">El gobernador de Oaxaca anunci\u00f3 la creaci\u00f3n de dos organismos de suma importancia, el Instituto Estatal de Lenguas Originarias, que estar\u00e1 a cargo de V\u00edctor Cata, hasta hoy secretario de Cultura; y el Instituto para el Fomento de la Lectura y Alfabetizaci\u00f3n, con Carmen S\u00e1nchez Parada. Tambi\u00e9n adelant\u00f3 la creaci\u00f3n de la Secretar\u00eda del Agua.<\/p>\n\n\n\n<p class=\"wp-block-paragraph\">SEM\/sj<\/p>\n\n\n\n<figure class=\"wp-block-gallery has-nested-images columns-default is-cropped wp-block-gallery-1 is-layout-flex wp-block-gallery-is-layout-flex\">\n<figure class=\"wp-block-image size-large\"><a href=\"https:\/\/redsemlac.com\/semmexico\/wp-content\/uploads\/2024\/12\/Sildia-Mecott.jpg\"><img loading=\"lazy\" decoding=\"async\" width=\"922\" height=\"927\" data-id=\"91290\" src=\"https:\/\/redsemlac.com\/semmexico\/wp-content\/uploads\/2024\/12\/Sildia-Mecott.jpg\" alt=\"\" class=\"wp-image-91290\" srcset=\"https:\/\/redsemlac.com\/semmexico\/wp-content\/uploads\/2024\/12\/Sildia-Mecott.jpg 922w, https:\/\/redsemlac.com\/semmexico\/wp-content\/uploads\/2024\/12\/Sildia-Mecott-298x300.jpg 298w, https:\/\/redsemlac.com\/semmexico\/wp-content\/uploads\/2024\/12\/Sildia-Mecott-150x151.jpg 150w, https:\/\/redsemlac.com\/semmexico\/wp-content\/uploads\/2024\/12\/Sildia-Mecott-768x772.jpg 768w, https:\/\/redsemlac.com\/semmexico\/wp-content\/uploads\/2024\/12\/Sildia-Mecott-300x302.jpg 300w, https:\/\/redsemlac.com\/semmexico\/wp-content\/uploads\/2024\/12\/Sildia-Mecott-696x700.jpg 696w\" sizes=\"auto, (max-width: 922px) 100vw, 922px\" \/><\/a><\/figure>\n\n\n\n<figure class=\"wp-block-image size-large\"><a href=\"https:\/\/redsemlac.com\/semmexico\/wp-content\/uploads\/2024\/12\/juana-Hernandez-Lopez.jpg\"><img loading=\"lazy\" decoding=\"async\" width=\"680\" height=\"680\" data-id=\"91291\" src=\"https:\/\/redsemlac.com\/semmexico\/wp-content\/uploads\/2024\/12\/juana-Hernandez-Lopez.jpg\" alt=\"\" class=\"wp-image-91291\" srcset=\"https:\/\/redsemlac.com\/semmexico\/wp-content\/uploads\/2024\/12\/juana-Hernandez-Lopez.jpg 680w, https:\/\/redsemlac.com\/semmexico\/wp-content\/uploads\/2024\/12\/juana-Hernandez-Lopez-300x300.jpg 300w, https:\/\/redsemlac.com\/semmexico\/wp-content\/uploads\/2024\/12\/juana-Hernandez-Lopez-150x150.jpg 150w\" sizes=\"auto, (max-width: 680px) 100vw, 680px\" \/><\/a><\/figure>\n<\/figure>\n\n\n<div class=\"wp-block-image\">\n<figure class=\"aligncenter size-large is-resized\"><a href=\"https:\/\/redsemlac.com\/semmexico\/wp-content\/uploads\/2024\/12\/juana-Aguilar-Espinosa.jpg\"><img loading=\"lazy\" decoding=\"async\" width=\"778\" height=\"1024\" src=\"https:\/\/redsemlac.com\/semmexico\/wp-content\/uploads\/2024\/12\/juana-Aguilar-Espinosa-778x1024.jpg\" alt=\"\" class=\"wp-image-91292\" style=\"width:401px;height:auto\" srcset=\"https:\/\/redsemlac.com\/semmexico\/wp-content\/uploads\/2024\/12\/juana-Aguilar-Espinosa-778x1024.jpg 778w, https:\/\/redsemlac.com\/semmexico\/wp-content\/uploads\/2024\/12\/juana-Aguilar-Espinosa-228x300.jpg 228w, https:\/\/redsemlac.com\/semmexico\/wp-content\/uploads\/2024\/12\/juana-Aguilar-Espinosa-768x1011.jpg 768w, https:\/\/redsemlac.com\/semmexico\/wp-content\/uploads\/2024\/12\/juana-Aguilar-Espinosa-1166x1536.jpg 1166w, https:\/\/redsemlac.com\/semmexico\/wp-content\/uploads\/2024\/12\/juana-Aguilar-Espinosa-150x198.jpg 150w, https:\/\/redsemlac.com\/semmexico\/wp-content\/uploads\/2024\/12\/juana-Aguilar-Espinosa-300x395.jpg 300w, https:\/\/redsemlac.com\/semmexico\/wp-content\/uploads\/2024\/12\/juana-Aguilar-Espinosa-696x917.jpg 696w, https:\/\/redsemlac.com\/semmexico\/wp-content\/uploads\/2024\/12\/juana-Aguilar-Espinosa-1068x1407.jpg 1068w, https:\/\/redsemlac.com\/semmexico\/wp-content\/uploads\/2024\/12\/juana-Aguilar-Espinosa.jpg 1555w\" sizes=\"auto, (max-width: 778px) 100vw, 778px\" \/><\/a><\/figure>\n<\/div>","protected":false},"excerpt":{"rendered":"<p>\u2022 Exdiputadas locales algunas de las funcionarias\u2022 Se crean nuevas instituciones Redacci\u00f3nSemM\u00e9xico, Oaxaca, 23 de diciembre, 2024.- En su conferencia ma\u00f1anera, el gobernador de Oaxaca, Salom\u00f3n Jara Cruz anunci\u00f3 11 cambios en su gabinete legal y ampliado, siete para mujeres y tres para hombres. \u201cNo estamos conformes con lo que hemos logrado\u201d expres\u00f3 el mandatario, [&hellip;]<\/p>\n","protected":false},"author":3,"featured_media":91289,"comment_status":"open","ping_status":"open","sticky":false,"template":"","format":"standard","meta":{"_monsterinsights_skip_tracking":false,"footnotes":""},"categories":[700],"tags":[],"class_list":["post-91288","post","type-post","status-publish","format-standard","has-post-thumbnail","category-estados"],"_links":{"self":[{"href":"https:\/\/redsemlac.com\/semmexico\/wp-json\/wp\/v2\/posts\/91288","targetHints":{"allow":["GET"]}}],"collection":[{"href":"https:\/\/redsemlac.com\/semmexico\/wp-json\/wp\/v2\/posts"}],"about":[{"href":"https:\/\/redsemlac.com\/semmexico\/wp-json\/wp\/v2\/types\/post"}],"author":[{"embeddable":true,"href":"https:\/\/redsemlac.com\/semmexico\/wp-json\/wp\/v2\/users\/3"}],"replies":[{"embeddable":true,"href":"https:\/\/redsemlac.com\/semmexico\/wp-json\/wp\/v2\/comments?post=91288"}],"version-history":[{"count":0,"href":"https:\/\/redsemlac.com\/semmexico\/wp-json\/wp\/v2\/posts\/91288\/revisions"}],"wp:featuredmedia":[{"embeddable":true,"href":"https:\/\/redsemlac.com\/semmexico\/wp-json\/wp\/v2\/media\/91289"}],"wp:attachment":[{"href":"https:\/\/redsemlac.com\/semmexico\/wp-json\/wp\/v2\/media?parent=91288"}],"wp:term":[{"taxonomy":"category","embeddable":true,"href":"https:\/\/redsemlac.com\/semmexico\/wp-json\/wp\/v2\/categories?post=91288"},{"taxonomy":"post_tag","embeddable":true,"href":"https:\/\/redsemlac.com\/semmexico\/wp-json\/wp\/v2\/tags?post=91288"}],"curies":[{"name":"wp","href":"https:\/\/api.w.org\/{rel}","templated":true}]}}