{"id":91278,"date":"2024-12-23T16:00:50","date_gmt":"2024-12-23T22:00:50","guid":{"rendered":"https:\/\/redsemlac.com\/semmexico\/?p=91278"},"modified":"2024-12-23T16:00:51","modified_gmt":"2024-12-23T22:00:51","slug":"cuba-consultas-a-especialistas-marcan-rutas-contra-las-violencias-machistas","status":"publish","type":"post","link":"https:\/\/redsemlac.com\/semmexico\/cuba-consultas-a-especialistas-marcan-rutas-contra-las-violencias-machistas\/","title":{"rendered":"Cuba: Consultas a especialistas marcan rutas contra las violencias machistas"},"content":{"rendered":"\n<ul class=\"wp-block-list\">\n<li>Falta de articulaci\u00f3n entre organizaciones de la sociedad civil y las instituciones<\/li>\n\n\n\n<li>Necesario dise\u00f1ar programas de rehabilitaci\u00f3n y seguimiento<\/li>\n<\/ul>\n\n\n\n<p class=\"wp-block-paragraph\"><br>Sara M\u00e1s<em><br><\/em>SemM\u00e9xico-SEMlac, La Habana, Cuba, 23 de diciembre, 2024.- La&nbsp;<a href=\"https:\/\/www.redsemlac-cuba.net\/redsemlac\/violencia\/activistas-y-expertas-identifican-demandas-de-capacitacion-sobre-violencia\/\" target=\"_blank\" rel=\"noreferrer noopener\">formaci\u00f3n y certificaci\u00f3n del personal<\/a>&nbsp;involucrado en la prevenci\u00f3n y atenci\u00f3n a las violencias de g\u00e9nero fue una urgencia reiterada durante un taller de trabajo el 17 de diciembre, que valor\u00f3 los resultados fundamentales de varias consultas realizadas con actores y profesionales que intervienen en esa ruta de atenci\u00f3n.<\/p>\n\n\n\n<p class=\"wp-block-paragraph\"><br>Convocado por el&nbsp;<a href=\"https:\/\/romerocuba.org\/\" target=\"_blank\" rel=\"noreferrer noopener\">Centro Oscar Arnulfo Romero<\/a>&nbsp;(OAR), el espacio permiti\u00f3 socializar y enriquecer las propuestas derivadas de consultas a operadores del Derecho, personal de la salud, integrantes y equipos colaboradores de la Federaci\u00f3n de Mujeres Cubanas (FMC) y especialistas de otras disciplinas.<br>\u00abNos concentramos en la capacitaci\u00f3n, que ciertamente hace mucha falta, pero tambi\u00e9n debemos avanzar con fuerza en la certificaci\u00f3n y en acciones formativas para la atenci\u00f3n a las violencias de una manera innovadora, como pr\u00e1ctica de entrenamiento\u00bb, sostuvo la soci\u00f3loga&nbsp;<a href=\"https:\/\/directoriogenero.redsemlac-cuba.net\/magela-romero-almodovar-la-habana-1968\/\" target=\"_blank\" rel=\"noreferrer noopener\">Magela Romero Almod\u00f3var<\/a>, profesora de la Universidad de La Habana.<\/p>\n\n\n\n<p class=\"wp-block-paragraph\"><br>Al ampliar esa idea, la psic\u00f3loga B\u00e1rbara Zas, del Centro de Investigaciones Psicol\u00f3gicas y Sociol\u00f3gicas, dijo que se trata de un campo del conocimiento y la pr\u00e1ctica en el que no se puede improvisar; de una capacitaci\u00f3n certificada y dedicada a la asistencia, que debe contar con una supervisi\u00f3n del proceso, como garant\u00eda de calidad y porque se trata de una labor con repercusiones emocionales que deben ser atendidas.<\/p>\n\n\n\n<p class=\"wp-block-paragraph\"><br>Para la tambi\u00e9n psic\u00f3loga&nbsp;<a href=\"https:\/\/directoriogenero.redsemlac-cuba.net\/carla-padron-suarez-la-habana\/\" target=\"_blank\" rel=\"noreferrer noopener\">Carla Padr\u00f3n Su\u00e1rez<\/a>, del Centro Nacional de Educaci\u00f3n Sexual, deben tenerse en cuenta, igualmente, las buenas pr\u00e1cticas de intervenci\u00f3n y protecci\u00f3n al personal especializado que interviene en los casos, de cara incluso a reacciones adversas de los agresores contra esos equipos profesionales.<\/p>\n\n\n\n<p class=\"wp-block-paragraph\"><br>La psic\u00f3loga Beatriz Torres, especialista de OAR, present\u00f3 los principales resultados de las consultas hechas al personal de la salud, que reconoce la falta de articulaci\u00f3n entre organizaciones de la sociedad civil y las instituciones de ese sector, as\u00ed como la escasa capacitaci\u00f3n del personal de los centros comunitarios de salud mental, donde son insuficientes o no est\u00e1n completos los equipos multidisciplinarios.<\/p>\n\n\n\n<p class=\"wp-block-paragraph\"><br>Se constat\u00f3, adem\u00e1s, que faltan recursos materiales y humanos en la mayor\u00eda de estos centros, a veces no hay espacios con suficiente privacidad para recibir a las v\u00edctimas y hablar del problema, as\u00ed como que es realmente complicado incorporar los temas de violencia y g\u00e9nero en las instancias de la comunidad, se\u00f1al\u00f3 Torres.<\/p>\n\n\n\n<p class=\"wp-block-paragraph\"><br>Las personas consultadas abogaron por dise\u00f1ar programas de rehabilitaci\u00f3n y seguimiento, sistematizar la recogida de informaci\u00f3n, evitar la revictimizaci\u00f3n, fortalecer las sinergias y el trabajo con las Casas de Orientaci\u00f3n a la Mujer y la Familia de la FMC, trabajar en la desnaturalizaci\u00f3n de las violencias y crear grupos de ayuda a v\u00edctimas, as\u00ed como servicios para trabajar con los victimarios.<\/p>\n\n\n\n<p class=\"wp-block-paragraph\"><br>Destacaron, igualmente, la importancia de&nbsp;<a href=\"https:\/\/www.redsemlac-cuba.net\/redsemlac\/violencia\/consejerias-para-atender-la-violencia-en-cuba\/\" target=\"_blank\" rel=\"noreferrer noopener\">las consejer\u00edas<\/a>&nbsp;especializadas como una opci\u00f3n que puede ser efectiva y r\u00e1pida, el valor del autocuidado del personal que las integra y la necesidad de homogeneizar el reporte de los casos, entre otras consideraciones.<\/p>\n\n\n\n<p class=\"wp-block-paragraph\"><br>En tanto, juristas y operadores del Derecho reconocieron que se ha producido un cambio favorable en el campo te\u00f3rico, el nuevo escenario jur\u00eddico en general y la normativa penal en particular, a la par que se\u00f1alaron la necesidad de actualizar los instrumentos jur\u00eddicos cubanos respecto a los internacionales, expuso&nbsp;<a href=\"https:\/\/directoriogenero.redsemlac-cuba.net\/tania-de-armas-fonticoba-la-habana-1961\/\" target=\"_blank\" rel=\"noreferrer noopener\">Tania de Armas<\/a>, profesora de Derecho de la Universidad de La Habana.<\/p>\n\n\n\n<p class=\"wp-block-paragraph\"><br>El desconocimiento es una de las limitaciones recurrentes, lo que mella el proceso de acompa\u00f1amiento jur\u00eddico a las v\u00edctimas y su acceso a la justicia, agreg\u00f3 la experta, quien se\u00f1al\u00f3 tambi\u00e9n la necesidad de propiciar la interseccionalidad desde las distintas esferas del Derecho, as\u00ed como la formaci\u00f3n en materia de derechos humanos.<\/p>\n\n\n\n<p class=\"wp-block-paragraph\"><br>Junto a la atenci\u00f3n, se necesita poner \u00e9nfasis en la prevenci\u00f3n, pues la mayor parte de las veces los casos de violencia llegan al \u00e1mbito jur\u00eddico cuando ya se han producido, con consecuencias fatales incluso, y solo queda la opci\u00f3n de aplicar sanciones, sostuvo la profesora.<\/p>\n\n\n\n<p class=\"wp-block-paragraph\"><br>La consulta con activistas de la FMC en las comunidades apunt\u00f3 hacia el trabajo de los equipos propios y de colaboradores de las Casas de Orientaci\u00f3n a la Mujer y la Familia, la necesidad de capacitarlos en t\u00e9cnicas de prevenci\u00f3n y manejo de situaciones de crisis y garantizar un trabajo sostenible.<\/p>\n\n\n\n<p class=\"wp-block-paragraph\"><br>Las sugerencias apuntan, adem\u00e1s, a la sensibilizaci\u00f3n continua como objetivo esencial; no solo para el personal que trabaja directamente con la v\u00edctima, sino tambi\u00e9n para los directivos y otras personas que trabajan y colaboran en esos espacios, valor\u00f3 Mar\u00eda Victoria Castaneda, de la direcci\u00f3n de la FMC en La Habana.<\/p>\n\n\n\n<p class=\"wp-block-paragraph\"><br>Elaborada ya la propuesta de una&nbsp;<a href=\"https:\/\/www.redsemlac-cuba.net\/redsemlac\/violencia\/guia-de-servicios-integrales-propone-respuestas-a-las-violencias-de-genero\/\" target=\"_blank\" rel=\"noreferrer noopener\">gu\u00eda para la respuesta integral e integrada<\/a>&nbsp;a la violencia de g\u00e9nero, toca ahora trabajar en su implementaci\u00f3n, coment\u00f3 la soci\u00f3loga&nbsp;<a href=\"https:\/\/directoriogenero.redsemlac-cuba.net\/iyamira-hernandez-pita-la-habana-1971\/\" target=\"_blank\" rel=\"noreferrer noopener\">Iyamira Hern\u00e1ndez Pita<\/a>, integrante del grupo asesor de la FMC para estos temas.<\/p>\n\n\n\n<p class=\"wp-block-paragraph\"><br>\u00abEl objetivo es poder brindar una atenci\u00f3n que sea no solamente oportuna, sino que sea inmediata y que abarque desde el apoyo, la informaci\u00f3n, la orientaci\u00f3n, la protecci\u00f3n y el acompa\u00f1amiento, hasta la recuperaci\u00f3n ante episodios violentos\u00bb, sostuvo.<\/p>\n\n\n\n<p class=\"wp-block-paragraph\"><br>Estamos frente a una problem\u00e1tica en la cual los elementos de la subjetividad, la cultura y la educaci\u00f3n que se necesita transformar tienen un peso extraordinario, pero no son los \u00fanicos, reflexion\u00f3 Mar\u00eda del Carmen Zabala, profesora e investigadora de la Facultad Latinoamericana de Ciencias Sociales (Flacso).<\/p>\n\n\n\n<p class=\"wp-block-paragraph\"><br>En tal sentido, se refiri\u00f3 a la carencia de viviendas o espacios seguros para las v\u00edctimas, que a veces deben continuar conviviendo con sus victimarios durante determinados per\u00edodos de tiempo, sin que exista otra alternativa, y tambi\u00e9n aludi\u00f3 a la necesidad de modificar situaciones estructurales que limitan el empleo laboral y la autonom\u00eda econ\u00f3mica de las mujeres.<\/p>\n\n\n\n<p class=\"wp-block-paragraph\"><br>Desde una mirada interseccional, Zabala abog\u00f3 por tener en cuenta las diversas dimensiones que tambi\u00e9n forman parte de los sistemas de dominaci\u00f3n y que est\u00e1n marcando las vulnerabilidades y discriminaciones incluso extremas, como es el caso de la condici\u00f3n econ\u00f3mica, el&nbsp;<a href=\"https:\/\/www.redsemlac-cuba.net\/redsemlac\/sociedad-y-cultura\/genero-y-color-de-la-piel-cuando-las-violencias-se-multiplican\/\" target=\"_blank\" rel=\"noreferrer noopener\">color de la piel<\/a>&nbsp;y la residencia en&nbsp;<a href=\"https:\/\/www.redsemlac-cuba.net\/redsemlac\/violencia\/comunidades-rurales-violencias-de-puertas-afuera\/\" target=\"_blank\" rel=\"noreferrer noopener\">zonas rurales<\/a>, entre otras que refuerzan la discriminaci\u00f3n y las violencias.<\/p>\n\n\n\n<p class=\"wp-block-paragraph\"><br>Mayra D\u00edaz, coordinadora nacional de las Consejer\u00edas de la FMC, habl\u00f3 sobre la importancia de dar seguimiento a los casos, lograr que m\u00e1s instituciones y personas se identifiquen, articulen e incorporen a esa atenci\u00f3n en el espacio local y llam\u00f3 a ampliar la mirada m\u00e1s all\u00e1 de las familias y grupos vulnerables. La violencia de g\u00e9nero est\u00e1 presente en cualquier parte y ahora se ha visibilizado m\u00e1s, pero debemos seguir trabajarlo en entenderla y atenderla, se\u00f1al\u00f3.<\/p>\n\n\n\n<p class=\"wp-block-paragraph\"><br>Otras ideas expresadas durante el taller apuntan al reto que representa el trabajo con hombres; la necesidad de obtener datos y reportes estad\u00edsticos uniformes y acordes a los par\u00e1metros internacionales; as\u00ed como contemplar entre las violencias de g\u00e9nero y su atenci\u00f3n las que viven&nbsp;<a href=\"https:\/\/www.redsemlac-cuba.net\/redsemlac\/violencia\/ck83-noticias\/acoso-sexual-a-mujeres-lesbianas-bisexuales-y-trans-denota-doble-violencia\/\" target=\"_blank\" rel=\"noreferrer noopener\">mujeres trans, lesbianas, bisexuales<\/a>&nbsp;y&nbsp;<a href=\"https:\/\/www.redsemlac-cuba.net\/redsemlac\/diversidad-sexual\/infancia-adolescencia-derechos-humanos-y-cuerpos-intersexuales\/\" target=\"_blank\" rel=\"noreferrer noopener\">personas intersexuales<\/a>, junto a otros desaf\u00edos.<\/p>\n\n\n\n<p class=\"wp-block-paragraph\"><br>Este taller, resumen de varias consultas, es una de las acciones impulsadas desde el proyecto&nbsp;<a href=\"https:\/\/www.redsemlac-cuba.net\/redsemlac\/violencia\/proyectos-impulsan-respuestas-a-la-violencia-de-genero\/\" target=\"_blank\" rel=\"noreferrer noopener\">\u00abHacia una vida libre de violencias para las mujeres y ni\u00f1as en Cuba\u00bb<\/a>, coordinado por la organizaci\u00f3n sueca Diakonia, en alianza con OAR y el&nbsp;<a href=\"https:\/\/d.docs.live.net\/dd48541a0c15b0fa\/Documents\/descargas\/Centro%20Cristiano%20de%20Reflexi%F3n%20y%20Di%E1logo%20de%20C%E1rdenas\" target=\"_blank\" rel=\"noreferrer noopener\">Centro Cristiano de Reflexi\u00f3n y Di\u00e1logo de C\u00e1rdenas<\/a>, que cuenta con fondos de la Uni\u00f3n Europea y la participaci\u00f3n de otras organizaciones de la sociedad civil, instituciones del Estado y la academia.<\/p>\n\n\n\n<p class=\"wp-block-paragraph\">SEM-SEMlac\/sm<\/p>\n","protected":false},"excerpt":{"rendered":"<p>Sara M\u00e1sSemM\u00e9xico-SEMlac, La Habana, Cuba, 23 de diciembre, 2024.- La&nbsp;formaci\u00f3n y certificaci\u00f3n del personal&nbsp;involucrado en la prevenci\u00f3n y atenci\u00f3n a las violencias de g\u00e9nero fue una urgencia reiterada durante un taller de trabajo el 17 de diciembre, que valor\u00f3 los resultados fundamentales de varias consultas realizadas con actores y profesionales que intervienen en esa ruta [&hellip;]<\/p>\n","protected":false},"author":3,"featured_media":91279,"comment_status":"open","ping_status":"open","sticky":false,"template":"","format":"standard","meta":{"_monsterinsights_skip_tracking":false,"footnotes":""},"categories":[53],"tags":[],"class_list":["post-91278","post","type-post","status-publish","format-standard","has-post-thumbnail","category-internacional"],"_links":{"self":[{"href":"https:\/\/redsemlac.com\/semmexico\/wp-json\/wp\/v2\/posts\/91278","targetHints":{"allow":["GET"]}}],"collection":[{"href":"https:\/\/redsemlac.com\/semmexico\/wp-json\/wp\/v2\/posts"}],"about":[{"href":"https:\/\/redsemlac.com\/semmexico\/wp-json\/wp\/v2\/types\/post"}],"author":[{"embeddable":true,"href":"https:\/\/redsemlac.com\/semmexico\/wp-json\/wp\/v2\/users\/3"}],"replies":[{"embeddable":true,"href":"https:\/\/redsemlac.com\/semmexico\/wp-json\/wp\/v2\/comments?post=91278"}],"version-history":[{"count":0,"href":"https:\/\/redsemlac.com\/semmexico\/wp-json\/wp\/v2\/posts\/91278\/revisions"}],"wp:featuredmedia":[{"embeddable":true,"href":"https:\/\/redsemlac.com\/semmexico\/wp-json\/wp\/v2\/media\/91279"}],"wp:attachment":[{"href":"https:\/\/redsemlac.com\/semmexico\/wp-json\/wp\/v2\/media?parent=91278"}],"wp:term":[{"taxonomy":"category","embeddable":true,"href":"https:\/\/redsemlac.com\/semmexico\/wp-json\/wp\/v2\/categories?post=91278"},{"taxonomy":"post_tag","embeddable":true,"href":"https:\/\/redsemlac.com\/semmexico\/wp-json\/wp\/v2\/tags?post=91278"}],"curies":[{"name":"wp","href":"https:\/\/api.w.org\/{rel}","templated":true}]}}