{"id":91268,"date":"2024-12-23T15:39:25","date_gmt":"2024-12-23T21:39:25","guid":{"rendered":"https:\/\/redsemlac.com\/semmexico\/?p=91268"},"modified":"2024-12-23T15:39:26","modified_gmt":"2024-12-23T21:39:26","slug":"envejecimiento-saludable-y-activo-reduce-costos-medicos","status":"publish","type":"post","link":"https:\/\/redsemlac.com\/semmexico\/envejecimiento-saludable-y-activo-reduce-costos-medicos\/","title":{"rendered":"Envejecimiento saludable y activo reduce costos m\u00e9dicos"},"content":{"rendered":"\n<p class=\"wp-block-paragraph\"><em>Proyecciones del Consejo Nacional de Poblaci\u00f3n refieren que en 2050 habr\u00e1 26.8 millones de personas en edad avanzada<\/em><\/p>\n\n\n\n<p class=\"wp-block-paragraph\"><em>Este proceso acelerado se debe a la disminuci\u00f3n de la mortalidad y de la fecundidad: Isalia Nava Bola\u00f1os<\/em><\/p>\n\n\n\n<p class=\"wp-block-paragraph\">&nbsp;Redacci\u00f3n<\/p>\n\n\n\n<p class=\"wp-block-paragraph\">Semm\u00e9xico, Cd. de M\u00e9xico,&nbsp; 23 de diciembre, 2024.- En M\u00e9xico el envejecimiento demogr\u00e1fico se presenta de manera acelerada; lo que a los pa\u00edses europeos les llev\u00f3 m\u00e1s de dos siglos, el nuestro lo lograr\u00e1 en menos de cuatro d\u00e9cadas, alert\u00f3 la investigadora del Instituto de Investigaciones Econ\u00f3micas de la UNAM, Isalia Nava Bola\u00f1os.<\/p>\n\n\n\n<p class=\"wp-block-paragraph\">&nbsp;En 1970 la poblaci\u00f3n de 65 y m\u00e1s a\u00f1os apenas representaba 3.7 por ciento del total; en 2000, cinco por ciento; y en 2020, 7.7 por ciento, equivalente a 9.9 millones de personas. Es decir, hay incrementos importantes y ello significa que \u201cdisponemos de menos tiempo, en comparaci\u00f3n de esas naciones, para enfrentar los desaf\u00edos que implica una poblaci\u00f3n envejecida, y consolidar el desarrollo econ\u00f3mico y social, necesario para atender las demandas de esa creciente comunidad\u201d.<\/p>\n\n\n\n<p class=\"wp-block-paragraph\">&nbsp;En las pr\u00f3ximas d\u00e9cadas ese porcentaje aumentar\u00e1: de acuerdo con las proyecciones del Consejo Nacional de Poblaci\u00f3n, en 2050 ser\u00e1 el 18.2 por ciento, lo que equivale a 26.8 millones de personas, detall\u00f3 la doctora en Estudios de Poblaci\u00f3n por El Colegio de M\u00e9xico.<\/p>\n\n\n\n<figure class=\"wp-block-image size-full\"><a href=\"https:\/\/redsemlac.com\/semmexico\/wp-content\/uploads\/2024\/12\/embejecimiento-saludable-02.jpg\"><img loading=\"lazy\" decoding=\"async\" width=\"639\" height=\"988\" src=\"https:\/\/redsemlac.com\/semmexico\/wp-content\/uploads\/2024\/12\/embejecimiento-saludable-02.jpg\" alt=\"\" class=\"wp-image-91269\" srcset=\"https:\/\/redsemlac.com\/semmexico\/wp-content\/uploads\/2024\/12\/embejecimiento-saludable-02.jpg 639w, https:\/\/redsemlac.com\/semmexico\/wp-content\/uploads\/2024\/12\/embejecimiento-saludable-02-194x300.jpg 194w, https:\/\/redsemlac.com\/semmexico\/wp-content\/uploads\/2024\/12\/embejecimiento-saludable-02-150x232.jpg 150w, https:\/\/redsemlac.com\/semmexico\/wp-content\/uploads\/2024\/12\/embejecimiento-saludable-02-300x464.jpg 300w\" sizes=\"auto, (max-width: 639px) 100vw, 639px\" \/><\/a><\/figure>\n\n\n\n<p class=\"wp-block-paragraph\">En entrevista explic\u00f3 que el envejecimiento demogr\u00e1fico se refiere al aumento, en t\u00e9rminos absolutos y porcentuales, de la poblaci\u00f3n en edades avanzadas, y que ser\u00e1 permanente en una sociedad. Dicho fen\u00f3meno es resultado del paso de altas tasas de mortalidad a niveles bajos y controlados, lo cual es posible gracias a las condiciones socioecon\u00f3micas, avances m\u00e9dicos y tecnol\u00f3gicos, expansi\u00f3n de la infraestructura sanitaria, implementaci\u00f3n de medidas de higiene y salud p\u00fablica, etc\u00e9tera. Ese factor se suma al decremento de la fecundidad relacionado con mayores niveles de escolaridad de las mujeres, uso de m\u00e9todos anticonceptivos, entre otros.<\/p>\n\n\n\n<p class=\"wp-block-paragraph\">En el caso de nuestra naci\u00f3n, la reducci\u00f3n r\u00e1pida de ambas variables nos ha llevado a que transitemos, tambi\u00e9n pronto, hacia el envejecimiento de la poblaci\u00f3n. Esto plantea dos desaf\u00edos importantes: la salud y los cuidados de ese sector, en el cual se incrementan las enfermedades cr\u00f3nico-degenerativas y discapacidades, padecimientos que requieren tratamientos cuantiosos y de largo plazo, lo cual eleva el costo para el sistema de salud, abund\u00f3 Nava Bola\u00f1os.<\/p>\n\n\n\n<p class=\"wp-block-paragraph\">Estos elementos implican mayor gasto y presiones fiscales para los gobiernos. Ante ello, sugiri\u00f3, la necesidad de revisar las pol\u00edticas p\u00fablicas y los mecanismos de financiaci\u00f3n p\u00fablica, adem\u00e1s de adaptar los servicios de salud, por ejemplo mediante estrategias como la atenci\u00f3n m\u00e9dica domiciliaria.<\/p>\n\n\n\n<p class=\"wp-block-paragraph\">Nava Bola\u00f1os recalc\u00f3 que tambi\u00e9n hay que considerar las desigualdades entre las personas de edades avanzadas, ya que quienes viven en situaci\u00f3n de vulnerabilidad socioecon\u00f3mica enfrentan una serie de barreras para garantizarse una buena salud.<\/p>\n\n\n\n<p class=\"wp-block-paragraph\">Seg\u00fan cifras de la m\u00e1s reciente Encuesta Nacional de Ingresos y Gastos de los Hogares (ENIGH, 2022), 35 por ciento de ese sector no reporta alg\u00fan desembolso en salud; sin embargo, \u201ces necesario contar con informaci\u00f3n espec\u00edfica para identificar si esto se debe a la incapacidad econ\u00f3mica para cubrir estos gastos o porque en ese momento no se requer\u00eda\u201d.<\/p>\n\n\n\n<p class=\"wp-block-paragraph\">Estudios de tipo cualitativo donde se revisan las caracter\u00edsticas de los hogares que no realizan ese pago, muestran que varios de estos se encuentran en situaci\u00f3n de pobreza o que desarrollan una actividad informal, por lo que carecen de acceso a los servicios de salud, y tampoco se atienden.&nbsp;<\/p>\n\n\n\n<p class=\"wp-block-paragraph\">La mayor\u00eda de los que s\u00ed gastan, no lo hacen como deber\u00edan; se acercan a m\u00e9dicos sin especializaci\u00f3n o emplean remedios. Reportan desembolsos bajos, y as\u00ed tratan de mitigar el dolor o de solventar su padecimiento en el corto plazo, precis\u00f3.&nbsp;<\/p>\n\n\n\n<p class=\"wp-block-paragraph\">En el caso de la que s\u00ed paga, de acuerdo con la ENIGH, el promedio mensual invertido es de 165 pesos al mes. Pero en hogares con personas en edades avanzadas aumenta hasta 256 pesos.&nbsp;<\/p>\n\n\n\n<p class=\"wp-block-paragraph\">Datos de la Encuesta Nacional de Empleo y Seguridad Social (ENESS 2017) indican que 17.2 por ciento del total de la poblaci\u00f3n no cuenta con afiliaci\u00f3n o derecho a servicios m\u00e9dicos; ante una enfermedad, recurre a ingresos propios para atenderse.&nbsp;<\/p>\n\n\n\n<p class=\"wp-block-paragraph\">Para reducir esa carga de costos m\u00e9dicos es fundamental promover un envejecimiento saludable y activo, y en el mediano o largo plazo pensar en una baja de precios de algunos medicamentos, as\u00ed como invertir en el rubro de tecnolog\u00eda para atender a las personas en sus domicilios.&nbsp;<\/p>\n\n\n\n<p class=\"wp-block-paragraph\">Tambi\u00e9n se podr\u00eda pensar en seguros de cuidados, m\u00e1s all\u00e1 de aquellos de atenci\u00f3n m\u00e9dica porque se observa que presentan enfermedades cr\u00f3nico-degenerativas que requieren de atenci\u00f3n especializada y prolongada.&nbsp;<\/p>\n\n\n\n<p class=\"wp-block-paragraph\">En la actualidad esos pacientes son atendidos por sus familias. Pero en el futuro, con fen\u00f3menos como la reducci\u00f3n de la fecundidad y la migraci\u00f3n, es cada vez menos probable que un hijo o hija apoye a las personas de edades avanzadas. De ah\u00ed la relevancia de ese seguro, destac\u00f3.&nbsp;<\/p>\n\n\n\n<p class=\"wp-block-paragraph\">Es importante que, como pa\u00eds, empecemos a \u201ccrear\u201d salud; es momento de preparar a las pr\u00f3ximas generaciones de personas en edad avanzada con mejores condiciones de vida, mediante un enfoque de prevenci\u00f3n que nos ayudar\u00e1 a disminuir los costos de asistir a alguien con diabetes, hipertensi\u00f3n, entre otros padecimientos.&nbsp;<\/p>\n\n\n\n<p class=\"wp-block-paragraph\">En la medida en que la sociedad cuente con pensiones adecuadas, ingresos suficientes y seguridad econ\u00f3mica, podr\u00e1 atenderse y cuidarse adecuadamente, argument\u00f3 Nava Bola\u00f1os.<\/p>\n","protected":false},"excerpt":{"rendered":"<p>Proyecciones del Consejo Nacional de Poblaci\u00f3n refieren que en 2050 habr\u00e1 26.8 millones de personas en edad avanzada Este proceso acelerado se debe a la disminuci\u00f3n de la mortalidad y de la fecundidad: Isalia Nava Bola\u00f1os &nbsp;Redacci\u00f3n Semm\u00e9xico, Cd. de M\u00e9xico,&nbsp; 23 de diciembre, 2024.- En M\u00e9xico el envejecimiento demogr\u00e1fico se presenta de manera acelerada; [&hellip;]<\/p>\n","protected":false},"author":3,"featured_media":91270,"comment_status":"open","ping_status":"open","sticky":false,"template":"","format":"standard","meta":{"_monsterinsights_skip_tracking":false,"footnotes":""},"categories":[748],"tags":[],"class_list":["post-91268","post","type-post","status-publish","format-standard","has-post-thumbnail","category-cultura-feminista"],"_links":{"self":[{"href":"https:\/\/redsemlac.com\/semmexico\/wp-json\/wp\/v2\/posts\/91268","targetHints":{"allow":["GET"]}}],"collection":[{"href":"https:\/\/redsemlac.com\/semmexico\/wp-json\/wp\/v2\/posts"}],"about":[{"href":"https:\/\/redsemlac.com\/semmexico\/wp-json\/wp\/v2\/types\/post"}],"author":[{"embeddable":true,"href":"https:\/\/redsemlac.com\/semmexico\/wp-json\/wp\/v2\/users\/3"}],"replies":[{"embeddable":true,"href":"https:\/\/redsemlac.com\/semmexico\/wp-json\/wp\/v2\/comments?post=91268"}],"version-history":[{"count":0,"href":"https:\/\/redsemlac.com\/semmexico\/wp-json\/wp\/v2\/posts\/91268\/revisions"}],"wp:featuredmedia":[{"embeddable":true,"href":"https:\/\/redsemlac.com\/semmexico\/wp-json\/wp\/v2\/media\/91270"}],"wp:attachment":[{"href":"https:\/\/redsemlac.com\/semmexico\/wp-json\/wp\/v2\/media?parent=91268"}],"wp:term":[{"taxonomy":"category","embeddable":true,"href":"https:\/\/redsemlac.com\/semmexico\/wp-json\/wp\/v2\/categories?post=91268"},{"taxonomy":"post_tag","embeddable":true,"href":"https:\/\/redsemlac.com\/semmexico\/wp-json\/wp\/v2\/tags?post=91268"}],"curies":[{"name":"wp","href":"https:\/\/api.w.org\/{rel}","templated":true}]}}