{"id":91265,"date":"2024-12-23T13:39:12","date_gmt":"2024-12-23T19:39:12","guid":{"rendered":"https:\/\/redsemlac.com\/semmexico\/?p=91265"},"modified":"2024-12-23T13:39:12","modified_gmt":"2024-12-23T19:39:12","slug":"gran-ano-para-janett-alegria","status":"publish","type":"post","link":"https:\/\/redsemlac.com\/semmexico\/gran-ano-para-janett-alegria\/","title":{"rendered":"Gran a\u00f1o para Janett Alegr\u00eda"},"content":{"rendered":"\n<p class=\"wp-block-paragraph\">La taekwondo\u00edn fue un pilar para la selecci\u00f3n mexicana en los Juegos Paral\u00edmpicos de Par\u00eds<\/p>\n\n\n\n<p class=\"wp-block-paragraph\">Estos resultados motivan a los deportistas &nbsp;que se visualizan en Los \u00c1ngeles 2028&nbsp;\/&nbsp;Foto: Cortes\u00eda \/ Federaci\u00f3n Mexicana de Taekwondo<\/p>\n\n\n\n<p class=\"wp-block-paragraph\">X\u00f3chitl Guerrero<\/p>\n\n\n\n<p class=\"wp-block-paragraph\">SemM\u00e9xico\/El Esto, Cd. de M\u00e9xico, 23 de diciembre, 2024.- Como entrenadora a cargo de la selecci\u00f3n nacional de Parataekwondo,la sanjuanense Janett Alegr\u00eda tuvo un gran a\u00f1o en el que represent\u00f3 nuevamente a M\u00e9xico en los Juegos Paral\u00edmpicos, esta vez&nbsp;en Par\u00eds 2024, hecho que sum\u00f3 a su exitosa trayectoria y que adem\u00e1s fue merecedora del premio Estatal del Deporte, al&nbsp;igual que su alumno, Iv\u00e1n Torres P\u00e9rez, galardonado como mejor atleta.<\/p>\n\n\n\n<p class=\"wp-block-paragraph\">La taekwondo\u00edn fue un pilar importante en la formaci\u00f3n de los j\u00f3venes,&nbsp;<strong>Juan Diego<\/strong>, quien logr\u00f3 bronce en la categor\u00eda K44- 70 kil\u00f3gramos, de&nbsp;<strong>Mario N\u00e1jera<\/strong>&nbsp;que consigui\u00f3 plata en la categor\u00eda K44-80 Kg, as\u00ed tambi\u00e9n de&nbsp;<strong>Fernanda Vargas&nbsp;<\/strong>que logr\u00f3 un top cinco&nbsp;en K44 +65 KG y de<strong>&nbsp;Jessica Garc\u00eda y Claudia Romero&nbsp;<\/strong>quienes estuvieron en combate en las categor\u00edas K-44-47 Kg y K44-52 Kg, respectivamente<\/p>\n\n\n\n<p class=\"wp-block-paragraph\">A destacar tambi\u00e9n en la&nbsp;<strong>Copa Presidente de Asia en Tahrein, Ir\u00e1n<\/strong>, donde consiguieron el trofeo como mejor equipo de Fair Play, m\u00e1s cinco medallas de bronce.<\/p>\n\n\n\n<p class=\"wp-block-paragraph\">Los mismo en el&nbsp;<strong>Grand Prix&nbsp;de Manchester y ParaPanamericanos de Santiago de Chile<\/strong>, donde se lograron las plazas para Paral\u00edmpicos de Par\u00eds 2024, por la v\u00eda del ranking. En 2021, Janett Alegr\u00eda recibi\u00f3 el premio Nacional del Deporte, por su aporte y resultados deportivos.<\/p>\n\n\n\n<p class=\"wp-block-paragraph\">En cambio parataekwono\u00edn, Iv\u00e1n Torres fue ganador por sus&nbsp;<strong>grandes resultados para M\u00e9xico<\/strong>, por su evoluci\u00f3n en esta disciplina a nivel mundial, campe\u00f3n en los Juegos Panamericanos en Santiago de Chile.<\/p>\n\n\n\n<p class=\"wp-block-paragraph\">Estos resultados motivan a los deportistas quienes&nbsp;<strong>est\u00e1n trabajando en San Juan del R\u00edo&nbsp;<\/strong>con nuevos talentos en parataekwondo, todo esto de cara a Los \u00c1ngeles 2028.<\/p>\n\n\n\n<p class=\"wp-block-paragraph\"><\/p>\n","protected":false},"excerpt":{"rendered":"<p>La taekwondo\u00edn fue un pilar para la selecci\u00f3n mexicana en los Juegos Paral\u00edmpicos de Par\u00eds Estos resultados motivan a los deportistas &nbsp;que se visualizan en Los \u00c1ngeles 2028&nbsp;\/&nbsp;Foto: Cortes\u00eda \/ Federaci\u00f3n Mexicana de Taekwondo X\u00f3chitl Guerrero SemM\u00e9xico\/El Esto, Cd. de M\u00e9xico, 23 de diciembre, 2024.- Como entrenadora a cargo de la selecci\u00f3n nacional de Parataekwondo,la [&hellip;]<\/p>\n","protected":false},"author":3,"featured_media":91266,"comment_status":"open","ping_status":"open","sticky":false,"template":"","format":"standard","meta":{"_monsterinsights_skip_tracking":false,"footnotes":""},"categories":[206],"tags":[],"class_list":["post-91265","post","type-post","status-publish","format-standard","has-post-thumbnail","category-entrevistas"],"_links":{"self":[{"href":"https:\/\/redsemlac.com\/semmexico\/wp-json\/wp\/v2\/posts\/91265","targetHints":{"allow":["GET"]}}],"collection":[{"href":"https:\/\/redsemlac.com\/semmexico\/wp-json\/wp\/v2\/posts"}],"about":[{"href":"https:\/\/redsemlac.com\/semmexico\/wp-json\/wp\/v2\/types\/post"}],"author":[{"embeddable":true,"href":"https:\/\/redsemlac.com\/semmexico\/wp-json\/wp\/v2\/users\/3"}],"replies":[{"embeddable":true,"href":"https:\/\/redsemlac.com\/semmexico\/wp-json\/wp\/v2\/comments?post=91265"}],"version-history":[{"count":0,"href":"https:\/\/redsemlac.com\/semmexico\/wp-json\/wp\/v2\/posts\/91265\/revisions"}],"wp:featuredmedia":[{"embeddable":true,"href":"https:\/\/redsemlac.com\/semmexico\/wp-json\/wp\/v2\/media\/91266"}],"wp:attachment":[{"href":"https:\/\/redsemlac.com\/semmexico\/wp-json\/wp\/v2\/media?parent=91265"}],"wp:term":[{"taxonomy":"category","embeddable":true,"href":"https:\/\/redsemlac.com\/semmexico\/wp-json\/wp\/v2\/categories?post=91265"},{"taxonomy":"post_tag","embeddable":true,"href":"https:\/\/redsemlac.com\/semmexico\/wp-json\/wp\/v2\/tags?post=91265"}],"curies":[{"name":"wp","href":"https:\/\/api.w.org\/{rel}","templated":true}]}}