{"id":91250,"date":"2024-12-22T14:07:24","date_gmt":"2024-12-22T20:07:24","guid":{"rendered":"https:\/\/redsemlac.com\/semmexico\/?p=91250"},"modified":"2024-12-22T14:07:25","modified_gmt":"2024-12-22T20:07:25","slug":"tres-decadas-de-participacion-permanente-de-la-unamen-vigilancia-de-don-goyo","status":"publish","type":"post","link":"https:\/\/redsemlac.com\/semmexico\/tres-decadas-de-participacion-permanente-de-la-unamen-vigilancia-de-don-goyo\/","title":{"rendered":"Tres d\u00e9cadas de participaci\u00f3n permanente de la UNAMen vigilancia de \u201cDon Goyo\u201d"},"content":{"rendered":"\n<p class=\"wp-block-paragraph\"><strong><em>Ana Lillian Martin del Pozzo, Claus Siebe y Carlos Vald\u00e9s Gonz\u00e1lez dieron a conocer el comportamiento del coloso, as\u00ed como los trabajos que llevan a cabo cient\u00edficos universitarios con diversas instancias<\/em><\/strong><\/p>\n\n\n\n<p class=\"wp-block-paragraph\">&nbsp;Redacci\u00f3n<\/p>\n\n\n\n<p class=\"wp-block-paragraph\">A 30 a\u00f1os de que el Popocat\u00e9petl inici\u00f3 actividad eruptiva (21 diciembre de 1994), m\u00faltiples son los aprendizajes y retos que enfrenta su monitoreo, desde conocer mejor c\u00f3mo funciona su estructura magm\u00e1tica, hasta reconocer la necesidad de implementar nuevas tecnolog\u00edas para detectar los precursores de explosiones y emisiones.<\/p>\n\n\n\n<p class=\"wp-block-paragraph\">Ana Lillian Martin del Pozzo, Carlos Vald\u00e9s Gonz\u00e1lez y Claus Siebe, investigadores del Instituto de Geof\u00edsica de la UNAM, quienes han estudiado a \u201cDon Goyo\u201d desde antes de que hiciera erupci\u00f3n hasta la fecha, explicaron en entrevista que el conocimiento cient\u00edfico ha permitido reaccionar cada vez mejor y trascender administraciones gubernamentales, todo en beneficio de los pobladores de la zona aleda\u00f1a.<\/p>\n\n\n\n<figure class=\"wp-block-image size-full\"><a href=\"https:\/\/redsemlac.com\/semmexico\/wp-content\/uploads\/2024\/12\/tres-decadas-02.jpg\"><img loading=\"lazy\" decoding=\"async\" width=\"684\" height=\"458\" src=\"https:\/\/redsemlac.com\/semmexico\/wp-content\/uploads\/2024\/12\/tres-decadas-02.jpg\" alt=\"\" class=\"wp-image-91253\" srcset=\"https:\/\/redsemlac.com\/semmexico\/wp-content\/uploads\/2024\/12\/tres-decadas-02.jpg 684w, https:\/\/redsemlac.com\/semmexico\/wp-content\/uploads\/2024\/12\/tres-decadas-02-300x201.jpg 300w, https:\/\/redsemlac.com\/semmexico\/wp-content\/uploads\/2024\/12\/tres-decadas-02-150x100.jpg 150w\" sizes=\"auto, (max-width: 684px) 100vw, 684px\" \/><\/a><\/figure>\n\n\n\n<figure class=\"wp-block-image size-large\"><a href=\"https:\/\/redsemlac.com\/semmexico\/wp-content\/uploads\/2024\/12\/tres-decadas-03-scaled.jpg\"><img loading=\"lazy\" decoding=\"async\" width=\"1024\" height=\"720\" src=\"https:\/\/redsemlac.com\/semmexico\/wp-content\/uploads\/2024\/12\/tres-decadas-03-1024x720.jpg\" alt=\"\" class=\"wp-image-91252\" srcset=\"https:\/\/redsemlac.com\/semmexico\/wp-content\/uploads\/2024\/12\/tres-decadas-03-1024x720.jpg 1024w, https:\/\/redsemlac.com\/semmexico\/wp-content\/uploads\/2024\/12\/tres-decadas-03-300x211.jpg 300w, https:\/\/redsemlac.com\/semmexico\/wp-content\/uploads\/2024\/12\/tres-decadas-03-768x540.jpg 768w, https:\/\/redsemlac.com\/semmexico\/wp-content\/uploads\/2024\/12\/tres-decadas-03-1536x1080.jpg 1536w, https:\/\/redsemlac.com\/semmexico\/wp-content\/uploads\/2024\/12\/tres-decadas-03-2048x1440.jpg 2048w, https:\/\/redsemlac.com\/semmexico\/wp-content\/uploads\/2024\/12\/tres-decadas-03-150x105.jpg 150w, https:\/\/redsemlac.com\/semmexico\/wp-content\/uploads\/2024\/12\/tres-decadas-03-696x489.jpg 696w, https:\/\/redsemlac.com\/semmexico\/wp-content\/uploads\/2024\/12\/tres-decadas-03-1068x751.jpg 1068w, https:\/\/redsemlac.com\/semmexico\/wp-content\/uploads\/2024\/12\/tres-decadas-03-1920x1350.jpg 1920w\" sizes=\"auto, (max-width: 1024px) 100vw, 1024px\" \/><\/a><\/figure>\n\n\n\n<p class=\"wp-block-paragraph\">Martin del Pozzo record\u00f3 que la erupci\u00f3n del Chich\u00f3n, en Chiapas, en 1982, le hizo pensar que era urgente elaborar mapas de peligros cerca de estos colosos, por lo que junto con su equipo elaboraron uno para el de Colima. Posteriormente iniciaron los trabajos en el Popocat\u00e9petl. Con apoyo deestudiantes de la Benem\u00e9rita Universidad Aut\u00f3noma de Puebla y la Facultad de Ingenier\u00eda de la UNAM tambi\u00e9n revisaron la sismicidad, los manantiales y la deformaci\u00f3n para saber el estado del volc\u00e1n.<\/p>\n\n\n\n<figure class=\"wp-block-image size-large\"><a href=\"https:\/\/redsemlac.com\/semmexico\/wp-content\/uploads\/2024\/12\/tres-decadas-04-scaled.jpg\"><img loading=\"lazy\" decoding=\"async\" width=\"1024\" height=\"683\" src=\"https:\/\/redsemlac.com\/semmexico\/wp-content\/uploads\/2024\/12\/tres-decadas-04-1024x683.jpg\" alt=\"\" class=\"wp-image-91251\" srcset=\"https:\/\/redsemlac.com\/semmexico\/wp-content\/uploads\/2024\/12\/tres-decadas-04-1024x683.jpg 1024w, https:\/\/redsemlac.com\/semmexico\/wp-content\/uploads\/2024\/12\/tres-decadas-04-300x200.jpg 300w, https:\/\/redsemlac.com\/semmexico\/wp-content\/uploads\/2024\/12\/tres-decadas-04-768x512.jpg 768w, https:\/\/redsemlac.com\/semmexico\/wp-content\/uploads\/2024\/12\/tres-decadas-04-1536x1024.jpg 1536w, https:\/\/redsemlac.com\/semmexico\/wp-content\/uploads\/2024\/12\/tres-decadas-04-2048x1365.jpg 2048w, https:\/\/redsemlac.com\/semmexico\/wp-content\/uploads\/2024\/12\/tres-decadas-04-150x100.jpg 150w, https:\/\/redsemlac.com\/semmexico\/wp-content\/uploads\/2024\/12\/tres-decadas-04-696x464.jpg 696w, https:\/\/redsemlac.com\/semmexico\/wp-content\/uploads\/2024\/12\/tres-decadas-04-1068x712.jpg 1068w, https:\/\/redsemlac.com\/semmexico\/wp-content\/uploads\/2024\/12\/tres-decadas-04-1920x1280.jpg 1920w\" sizes=\"auto, (max-width: 1024px) 100vw, 1024px\" \/><\/a><\/figure>\n\n\n\n<p class=\"wp-block-paragraph\">De hecho, en octubre de 1994 realizamos un monitoreo de la sismicidad y vimos que los par\u00e1metros hab\u00edan bajado, pero el 21 de diciembre empez\u00f3 la erupci\u00f3n. A partir de ah\u00ed hicimos muestreo de la ceniza, la cual llegaba hasta Tlaxcala, Puebla, y comenzamos la Red de monitoreo de ceniza y an\u00e1lisis del material que hemos mantenido por 30 a\u00f1os. &nbsp;<\/p>\n\n\n\n<p class=\"wp-block-paragraph\">La investigadora, quien particip\u00f3 en la elaboraci\u00f3n del mapa de peligros que fuera presentado en 1995, y lider\u00f3 su posterior actualizaci\u00f3n, rememor\u00f3 que cuando empez\u00f3 la erupci\u00f3n fueron a hablar con el entonces presidente de M\u00e9xico, Ernesto Zedillo, quien les pregunt\u00f3 que cu\u00e1nto cre\u00edan que durar\u00eda la actividad, por lo que se le explic\u00f3 que la previa a inicios del siglo XX dur\u00f3 dos a\u00f1os, pero en el siglo XVI tard\u00f3 varias d\u00e9cadas y prueba de que no existe una sola respuesta a la pregunta, es que se est\u00e1n cumpliendo tres d\u00e9cadas de este proceso.&nbsp;<\/p>\n\n\n\n<p class=\"wp-block-paragraph\">A lo largo de este tiempo, hay varias ocasiones en las que han pensado que el coloso se callar\u00e1, pero ha resurgido. Ejemplo de ello es en 2019 cuando la actividad se redujo y luego con el procesamiento de la se\u00f1al magn\u00e9tica se pudo ver que el material se estaba estancando; en junio de ese a\u00f1o se volvieron a presentar grandes columnas de ceniza.&nbsp;<\/p>\n\n\n\n<p class=\"wp-block-paragraph\">Martin del Pozzo coment\u00f3 que en 2023 le otorgaron el Premio de Ciencias del Congreso de la Ciudad por estas redes que ha mantenido por tres d\u00e9cadas. Entre los trabajos de investigaci\u00f3n en los que la experta del departamento de Vulcanolog\u00eda ha participado est\u00e1n el monitoreo de los cambios en la ceniza, su origen, efectos en la salud humana; adem\u00e1s de la labor constante con las comunidades en materia de educaci\u00f3n, para que se cuiden e intervengan.&nbsp;<\/p>\n\n\n\n<p class=\"wp-block-paragraph\">Antes cre\u00eda que \u201cDon Goyo\u201d ten\u00eda solo una gran c\u00e1mara magm\u00e1tica, pero debido a las diferencias en el material emitido hoy se sabe que en realidad tiene varias peque\u00f1as c\u00e1maras, en diferentes niveles de profundidad, las cuales poco a poco salen a la superficie.&nbsp;<\/p>\n\n\n\n<p class=\"wp-block-paragraph\">A su vez, Claus Siebe, investigador del Departamento de Vulcanolog\u00eda, manifest\u00f3 que a partir de una serie de observaciones y primeras mediciones de di\u00f3xido de azufre (SO<sub>2<\/sub>) mediante un expectr\u00f3metro de correlaci\u00f3n realizadas a principios de 1994 en el Popocat\u00e9petl, buscaron apoyo en el Centro Nacional de Prevenci\u00f3n de Desastres (CENAPRED), y el exrector de la UNAM, Jorge Carpizo MacGregor, en aquel momento secretario de Gobernaci\u00f3n, autoriz\u00f3 el financiamiento de mediciones adicionales, mismas que fueron cruciales para diagnosticar la reactivaci\u00f3n del sistema magm\u00e1tico del volc\u00e1n, previo a su erupci\u00f3n en diciembre de 1994.&nbsp;<\/p>\n\n\n\n<p class=\"wp-block-paragraph\">Se hizo una gran labor en poco tiempo y estuvieron a disposici\u00f3n los medios financieros suficientes, hubo un gran avance en un periodo corto, asever\u00f3.&nbsp;<\/p>\n\n\n\n<p class=\"wp-block-paragraph\">En este contexto, puntualiz\u00f3 que uno de los hallazgos que m\u00e1s le llam\u00f3 la atenci\u00f3n fue el descubrimiento de aldeas de hace 2 mil a\u00f1os sepultadas bajo m\u00e1s de un metro de piedra p\u00f3mez y ceniza, en la ladera oriental del lado de Puebla, lo que demuestra la magnitud de las erupciones, zonas que hoy han sido repobladas por una sencilla raz\u00f3n: las tierras son f\u00e9rtiles.&nbsp;<\/p>\n\n\n\n<p class=\"wp-block-paragraph\">Respecto al tiempo de actividad de \u201cDon Goyo\u201d, el experto consider\u00f3 que si bien la actividad ha sido baja de magnitud durante los \u00faltimos 30 a\u00f1os, no hay garant\u00eda de que siga as\u00ed; puede disminuir por completo o al contrario, aumentar dr\u00e1sticamente, por lo que tambi\u00e9n se enfrenta el reto de que la gente se ha \u201cacostumbrado\u201d al bajo nivel, lo cual es un problema con las&nbsp;<em>fake news.&nbsp;<\/em>En un entorno as\u00ed, es dif\u00edcil transmitir mensajes claros y que la poblaci\u00f3n vea que es un asunto que se debe tomar en serio.&nbsp;<\/p>\n\n\n\n<p class=\"wp-block-paragraph\">Para el universitario Carlos Vald\u00e9s, investigador del Departamento de Sismolog\u00eda, el coloso&nbsp;nos recuerda que vivimos en un pa\u00eds volc\u00e1nicamente activo, con m\u00e1s de 2 mil identificados, de los cuales 38 son considerados activos o potencialmente activos.&nbsp;<\/p>\n\n\n\n<p class=\"wp-block-paragraph\">La actividad cient\u00edfica, prosigui\u00f3, ha sido clave para entender lo que hace el volc\u00e1n compar\u00e1ndolo con otros y hacia d\u00f3nde va, pues en un radio de 110 kil\u00f3metros a su alrededor -que abarca Puebla, Estado de M\u00e9xico y Morelos- viven 26 millones de personas.&nbsp;<\/p>\n\n\n\n<p class=\"wp-block-paragraph\">Vald\u00e9s Gonz\u00e1lez expres\u00f3: Desde el reinicio de la actividad estamos esperando que se detenga; pens\u00e1bamos que durar\u00eda diez a\u00f1os, pero han transcurrido 30 y hasta que no haya pasado esa etapa y podamos determinar que ha entrado en etapa de reposo, no podremos decir que ya no hay de qu\u00e9 preocuparse, como para que el sem\u00e1foro regrese a color verde.&nbsp;<\/p>\n\n\n\n<p class=\"wp-block-paragraph\">Entre los avances que se tienen es que se logr\u00f3 generar un reporte diario de la actividad, porque eso nos obliga a ver constantemente las se\u00f1ales.&nbsp;<\/p>\n\n\n\n<p class=\"wp-block-paragraph\">Lo que ha permanecido constante durante estas tres d\u00e9cadas son los investigadores de la UNAM, quienes formamos parte del comit\u00e9 asesor, dijo el universitario.&nbsp;<\/p>\n\n\n\n<p class=\"wp-block-paragraph\">Vald\u00e9s Gonz\u00e1lez se\u00f1al\u00f3: Lo ideal ser\u00eda tener recursos adecuados, pues hay 38 volcanes que deber\u00edan estar bien monitoreados porque en cualquier momento pueden tomarnos por sorpresa.&nbsp;<\/p>\n\n\n\n<p class=\"wp-block-paragraph\">Con \u00e9l coincidieron Martin del Pozzo y Siebe quienes a\u00f1adieron: tambi\u00e9n se requiere mayor vinculaci\u00f3n con la sociedad a todos los niveles para que la gente se haga m\u00e1s part\u00edcipe de lo que est\u00e1 pasando; no bajar la guardia y seguir formando recursos humanos altamente capacitados para actualizar el monitoreo del volc\u00e1n.<\/p>\n","protected":false},"excerpt":{"rendered":"<p>Ana Lillian Martin del Pozzo, Claus Siebe y Carlos Vald\u00e9s Gonz\u00e1lez dieron a conocer el comportamiento del coloso, as\u00ed como los trabajos que llevan a cabo cient\u00edficos universitarios con diversas instancias &nbsp;Redacci\u00f3n A 30 a\u00f1os de que el Popocat\u00e9petl inici\u00f3 actividad eruptiva (21 diciembre de 1994), m\u00faltiples son los aprendizajes y retos que enfrenta su [&hellip;]<\/p>\n","protected":false},"author":3,"featured_media":91254,"comment_status":"open","ping_status":"open","sticky":false,"template":"","format":"standard","meta":{"_monsterinsights_skip_tracking":false,"footnotes":""},"categories":[682],"tags":[],"class_list":["post-91250","post","type-post","status-publish","format-standard","has-post-thumbnail","category-noticias"],"_links":{"self":[{"href":"https:\/\/redsemlac.com\/semmexico\/wp-json\/wp\/v2\/posts\/91250","targetHints":{"allow":["GET"]}}],"collection":[{"href":"https:\/\/redsemlac.com\/semmexico\/wp-json\/wp\/v2\/posts"}],"about":[{"href":"https:\/\/redsemlac.com\/semmexico\/wp-json\/wp\/v2\/types\/post"}],"author":[{"embeddable":true,"href":"https:\/\/redsemlac.com\/semmexico\/wp-json\/wp\/v2\/users\/3"}],"replies":[{"embeddable":true,"href":"https:\/\/redsemlac.com\/semmexico\/wp-json\/wp\/v2\/comments?post=91250"}],"version-history":[{"count":0,"href":"https:\/\/redsemlac.com\/semmexico\/wp-json\/wp\/v2\/posts\/91250\/revisions"}],"wp:featuredmedia":[{"embeddable":true,"href":"https:\/\/redsemlac.com\/semmexico\/wp-json\/wp\/v2\/media\/91254"}],"wp:attachment":[{"href":"https:\/\/redsemlac.com\/semmexico\/wp-json\/wp\/v2\/media?parent=91250"}],"wp:term":[{"taxonomy":"category","embeddable":true,"href":"https:\/\/redsemlac.com\/semmexico\/wp-json\/wp\/v2\/categories?post=91250"},{"taxonomy":"post_tag","embeddable":true,"href":"https:\/\/redsemlac.com\/semmexico\/wp-json\/wp\/v2\/tags?post=91250"}],"curies":[{"name":"wp","href":"https:\/\/api.w.org\/{rel}","templated":true}]}}