{"id":9125,"date":"2019-06-23T00:47:17","date_gmt":"2019-06-23T00:47:17","guid":{"rendered":"https:\/\/redsemlac.com\/semmexico\/?p=9125"},"modified":"2023-07-21T14:49:41","modified_gmt":"2023-07-21T19:49:41","slug":"campanas-paritarias-en-las-alcaldias-de-la-ciudad-de-mexico-agenda-politica-de-genero-desafios-y-contrastes","status":"publish","type":"post","link":"https:\/\/redsemlac.com\/semmexico\/campanas-paritarias-en-las-alcaldias-de-la-ciudad-de-mexico-agenda-politica-de-genero-desafios-y-contrastes\/","title":{"rendered":"Campa\u00f1as paritarias en las alcald\u00edas de la Ciudad de M\u00e9xico: agenda pol\u00edtica de g\u00e9nero, desaf\u00edos y contrastes"},"content":{"rendered":"\n<p class=\"wp-block-paragraph\"><strong><em>Trabajo etnogr\u00e1fico durante el proceso electoral de 2017-2018 <\/em><\/strong><\/p>\n\n\n\n<div class=\"wp-block-button\"><a class=\"wp-block-button__link has-text-color has-very-light-gray-color has-background has-luminous-vivid-orange-background-color\" href=\"https:\/\/redsemlac.com\/semmexico\/wp-content\/uploads\/2019\/06\/378-1171-3-PB.pdf\">Descargar Documento<\/a><\/div>\n\n\n\n<p class=\"wp-block-paragraph\">Autora:  <em>Georgina C\u00e1rdenas Acosta<\/em> \/Revista Interdisciplinaria <\/p>\n\n\n\n<p class=\"wp-block-paragraph\"> <em>Centro de Investigaciones y Estudios de G\u00e9nero.<\/em><\/p>\n\n\n\n<p class=\"wp-block-paragraph\"> Se revisaron plataformas electorales de los partidos pol\u00edticos; se identificaron las propuestas de campa\u00f1a referidas a temas de g\u00e9nero o mujeres subidas a la iniciativa Voto Informado; y se aplicaron cuestionarios a las y los candidatos. <\/p>\n\n\n\n<p class=\"wp-block-paragraph\">S\u00f3lo 7% de los programas pol\u00edticos menciona algo relacionado con la palabra g\u00e9nero o mujeres. <\/p>\n\n\n\n<p class=\"wp-block-paragraph\">Este art\u00edculo hace hincapi\u00e9, adem\u00e1s, sobre las dificultades en la postulaci\u00f3n y se contrastan las propuestas de campa\u00f1a de los y las candidatas.  <\/p>\n\n\n\n<p class=\"wp-block-paragraph\">Documento extra\u00eddo:  <br><a href=\"https:\/\/estudiosdegenero.colmex.mx\/index.php\/eg\/article\/view\/378\/pdf?fbclid=IwAR3pfJTGGmL6nA_8iQl4AOEO65487Vl3p4ZSabL8VDoQqLHf5_9VjhsO0HY\">https:\/\/estudiosdegenero.colmex.mx\/index.php\/eg\/article\/view\/378\/pdf?fbclid=IwAR3pfJTGGmL6nA_8iQl4AOEO65487Vl3p4ZSabL8VDoQqLHf5_9VjhsO0HY<\/a> <\/p>\n","protected":false},"excerpt":{"rendered":"<p>Trabajo etnogr\u00e1fico durante el proceso electoral de 2017-2018 Autora: Georgina C\u00e1rdenas Acosta \/Revista Interdisciplinaria Centro de Investigaciones y Estudios de G\u00e9nero. Se revisaron plataformas electorales de los partidos pol\u00edticos; se identificaron las propuestas de campa\u00f1a referidas a temas de g\u00e9nero o mujeres subidas a la iniciativa Voto Informado; y se aplicaron cuestionarios a las y [&hellip;]<\/p>\n","protected":false},"author":3,"featured_media":9128,"comment_status":"open","ping_status":"open","sticky":false,"template":"","format":"standard","meta":{"_monsterinsights_skip_tracking":false,"footnotes":""},"categories":[690,64],"tags":[],"class_list":["post-9125","post","type-post","status-publish","format-standard","has-post-thumbnail","category-690","category-para-saber"],"_links":{"self":[{"href":"https:\/\/redsemlac.com\/semmexico\/wp-json\/wp\/v2\/posts\/9125","targetHints":{"allow":["GET"]}}],"collection":[{"href":"https:\/\/redsemlac.com\/semmexico\/wp-json\/wp\/v2\/posts"}],"about":[{"href":"https:\/\/redsemlac.com\/semmexico\/wp-json\/wp\/v2\/types\/post"}],"author":[{"embeddable":true,"href":"https:\/\/redsemlac.com\/semmexico\/wp-json\/wp\/v2\/users\/3"}],"replies":[{"embeddable":true,"href":"https:\/\/redsemlac.com\/semmexico\/wp-json\/wp\/v2\/comments?post=9125"}],"version-history":[{"count":0,"href":"https:\/\/redsemlac.com\/semmexico\/wp-json\/wp\/v2\/posts\/9125\/revisions"}],"wp:featuredmedia":[{"embeddable":true,"href":"https:\/\/redsemlac.com\/semmexico\/wp-json\/wp\/v2\/media\/9128"}],"wp:attachment":[{"href":"https:\/\/redsemlac.com\/semmexico\/wp-json\/wp\/v2\/media?parent=9125"}],"wp:term":[{"taxonomy":"category","embeddable":true,"href":"https:\/\/redsemlac.com\/semmexico\/wp-json\/wp\/v2\/categories?post=9125"},{"taxonomy":"post_tag","embeddable":true,"href":"https:\/\/redsemlac.com\/semmexico\/wp-json\/wp\/v2\/tags?post=9125"}],"curies":[{"name":"wp","href":"https:\/\/api.w.org\/{rel}","templated":true}]}}