{"id":91210,"date":"2024-12-20T16:29:39","date_gmt":"2024-12-20T22:29:39","guid":{"rendered":"https:\/\/redsemlac.com\/semmexico\/?p=91210"},"modified":"2024-12-20T16:29:39","modified_gmt":"2024-12-20T22:29:39","slug":"hermelinda-solo-queria-un-bano-y-termino-en-la-fosa-comun","status":"publish","type":"post","link":"https:\/\/redsemlac.com\/semmexico\/hermelinda-solo-queria-un-bano-y-termino-en-la-fosa-comun\/","title":{"rendered":"Hermelinda s\u00f3lo quer\u00eda un ba\u00f1o y termin\u00f3 en la fosa com\u00fan"},"content":{"rendered":"\n<p class=\"wp-block-paragraph\"><strong><\/strong>Hermelinda Vergara falleci\u00f3 el 8 de junio de 2021 tras ser ingresada en el albergue de Atlampa y su cuerpo fue enviado a la fosa com\u00fan del Pante\u00f3n de Dolores&nbsp;\/&nbsp;Ilustraci\u00f3n Daniel Rey y Daniel Gonz\u00e1lez<\/p>\n\n\n\n<p class=\"wp-block-paragraph\">Trabajadores de la CDMX trasladaron a la joven en situaci\u00f3n de calle a un albergue del gobierno, pero no avisaron a su amigos que muri\u00f3 15 d\u00edas despu\u00e9s<\/p>\n\n\n\n<p class=\"wp-block-paragraph\">Dana Estrada<\/p>\n\n\n\n<p class=\"wp-block-paragraph\">SemM\u00e9xico\/ El Sol de M\u00e9xico, 20 de diciembre, 2024.-<strong> E<\/strong>n mayo de 2021,&nbsp;<strong>Hermelinda Vergara<\/strong>, una mujer que viv\u00eda en la calle, quer\u00eda ba\u00f1arse, por lo que acept\u00f3 subir a una camioneta del gobierno local que la trasladar\u00eda a un&nbsp;<strong>albergue<\/strong>&nbsp;administrado por la&nbsp;<strong>Ciudad de M\u00e9xico<\/strong>. &nbsp;<\/p>\n\n\n\n<p class=\"wp-block-paragraph\">Los trabajadores le aseguraron a su pareja, V\u00edctor, que regresar\u00edan a Hermelinda al d\u00eda siguiente a la calle&nbsp;<strong>Art\u00edculo 123<\/strong>, en el Centro Hist\u00f3rico, donde viv\u00eda desde hace casi dos d\u00e9cadas con sus amigos, tambi\u00e9n en&nbsp;<strong>situaci\u00f3n de calle<\/strong>.&nbsp;<\/p>\n\n\n\n<p class=\"wp-block-paragraph\">Pero eso nunca pas\u00f3. La joven muri\u00f3 a los 15 d\u00edas de su ingreso al&nbsp;<strong>Centro de Asistencia e Integraci\u00f3n Socia<\/strong>l (CAIS) Atlampa, ubicado en&nbsp;<strong>Coyoac\u00e1n<\/strong>, por<strong>&nbsp;septicemia<\/strong>, es decir, heridas no cuidadas en el cuerpo.&nbsp;<\/p>\n\n\n\n<p class=\"wp-block-paragraph\">El personal del&nbsp;<strong>albergue<\/strong>&nbsp;nunca inform\u00f3 lo sucedido a los compa\u00f1eros de Hermelinda y tampoco realiz\u00f3 una<strong>&nbsp;b\u00fasqueda<\/strong>&nbsp;solicitada a trav\u00e9s del&nbsp;<strong>Locatel<\/strong>.&nbsp;<\/p>\n\n\n\n<p class=\"wp-block-paragraph\">Luego de su muerte, su cuerpo permaneci\u00f3 en el&nbsp;<strong>Instituto de Ciencias Forenses<\/strong>&nbsp;(Incifo) y esa autoridad lo traslad\u00f3 a la fosa com\u00fan del&nbsp;<strong>Pante\u00f3n Civil de Dolores<\/strong>, en la alcald\u00eda&nbsp;<strong>Miguel Hidalgo<\/strong>.&nbsp;&nbsp;<\/p>\n\n\n\n<figure class=\"wp-block-image size-large\"><a href=\"https:\/\/redsemlac.com\/semmexico\/wp-content\/uploads\/2024\/12\/hermelinda-02.png\"><img loading=\"lazy\" decoding=\"async\" width=\"1024\" height=\"576\" src=\"https:\/\/redsemlac.com\/semmexico\/wp-content\/uploads\/2024\/12\/hermelinda-02-1024x576.png\" alt=\"\" class=\"wp-image-91216\" srcset=\"https:\/\/redsemlac.com\/semmexico\/wp-content\/uploads\/2024\/12\/hermelinda-02-1024x576.png 1024w, https:\/\/redsemlac.com\/semmexico\/wp-content\/uploads\/2024\/12\/hermelinda-02-300x169.png 300w, https:\/\/redsemlac.com\/semmexico\/wp-content\/uploads\/2024\/12\/hermelinda-02-768x432.png 768w, https:\/\/redsemlac.com\/semmexico\/wp-content\/uploads\/2024\/12\/hermelinda-02-150x84.png 150w, https:\/\/redsemlac.com\/semmexico\/wp-content\/uploads\/2024\/12\/hermelinda-02-696x391.png 696w, https:\/\/redsemlac.com\/semmexico\/wp-content\/uploads\/2024\/12\/hermelinda-02-1068x601.png 1068w, https:\/\/redsemlac.com\/semmexico\/wp-content\/uploads\/2024\/12\/hermelinda-02.png 1531w\" sizes=\"auto, (max-width: 1024px) 100vw, 1024px\" \/><\/a><\/figure>\n\n\n\n<p class=\"wp-block-paragraph\">S\u00f3lo&nbsp;<strong>1.3 por ciento<\/strong>&nbsp;de los cuerpos sepultados, en calidad de&nbsp;<strong>desconocidos o sin reclamar<\/strong>, en la fosa com\u00fan de ese pante\u00f3n han sido exhumados por las autoridades en los \u00faltimos siete a\u00f1os.&nbsp;<strong>La alcald\u00eda<\/strong>, responsable de administrar el cementerio, report\u00f3 v\u00eda transparencia que de 2018 a noviembre de este a\u00f1o,<strong>&nbsp;seis mil 936 restos<\/strong>&nbsp;han sido sepultados; sin embargo, \u00fanicamente&nbsp;<strong>93 fueron reconocidos y reclamados<\/strong>.&nbsp;<\/p>\n\n\n\n<p class=\"wp-block-paragraph\"><strong>Luis Enrique Hern\u00e1ndez<\/strong>, director de la organizaci\u00f3n civil&nbsp;<strong>El Caracol<\/strong>, que trabaja por los&nbsp;<strong>derechos humanos<\/strong>&nbsp;e igualdad de poblaciones en situaci\u00f3n de calle, cont\u00f3 a&nbsp;<strong>El Sol de M\u00e9xico<\/strong>, que&nbsp;<em>Herme<\/em>, como dec\u00edan a la mujer de entonces 31 a\u00f1os, era originaria de<strong>&nbsp;Pachuca, Hidalgo,<\/strong>&nbsp;pero pas\u00f3 m\u00e1s de la mitad de su vida en las calles de la Ciudad de M\u00e9xico.&nbsp;<\/p>\n\n\n\n<p class=\"wp-block-paragraph\">Debido a su<strong>&nbsp;historia de vida<\/strong>, la joven dependi\u00f3 mucho tiempo del uso de drogas y en varias ocasiones termin\u00f3 en&nbsp;<strong>rehabilitaci\u00f3n<\/strong>, esfuerzos que duraban poco tiempo, pues al no contar con otro tipo de apoyo, siempre regresaba a vivir en las<strong>&nbsp;calles<\/strong>.&nbsp;<\/p>\n\n\n\n<p class=\"wp-block-paragraph\">Por el consumo de sustancias, su cuerpo comenz\u00f3 a experimentar<strong>&nbsp;hipocalemia, falta de potasio en la sangre, lo que limit\u00f3 su movilidad<\/strong>. Durante los \u00faltimos a\u00f1os de su vida utiliz\u00f3 una&nbsp;<strong>silla de ruedas<\/strong>&nbsp;y los cuidados que necesitaba se los proporcionaba su comunidad y&nbsp;<strong>El Caracol<\/strong>, que durante m\u00e1s de 16 a\u00f1os la ayud\u00f3 a recuperar su identidad, con el&nbsp;<strong>tr\u00e1mite de documentos<\/strong>&nbsp;oficiales, a rehabilitarse y a alimentarse, con la donaci\u00f3n semanal de una&nbsp;<strong>despensa<\/strong>.<\/p>\n\n\n\n<p class=\"wp-block-paragraph\">\u201c<em>Herme<\/em>&nbsp;viv\u00eda en el<strong>&nbsp;Metro Ju\u00e1rez<\/strong>, con su compa\u00f1ero V\u00edctor y otras personas en su misma situaci\u00f3n.&nbsp;<strong>En mayo de 2021<\/strong>&nbsp;ella s\u00f3lo quer\u00eda ba\u00f1arse y acept\u00f3 el apoyo del&nbsp;<strong>CAIS&nbsp;<\/strong>que hac\u00eda recorridos en su camioneta. Le dijeron a V\u00edctor que le daban el apoyo y que al otro d\u00eda la regresaban al Metro, pero nunca la llevaron.<strong>&nbsp;V\u00edctor la esper\u00f3<\/strong>&nbsp;y al no tener noticias, nos busc\u00f3 y nos platic\u00f3 lo que hab\u00eda sucedido\u201d, relat\u00f3 Luis Enrique.&nbsp;<\/p>\n\n\n\n<figure class=\"wp-block-image size-large\"><a href=\"https:\/\/redsemlac.com\/semmexico\/wp-content\/uploads\/2024\/12\/hermelinda-03.png\"><img loading=\"lazy\" decoding=\"async\" width=\"1024\" height=\"576\" src=\"https:\/\/redsemlac.com\/semmexico\/wp-content\/uploads\/2024\/12\/hermelinda-03-1024x576.png\" alt=\"\" class=\"wp-image-91215\" srcset=\"https:\/\/redsemlac.com\/semmexico\/wp-content\/uploads\/2024\/12\/hermelinda-03-1024x576.png 1024w, https:\/\/redsemlac.com\/semmexico\/wp-content\/uploads\/2024\/12\/hermelinda-03-300x169.png 300w, https:\/\/redsemlac.com\/semmexico\/wp-content\/uploads\/2024\/12\/hermelinda-03-768x432.png 768w, https:\/\/redsemlac.com\/semmexico\/wp-content\/uploads\/2024\/12\/hermelinda-03-1536x863.png 1536w, https:\/\/redsemlac.com\/semmexico\/wp-content\/uploads\/2024\/12\/hermelinda-03-150x84.png 150w, https:\/\/redsemlac.com\/semmexico\/wp-content\/uploads\/2024\/12\/hermelinda-03-696x391.png 696w, https:\/\/redsemlac.com\/semmexico\/wp-content\/uploads\/2024\/12\/hermelinda-03-1068x600.png 1068w, https:\/\/redsemlac.com\/semmexico\/wp-content\/uploads\/2024\/12\/hermelinda-03.png 1548w\" sizes=\"auto, (max-width: 1024px) 100vw, 1024px\" \/><\/a><\/figure>\n\n\n\n<p class=\"wp-block-paragraph\"><strong>El Caracol<\/strong>&nbsp;llam\u00f3 desde distintos n\u00fameros telef\u00f3nicos al CAIS para saber el paradero de Hermelinda, pero no obtuvo una respuesta, por lo que report\u00f3 su ausencia al&nbsp;<strong>Locatel<\/strong>. Y V\u00edctor, por su parte, pregunt\u00f3 en los&nbsp;<strong>albergues de la ciudad<\/strong>, pero le dijeron que no ten\u00edan ning\u00fan registro de ella y tampoco lo dejaron pasar para cerciorarse.&nbsp;<\/p>\n\n\n\n<p class=\"wp-block-paragraph\">Fue hasta&nbsp;<strong>febrero de 2022<\/strong>, casi un a\u00f1o despu\u00e9s de la \u00faltima vez que supieron de ella, cuando V\u00edctor, sus amigos y El Caracol se enteraron de que sus restos estaban en la&nbsp;<strong>fosa com\u00fan<\/strong>.&nbsp;<\/p>\n\n\n\n<p class=\"wp-block-paragraph\">Ante ello pidieron a la&nbsp;<strong>Fiscal\u00eda Especializada para la Investigaci\u00f3n del Delito de Feminicidio<\/strong>&nbsp;que atrajera el caso para saber qu\u00e9 hab\u00eda sucedido con la joven y pedir apoyo para&nbsp;<strong>recuperar sus restos.&nbsp;<\/strong><\/p>\n\n\n\n<p class=\"wp-block-paragraph\">Luis Enrique detall\u00f3 que la Fiscal\u00eda les proporcion\u00f3 la&nbsp;<strong>carpeta de investigaci\u00f3n&nbsp;<\/strong>y encontraron que Hermelinda falleci\u00f3 el&nbsp;<strong>8 de junio de 2021<\/strong>, apenas 15 d\u00edas despu\u00e9s de que ingres\u00f3 al albergue. La causa fue una septicemia no atendida a tiempo y muri\u00f3 en el&nbsp;<strong>hospital Juan Ram\u00f3n de la Fuente<\/strong>, en Iztapalapa.&nbsp;<\/p>\n\n\n\n<p class=\"wp-block-paragraph\">Las autoridades capitalinas llevaron su cuerpo al<strong>&nbsp;Incifo<\/strong>, donde permaneci\u00f3 alrededor de tres meses. Esa instituci\u00f3n lo envi\u00f3 a la fosa com\u00fan y fue sepultado en una&nbsp;<strong>tumba comunitaria<\/strong>&nbsp;de muertes relacionadas a&nbsp;<strong>Covid-19<\/strong>.&nbsp;<\/p>\n\n\n\n<figure class=\"wp-block-image size-large\"><a href=\"https:\/\/redsemlac.com\/semmexico\/wp-content\/uploads\/2024\/12\/hermelinda-04.jpg\"><img loading=\"lazy\" decoding=\"async\" width=\"1024\" height=\"575\" src=\"https:\/\/redsemlac.com\/semmexico\/wp-content\/uploads\/2024\/12\/hermelinda-04-1024x575.jpg\" alt=\"\" class=\"wp-image-91214\" srcset=\"https:\/\/redsemlac.com\/semmexico\/wp-content\/uploads\/2024\/12\/hermelinda-04-1024x575.jpg 1024w, https:\/\/redsemlac.com\/semmexico\/wp-content\/uploads\/2024\/12\/hermelinda-04-300x168.jpg 300w, https:\/\/redsemlac.com\/semmexico\/wp-content\/uploads\/2024\/12\/hermelinda-04-768x431.jpg 768w, https:\/\/redsemlac.com\/semmexico\/wp-content\/uploads\/2024\/12\/hermelinda-04-150x84.jpg 150w, https:\/\/redsemlac.com\/semmexico\/wp-content\/uploads\/2024\/12\/hermelinda-04-696x391.jpg 696w, https:\/\/redsemlac.com\/semmexico\/wp-content\/uploads\/2024\/12\/hermelinda-04-1068x600.jpg 1068w, https:\/\/redsemlac.com\/semmexico\/wp-content\/uploads\/2024\/12\/hermelinda-04.jpg 1403w\" sizes=\"auto, (max-width: 1024px) 100vw, 1024px\" \/><\/a><\/figure>\n\n\n\n<p class=\"wp-block-paragraph\">\u00a0El cuerpo de Hermelinda fue enviado en 2021 por el Incifo a la fosa com\u00fan del Pante\u00f3n Civil de Dolores\u00a0\/\u00a0Cortes\u00eda El Caracol<\/p>\n\n\n\n<p class=\"wp-block-paragraph\">Los \u00fanicos organismos autorizados para&nbsp;<strong>enviar cuerpos<\/strong>&nbsp;para su sepultura a la fosa com\u00fan son el<strong>&nbsp;Incifo y las universidades<\/strong>&nbsp;facultadas para pr\u00e1cticas e investigaci\u00f3n con cad\u00e1veres.&nbsp;<\/p>\n\n\n\n<p class=\"wp-block-paragraph\">Los a\u00f1os en que m\u00e1s se han enterrado cad\u00e1veres en la&nbsp;<strong>fosa com\u00fan<\/strong>&nbsp;corresponden a la&nbsp;<strong>pandemia<\/strong>. En&nbsp;<strong>2018<\/strong>&nbsp;sepultaron 810 restos, en&nbsp;<strong>2019<\/strong>&nbsp;fueron 875, en&nbsp;<strong>2020<\/strong>&nbsp;un total de 857. Para 2021 estas cifras incrementaron a mil 166, en&nbsp;<strong>2022<\/strong>&nbsp;se recibieron mil 62, en&nbsp;<strong>2023<\/strong>&nbsp;fueron mil 264, y de enero a noviembre de&nbsp;<strong>este a\u00f1o<\/strong>&nbsp;van 902.&nbsp;<\/p>\n\n\n\n<p class=\"wp-block-paragraph\">\u201cNo me explico como Hermelinda logr\u00f3 sobrevivir tantos a\u00f1os en las calles, y pasar por tantas situaciones de riesgo, y en menos de&nbsp;<strong>15 d\u00edas<\/strong>&nbsp;de ser ingresada al&nbsp;<strong>albergue<\/strong>&nbsp;muri\u00f3 (&#8230;) A ella no se la llevaron a la fuerza, porque su idea era ir a<strong>&nbsp;ba\u00f1arse<\/strong>, pero tampoco le dijeron que ya no podr\u00eda salir\u201d, enfatiz\u00f3 el activista.<\/p>\n\n\n\n<p class=\"wp-block-paragraph\">La organizaci\u00f3n busc\u00f3 rescatar el cuerpo de&nbsp;<em>Herme<\/em>, sobre todo por petici\u00f3n de su pareja y amigos de Art\u00edculo 123, pero fue hasta inicio de 2024 cuando la Fiscal\u00eda comenz\u00f3 con los trabajos de recuperaci\u00f3n.&nbsp;<\/p>\n\n\n\n<figure class=\"wp-block-image size-large\"><a href=\"https:\/\/redsemlac.com\/semmexico\/wp-content\/uploads\/2024\/12\/hermelinda-05.jpg\"><img loading=\"lazy\" decoding=\"async\" width=\"1024\" height=\"576\" src=\"https:\/\/redsemlac.com\/semmexico\/wp-content\/uploads\/2024\/12\/hermelinda-05-1024x576.jpg\" alt=\"\" class=\"wp-image-91213\" srcset=\"https:\/\/redsemlac.com\/semmexico\/wp-content\/uploads\/2024\/12\/hermelinda-05-1024x576.jpg 1024w, https:\/\/redsemlac.com\/semmexico\/wp-content\/uploads\/2024\/12\/hermelinda-05-300x169.jpg 300w, https:\/\/redsemlac.com\/semmexico\/wp-content\/uploads\/2024\/12\/hermelinda-05-768x432.jpg 768w, https:\/\/redsemlac.com\/semmexico\/wp-content\/uploads\/2024\/12\/hermelinda-05-150x84.jpg 150w, https:\/\/redsemlac.com\/semmexico\/wp-content\/uploads\/2024\/12\/hermelinda-05-696x392.jpg 696w, https:\/\/redsemlac.com\/semmexico\/wp-content\/uploads\/2024\/12\/hermelinda-05-1068x601.jpg 1068w, https:\/\/redsemlac.com\/semmexico\/wp-content\/uploads\/2024\/12\/hermelinda-05.jpg 1456w\" sizes=\"auto, (max-width: 1024px) 100vw, 1024px\" \/><\/a><\/figure>\n\n\n\n<p class=\"wp-block-paragraph\">Los cuerpos de miles de personas en calidad de desconocidos o sin reclamar terminan en la fosa com\u00fan del Pante\u00f3n Civil de Dolores, en la alcald\u00eda Miguel Hidalgo\/\u00a0Rodolfo G\u00f3mez<\/p>\n\n\n\n<p class=\"wp-block-paragraph\">La&nbsp;<strong>exhumaci\u00f3n<\/strong>&nbsp;de restos, precis\u00f3 la alcald\u00eda, tiene un costo de<strong>&nbsp;553 pesos<\/strong>: 486 corresponden a la exhumaci\u00f3n de restos y 67 por el tr\u00e1mite de b\u00fasqueda de antecedentes en sus archivos.&nbsp;<\/p>\n\n\n\n<p class=\"wp-block-paragraph\">Explic\u00f3 que una vez que el&nbsp;<strong>Ministerio P\u00fablico<\/strong>&nbsp;inicia la&nbsp;<strong>carpeta de investigaci\u00f3n&nbsp;<\/strong>por el fallecimiento de la persona que se busca recuperar, debe solicitar las autorizaciones a un<strong>&nbsp;juez<\/strong>, a la&nbsp;<strong>Secretar\u00eda de Salud capitalina<\/strong>, el apoyo de&nbsp;<strong>bomberos<\/strong>, de personal del pante\u00f3n y contratar a una&nbsp;<strong>empresa de fumigaci\u00f3n&nbsp;<\/strong>para actuar el d\u00eda de la exhumaci\u00f3n.&nbsp;<\/p>\n\n\n\n<figure class=\"wp-block-image size-large\"><a href=\"https:\/\/redsemlac.com\/semmexico\/wp-content\/uploads\/2024\/12\/hermelinda-06.png\"><img loading=\"lazy\" decoding=\"async\" width=\"1024\" height=\"575\" src=\"https:\/\/redsemlac.com\/semmexico\/wp-content\/uploads\/2024\/12\/hermelinda-06-1024x575.png\" alt=\"\" class=\"wp-image-91212\" srcset=\"https:\/\/redsemlac.com\/semmexico\/wp-content\/uploads\/2024\/12\/hermelinda-06-1024x575.png 1024w, https:\/\/redsemlac.com\/semmexico\/wp-content\/uploads\/2024\/12\/hermelinda-06-300x169.png 300w, https:\/\/redsemlac.com\/semmexico\/wp-content\/uploads\/2024\/12\/hermelinda-06-768x431.png 768w, https:\/\/redsemlac.com\/semmexico\/wp-content\/uploads\/2024\/12\/hermelinda-06-150x84.png 150w, https:\/\/redsemlac.com\/semmexico\/wp-content\/uploads\/2024\/12\/hermelinda-06-696x391.png 696w, https:\/\/redsemlac.com\/semmexico\/wp-content\/uploads\/2024\/12\/hermelinda-06-1068x600.png 1068w, https:\/\/redsemlac.com\/semmexico\/wp-content\/uploads\/2024\/12\/hermelinda-06.png 1488w\" sizes=\"auto, (max-width: 1024px) 100vw, 1024px\" \/><\/a><\/figure>\n\n\n\n<p class=\"wp-block-paragraph\">Seg\u00fan la&nbsp;<strong>demarcaci\u00f3n<\/strong>, varios de los cuerpos de la fosa com\u00fan cuentan con una&nbsp;<strong>identidad&nbsp;<\/strong>o fueron reconocidos por sus familias, pero ya no fueron exhumados, sin embargo, no cuentan con el dato exacto de esos&nbsp;<strong>cad\u00e1veres<\/strong>.&nbsp;<\/p>\n\n\n\n<p class=\"wp-block-paragraph\">Apenas el<strong>&nbsp;martes 10 de diciembre<\/strong>&nbsp;el cuerpo de&nbsp;<em>Herme<\/em>&nbsp;fue exhumado de la&nbsp;<strong>fosa com\u00fan<\/strong>, por lo que sus seres queridos y la fundaci\u00f3n pudieron sepultarla en su propia<strong>&nbsp;tumba<\/strong>, en un&nbsp;<strong>f\u00e9retro&nbsp;<\/strong>para sus restos, con su nombre, flores y palabras de&nbsp;<strong>amor<\/strong>.&nbsp;<\/p>\n\n\n\n<p class=\"wp-block-paragraph\">\u201c<strong>V\u00edctor<\/strong>&nbsp;nunca se cans\u00f3 de buscarla y recuperarla. Estuvimos acompa\u00f1ando, buscando c\u00f3mo hacer para que&nbsp;<em>Herme<\/em>&nbsp;regresara, al final todo se trat\u00f3 de&nbsp;<strong>voluntad pol\u00edtica<\/strong>&nbsp;y ahora se le pudo regresar la<strong>&nbsp;dignidad<\/strong>\u201d, se\u00f1al\u00f3 Luis Enrique.&nbsp;<\/p>\n\n\n\n<figure class=\"wp-block-image size-large\"><a href=\"https:\/\/redsemlac.com\/semmexico\/wp-content\/uploads\/2024\/12\/hermelinda-07.jpg\"><img loading=\"lazy\" decoding=\"async\" width=\"1024\" height=\"576\" src=\"https:\/\/redsemlac.com\/semmexico\/wp-content\/uploads\/2024\/12\/hermelinda-07-1024x576.jpg\" alt=\"\" class=\"wp-image-91211\" srcset=\"https:\/\/redsemlac.com\/semmexico\/wp-content\/uploads\/2024\/12\/hermelinda-07-1024x576.jpg 1024w, https:\/\/redsemlac.com\/semmexico\/wp-content\/uploads\/2024\/12\/hermelinda-07-300x169.jpg 300w, https:\/\/redsemlac.com\/semmexico\/wp-content\/uploads\/2024\/12\/hermelinda-07-768x432.jpg 768w, https:\/\/redsemlac.com\/semmexico\/wp-content\/uploads\/2024\/12\/hermelinda-07-150x84.jpg 150w, https:\/\/redsemlac.com\/semmexico\/wp-content\/uploads\/2024\/12\/hermelinda-07-696x392.jpg 696w, https:\/\/redsemlac.com\/semmexico\/wp-content\/uploads\/2024\/12\/hermelinda-07-1068x601.jpg 1068w, https:\/\/redsemlac.com\/semmexico\/wp-content\/uploads\/2024\/12\/hermelinda-07.jpg 1456w\" sizes=\"auto, (max-width: 1024px) 100vw, 1024px\" \/><\/a><\/figure>\n\n\n\n<p class=\"wp-block-paragraph\">El cuerpo de la joven de 31 a\u00f1os fue recuperado por sus seres queridos y enterrado en su propia tumba\u00a0\/\u00a0cortes\u00eda El Caracol<\/p>\n\n\n\n<p class=\"wp-block-paragraph\">El<strong>&nbsp;activista<\/strong>&nbsp;considera que los&nbsp;<strong>Centro de Asistencia e Integraci\u00f3n Social<\/strong>&nbsp;son \u201clugares inh\u00f3spitos, que se vuelven dep\u00f3sitos humanos, y en donde le quitan su identidad a las personas\u201d.<\/p>\n\n\n\n<p class=\"wp-block-paragraph\">Ayer, este diario public\u00f3 que&nbsp;<a href=\"https:\/\/oem.com.mx\/elsoldemexico\/metropoli\/de-los-albergues-de-la-cdmx-a-las-morgues-de-universidades-20785346\" target=\"_blank\" rel=\"noreferrer noopener\"><strong>cinco de cada 10 cuerpos de personas en situaci\u00f3n vulnerable o sin techo que han muerto al interior de esos albergues fueron utilizados en pr\u00e1cticas<\/strong><\/a><strong>&nbsp;<\/strong>para estudiantes de medicina de la UNAM y el IPN en los \u00faltimos a\u00f1os.<\/p>\n\n\n\n<p class=\"wp-block-paragraph\">Entre 2019 y 2022, nueve<strong>&nbsp;CAIS<\/strong>&nbsp;reportaron, v\u00eda transparencia, el fallecimiento de 783 usuarios en sus instalaciones, de los cuales 427 fueron llevados a los&nbsp;<strong>anfiteatros universitarios<\/strong>&nbsp;al no ser reclamados por sus familiares. Sin embargo, no en todos los casos los refugios revisaron que las personas no fueran buscadas por sus familiares como se\u00f1ala el&nbsp;<strong>protocolo<\/strong>.<\/p>\n\n\n\n<p class=\"wp-block-paragraph\">De esta omisi\u00f3n fue v\u00edctima&nbsp;<strong>Pedro Mart\u00edn Bribiesca Almaguer<\/strong>, quien muri\u00f3 el 11 de agosto de 2020 en el albergue&nbsp;<strong>Plaza del Estudiante<\/strong>&nbsp;y su cuerpo fue enviado a la<strong>&nbsp;Escuela Superior&nbsp; de Medicina del IPN<\/strong>, pese a tener una ficha activa de b\u00fasqueda desde diciembre de 2019. Un a\u00f1o despu\u00e9s, esa instituci\u00f3n educativa remiti\u00f3 su cuerpo a la fosa com\u00fan del&nbsp;<strong>Pante\u00f3n Civil de Dolores<\/strong>.&nbsp;<\/p>\n\n\n\n<p class=\"wp-block-paragraph\">\u201cLos<strong>&nbsp;cuerpos<\/strong>&nbsp;ingresaban a esta instituci\u00f3n con los datos proporcionados en los&nbsp;<strong>CAIS<\/strong>&nbsp;y era dicha dependencia quien se encargaba de verificar si exist\u00eda alguna&nbsp;<strong>ficha de b\u00fasqueda<\/strong>&nbsp;cuando la persona a\u00fan se encontraba con vida\u201d, explic\u00f3 la&nbsp;<strong>UNAM<\/strong>&nbsp;en una respuesta a una solicitud de informaci\u00f3n.<\/p>\n","protected":false},"excerpt":{"rendered":"<p>Hermelinda Vergara falleci\u00f3 el 8 de junio de 2021 tras ser ingresada en el albergue de Atlampa y su cuerpo fue enviado a la fosa com\u00fan del Pante\u00f3n de Dolores&nbsp;\/&nbsp;Ilustraci\u00f3n Daniel Rey y Daniel Gonz\u00e1lez Trabajadores de la CDMX trasladaron a la joven en situaci\u00f3n de calle a un albergue del gobierno, pero no avisaron [&hellip;]<\/p>\n","protected":false},"author":3,"featured_media":91217,"comment_status":"open","ping_status":"open","sticky":false,"template":"","format":"standard","meta":{"_monsterinsights_skip_tracking":false,"footnotes":""},"categories":[694,63],"tags":[],"class_list":["post-91210","post","type-post","status-publish","format-standard","has-post-thumbnail","category-destacadas","category-reportajes"],"_links":{"self":[{"href":"https:\/\/redsemlac.com\/semmexico\/wp-json\/wp\/v2\/posts\/91210","targetHints":{"allow":["GET"]}}],"collection":[{"href":"https:\/\/redsemlac.com\/semmexico\/wp-json\/wp\/v2\/posts"}],"about":[{"href":"https:\/\/redsemlac.com\/semmexico\/wp-json\/wp\/v2\/types\/post"}],"author":[{"embeddable":true,"href":"https:\/\/redsemlac.com\/semmexico\/wp-json\/wp\/v2\/users\/3"}],"replies":[{"embeddable":true,"href":"https:\/\/redsemlac.com\/semmexico\/wp-json\/wp\/v2\/comments?post=91210"}],"version-history":[{"count":0,"href":"https:\/\/redsemlac.com\/semmexico\/wp-json\/wp\/v2\/posts\/91210\/revisions"}],"wp:featuredmedia":[{"embeddable":true,"href":"https:\/\/redsemlac.com\/semmexico\/wp-json\/wp\/v2\/media\/91217"}],"wp:attachment":[{"href":"https:\/\/redsemlac.com\/semmexico\/wp-json\/wp\/v2\/media?parent=91210"}],"wp:term":[{"taxonomy":"category","embeddable":true,"href":"https:\/\/redsemlac.com\/semmexico\/wp-json\/wp\/v2\/categories?post=91210"},{"taxonomy":"post_tag","embeddable":true,"href":"https:\/\/redsemlac.com\/semmexico\/wp-json\/wp\/v2\/tags?post=91210"}],"curies":[{"name":"wp","href":"https:\/\/api.w.org\/{rel}","templated":true}]}}