{"id":91206,"date":"2024-12-20T15:46:15","date_gmt":"2024-12-20T21:46:15","guid":{"rendered":"https:\/\/redsemlac.com\/semmexico\/?p=91206"},"modified":"2024-12-20T15:48:49","modified_gmt":"2024-12-20T21:48:49","slug":"analisis-la-sentencia-en-el-historico-juicio-de-pelicot-subraya-la-violencia-sistemica-contra-las-mujeres-en-francia","status":"publish","type":"post","link":"https:\/\/redsemlac.com\/semmexico\/analisis-la-sentencia-en-el-historico-juicio-de-pelicot-subraya-la-violencia-sistemica-contra-las-mujeres-en-francia\/","title":{"rendered":"An\u00e1lisis| La sentencia en el hist\u00f3rico juicio de Pelicot subraya la violencia sist\u00e9mica contra las mujeres en Francia"},"content":{"rendered":"\n<p class=\"wp-block-paragraph\">Redacci\u00f3n<\/p>\n\n\n\n<p class=\"wp-block-paragraph\">SemM\u00e9xico\/CNN, Cd. de M\u00e9xico,&nbsp; 20 de diciembre, 224.- El caso de la violaci\u00f3n en masa de Pelicot marc\u00f3 un hito en la sociedad francesa y ha provocado un profundo examen de conciencia sobre la violencia sexual y el consentimiento.<\/p>\n\n\n\n<p class=\"wp-block-paragraph\">Muchos lo han calificado de terremoto sociocultural, un ajuste de cuentas sobre el problema sist\u00e9mico de Francia con las mujeres. En el epicentro del juicio se encuentran 51 hombres que viv\u00edan en un radio de 50 kil\u00f3metros. Al frente estaba Dominique Pelicot, que drog\u00f3 e invit\u00f3 a esos desconocidos a agredir y violar a su entonces esposa, Gis\u00e8le, durante m\u00e1s de una d\u00e9cada.<\/p>\n\n\n\n<p class=\"wp-block-paragraph\">Era en ese min\u00fasculo per\u00edmetro geogr\u00e1fico donde se desarrollaba todo un mundo de violencia y misoginia.<\/p>\n\n\n\n<p class=\"wp-block-paragraph\">Este jueves, cientos de personas abarrotaron un tribunal de Avi\u00f1\u00f3n cargado de emoci\u00f3n, y muchas se congregaron en el recinto para escuchar el destino de los acusados, cuyos actos no solo cambiaron la vida de Gis\u00e8le y su familia, sino tambi\u00e9n la de la naci\u00f3n.<\/p>\n\n\n\n<p class=\"wp-block-paragraph\">Cuarenta y nueve de los hombres fueron condenados por violaci\u00f3n. Dos fueron condenados por agresi\u00f3n sexual. Cuatro de ellos tambi\u00e9n fueron condenados por posesi\u00f3n de im\u00e1genes de abusos sexuales a menores.<\/p>\n\n\n\n<p class=\"wp-block-paragraph\">Los hombres eran \u201cMonsieur-Tout-Le-Monde\u201d, o \u201cun hombre cualquiera\u201d, como se les ha apodado, y no delincuentes profesionales. Los hombres, de edades comprendidas entre los 26 y los 74 a\u00f1os, ocupaban puestos como enfermeros, militares, periodistas y funcionarios de prisiones.<\/p>\n\n\n\n<p class=\"wp-block-paragraph\">Sin embargo, a pesar de las abrumadoras pruebas en su contra, cientos de videos condenatorios que muestran las violaciones y miles de mensajes de texto que ponen al descubierto sus planes, solo una decena de los hombres admitieron su culpabilidad, y muchos dijeron que cre\u00edan que el consentimiento de Dominique, no el de Gis\u00e8le, bastaba para llevar a cabo sus cr\u00edmenes.<\/p>\n\n\n\n<p class=\"wp-block-paragraph\">El horror de los cr\u00edmenes, unido a la idea de que fueron perpetrados por \u201cun hombre cualquiera\u201d, ha impulsado un debate nacional sobre la normalizaci\u00f3n de las agresiones sexuales.<\/p>\n\n\n\n<p class=\"wp-block-paragraph\">Dominique Pelicot fue condenado a 20 a\u00f1os de prisi\u00f3n, la pena m\u00e1xima por su delito. Los dem\u00e1s hombres fueron condenados a penas de entre 3 y 15 a\u00f1os de c\u00e1rcel. Algunos, mientras tanto, han salido en libertad tras cumplir condenas suspendidas.<\/p>\n\n\n\n<p class=\"wp-block-paragraph\">Muchos dicen que las sentencias no son lo suficientemente duras, que no tienen en cuenta los horrores del delito. Y a pesar de las penas de prisi\u00f3n, sin cambios concretos, las mujeres de Mazan, el pueblo del sur de Francia donde se produjeron los cr\u00edmenes, dicen que estos podr\u00edan volver a repetirse ma\u00f1ana.<\/p>\n\n\n\n<p class=\"wp-block-paragraph\">\u201c\u00bfQu\u00e9 ha cambiado realmente? La mentalidad no ha cambiado y las leyes tampoco, sigue igual y por eso no nos sentimos seguras\u201d, afirm\u00f3 Nedeljka Macan, residente en Mazan.<\/p>\n\n\n\n<p class=\"wp-block-paragraph\">Gis\u00e8le esperaba que al renunciar a su anonimato, y por tanto abrir el juicio al p\u00fablico, ayudar\u00eda a cambiar la cultura de la violaci\u00f3n, por muy doloroso que fuera ver las desgarradoras pruebas de sus abusos.<\/p>\n\n\n\n<p class=\"wp-block-paragraph\">\u201cFue una elecci\u00f3n hacerlo p\u00fablico. Y lo ha hecho al servicio de otras mujeres\u201d, declar\u00f3 a CNN Sarah McGrath, de Women for Women France.<\/p>\n\n\n\n<p class=\"wp-block-paragraph\">Fue ese servicio, valent\u00eda y desaf\u00edo lo que la transform\u00f3 en una hero\u00edna feminista, decidida a hacer que \u201cla verg\u00fcenza cambie de bando\u201d.<\/p>\n\n\n\n<p class=\"wp-block-paragraph\">\u201cMuy a menudo a nivel internacional, Francia puede tener una especie de reputaci\u00f3n de ser realmente progresista en lo que se refiere a los derechos de la mujer\u201d, dijo McGrath. \u201cY ese es el caso que acabamos de tener, ya sabes, el derecho al aborto puesto en la constituci\u00f3n, lo que es un gran avance. Sin embargo, en lo que respecta a la violencia sexista y sexual, realmente vamos por detr\u00e1s de nuestros otros vecinos europeos\u201d.<\/p>\n\n\n\n<p class=\"wp-block-paragraph\">Los datos muestran que las supervivientes de violencia sexual no suelen denunciar en Francia. Solo el 10% de las v\u00edctimas de violaci\u00f3n llegan a denunciar el delito ante la justicia. Y de esas denuncias, solo entre el 1 y el 4% acaban en condena, dijo McGrath.<\/p>\n\n\n\n<p class=\"wp-block-paragraph\">Gis\u00e8le Pelicot ha inspirado ahora a esas mismas v\u00edctimas para que denuncien e impulsen el cambio. Los \u00faltimos tres meses han impulsado a la gente de toda Francia a la introspecci\u00f3n y a plantearse qu\u00e9 es el consentimiento. El juicio les ha obligado a debatir sobre la cultura de la violaci\u00f3n y sobre c\u00f3mo cambiarla.<\/p>\n\n\n\n<p class=\"wp-block-paragraph\">Aunque el juicio marcar\u00e1 la historia de Francia, activistas y abogados han subrayado que no supone el final de un horrible cap\u00edtulo en la historia, sino el comienzo de una nueva era en la que el consentimiento se ense\u00f1e en las escuelas y se incluya en el c\u00f3digo penal.<\/p>\n\n\n\n<p class=\"wp-block-paragraph\">Las activistas de los derechos de la mujer se han subido a la ola de la llamada a la acci\u00f3n y el optimismo de Gis\u00e8le.<\/p>\n\n\n\n<p class=\"wp-block-paragraph\">Este jueves, a la salida del tribunal, Gis\u00e8le declar\u00f3 que el juicio le hab\u00eda demostrado que es posible \u201cun futuro en el que mujeres y hombres puedan vivir en armon\u00eda y respeto mutuo\u201d.<\/p>\n\n\n\n<p class=\"wp-block-paragraph\">Depende de Francia aprovechar este momento y hacerlo realidad. The-CNN-Wire<br>\u2122 &amp; \u00a9 2024 Cable News Network, Inc., a Warner Bros. Discovery Company. All rights reserved<\/p>\n","protected":false},"excerpt":{"rendered":"<p>Redacci\u00f3n SemM\u00e9xico\/CNN, Cd. de M\u00e9xico,&nbsp; 20 de diciembre, 224.- El caso de la violaci\u00f3n en masa de Pelicot marc\u00f3 un hito en la sociedad francesa y ha provocado un profundo examen de conciencia sobre la violencia sexual y el consentimiento. Muchos lo han calificado de terremoto sociocultural, un ajuste de cuentas sobre el problema sist\u00e9mico [&hellip;]<\/p>\n","protected":false},"author":3,"featured_media":91207,"comment_status":"open","ping_status":"open","sticky":false,"template":"","format":"standard","meta":{"_monsterinsights_skip_tracking":false,"footnotes":""},"categories":[748,694],"tags":[],"class_list":["post-91206","post","type-post","status-publish","format-standard","has-post-thumbnail","category-cultura-feminista","category-destacadas"],"_links":{"self":[{"href":"https:\/\/redsemlac.com\/semmexico\/wp-json\/wp\/v2\/posts\/91206","targetHints":{"allow":["GET"]}}],"collection":[{"href":"https:\/\/redsemlac.com\/semmexico\/wp-json\/wp\/v2\/posts"}],"about":[{"href":"https:\/\/redsemlac.com\/semmexico\/wp-json\/wp\/v2\/types\/post"}],"author":[{"embeddable":true,"href":"https:\/\/redsemlac.com\/semmexico\/wp-json\/wp\/v2\/users\/3"}],"replies":[{"embeddable":true,"href":"https:\/\/redsemlac.com\/semmexico\/wp-json\/wp\/v2\/comments?post=91206"}],"version-history":[{"count":0,"href":"https:\/\/redsemlac.com\/semmexico\/wp-json\/wp\/v2\/posts\/91206\/revisions"}],"wp:featuredmedia":[{"embeddable":true,"href":"https:\/\/redsemlac.com\/semmexico\/wp-json\/wp\/v2\/media\/91207"}],"wp:attachment":[{"href":"https:\/\/redsemlac.com\/semmexico\/wp-json\/wp\/v2\/media?parent=91206"}],"wp:term":[{"taxonomy":"category","embeddable":true,"href":"https:\/\/redsemlac.com\/semmexico\/wp-json\/wp\/v2\/categories?post=91206"},{"taxonomy":"post_tag","embeddable":true,"href":"https:\/\/redsemlac.com\/semmexico\/wp-json\/wp\/v2\/tags?post=91206"}],"curies":[{"name":"wp","href":"https:\/\/api.w.org\/{rel}","templated":true}]}}