{"id":91204,"date":"2024-12-20T15:37:52","date_gmt":"2024-12-20T21:37:52","guid":{"rendered":"https:\/\/redsemlac.com\/semmexico\/?p=91204"},"modified":"2024-12-20T15:38:11","modified_gmt":"2024-12-20T21:38:11","slug":"los-capitales-demandan-industrias-mexicanas-mano-de-obra-calificada-robert-walters-mexico","status":"publish","type":"post","link":"https:\/\/redsemlac.com\/semmexico\/los-capitales-demandan-industrias-mexicanas-mano-de-obra-calificada-robert-walters-mexico\/","title":{"rendered":"Los Capitales| Demandan industrias mexicanas mano de obra calificada: Robert Walters M\u00e9xico"},"content":{"rendered":"\n<p class=\"wp-block-paragraph\">&nbsp;Edgar Gonz\u00e1lez Mart\u00ednez<\/p>\n\n\n\n<p class=\"wp-block-paragraph\">SemM\u00e9xico, Cd. de M\u00e9xico, 20 de diciembre, 2024.- El T-MEC (M\u00e9xico-EU-Canad\u00e1), ha sido un catalizador de crecimiento en sectores clave, pero tambi\u00e9n ha generado una mayor presi\u00f3n por competencias espec\u00edficas que las empresas necesitan para mantenerse competitivas\u201d. En efecto, las cifras del \u00faltimo trimestre nos se\u00f1alan: el sector manufacturero registr\u00f3 un crecimiento del 4.2%, mientras que las exportaciones automotrices representaron el 36% del comercio exterior total del pa\u00eds, seg\u00fan datos del Instituto Nacional de Estad\u00edstica y Geograf\u00eda (INEGI).<\/p>\n\n\n\n<p class=\"wp-block-paragraph\">Desde su implementaci\u00f3n en julio de 2020, el T-MEC ha impulsado una serie de ajustes y oportunidades en sectores estrat\u00e9gicos como manufactura, automotriz y comercio exterior. En efecto, uno de los mayores retos que el mercado laboral enfrenta post-T-MEC es la creciente demanda de trabajadores altamente calificados. La llegada de empresas extranjeras, atra\u00eddas por los beneficios del tratado, ha creado un ambiente de competencia feroz por talento. Esto se traduce en un aumento del 8.7% en los salarios ofrecidos en el sector automotriz durante el \u00faltimo a\u00f1o, seg\u00fan un estudio interno de Robert Walters. \u201cLas compa\u00f1\u00edas no solo buscan ingenieros y t\u00e9cnicos especializados, sino tambi\u00e9n perfiles con conocimiento en comercio internacional y capacidad para navegar los nuevos requisitos regulatorios\u201d, nos dijo Alejandro Paz, Country Director de Robert Walters M\u00e9xico.<\/p>\n\n\n\n<p class=\"wp-block-paragraph\">Oro sector con enorme dinamismo en M\u00e9xico es la manufactura, que se mantiene como uno de los pilares del crecimiento econ\u00f3mico, y el T-MEC ha reforzado su importancia. En 2024, el sector manufacturero gener\u00f3 cerca de 4.2 millones de empleos directos, un incremento del 5% en comparaci\u00f3n con 2023. Este crecimiento ha sido particularmente visible en los estados del Baj\u00edo, como Quer\u00e9taro y Guanajuato, donde el auge de la manufactura avanzada ha atra\u00eddo inversi\u00f3n extranjera directa.<\/p>\n\n\n\n<p class=\"wp-block-paragraph\">Sin embargo, este auge tambi\u00e9n pone de manifiesto una brecha de habilidades. Alejandro Paz se\u00f1ala que \u201csi bien la demanda de talento ha crecido exponencialmente, existe un desajuste entre las competencias disponibles y las que requieren las empresas. Esto representa una oportunidad para que las organizaciones implementen programas de capacitaci\u00f3n y retenci\u00f3n de talento\u201d. El 45% de las empresas consultadas en un reciente informe de Robert Walters confirm\u00f3 estar invirtiendo en iniciativas de upskilling, especialmente en el uso de tecnolog\u00eda y automatizaci\u00f3n en procesos productivos.<\/p>\n\n\n\n<p class=\"wp-block-paragraph\">En el sector automotriz, es uno de los m\u00e1s beneficiados por el T-MEC y actualmente enfrenta un escenario de cambios acelerados. Las reglas de origen que establecen que el 75% de los componentes de un veh\u00edculo deben ser producidos en Norteam\u00e9rica han impulsado la reubicaci\u00f3n de cadenas de suministro y aumentado la demanda de proveedores locales. Este movimiento ha generado cerca de 300,000 nuevos empleos en la industria automotriz en los \u00faltimos tres a\u00f1os.<\/p>\n\n\n\n<p class=\"wp-block-paragraph\">Pese a este dinamismo, el sector tambi\u00e9n enfrenta retos significativos. La transici\u00f3n hacia veh\u00edculos el\u00e9ctricos, fomentada por incentivos en Estados Unidos, requiere un cambio en las habilidades laborales disponibles. \u201cLos profesionales con experiencia en tecnolog\u00edas sostenibles y energ\u00edas renovables se han convertido en perfiles estrat\u00e9gicos. Las empresas mexicanas deben adaptarse r\u00e1pidamente para no quedar rezagadas en esta transici\u00f3n global\u201d, comenta Paz.<\/p>\n\n\n\n<p class=\"wp-block-paragraph\">El comercio exterior, apalancado por el T-MEC, sigue siendo una de las principales fortalezas de la econom\u00eda mexicana. Durante 2024, las exportaciones alcanzaron un valor hist\u00f3rico de 540,000 millones de d\u00f3lares, consolidando a M\u00e9xico como uno de los principales socios comerciales de Estados Unidos. Este crecimiento ha generado un aumento del 12% en la contrataci\u00f3n de profesionales especializados en log\u00edstica y comercio internacional.<\/p>\n\n\n\n<p class=\"wp-block-paragraph\">No obstante, las complejidades regulatorias tambi\u00e9n han crecido. Los requisitos m\u00e1s estrictos en certificaciones y documentaci\u00f3n han impulsado la demanda de perfiles con experiencia en cumplimiento normativo. Alejandro Paz subraya que \u201clos profesionales que puedan garantizar la conformidad con las regulaciones del T-MEC son esenciales para evitar sanciones y maximizar la eficiencia en las operaciones\u201d.<\/p>\n\n\n\n<p class=\"wp-block-paragraph\">Norma Alicia Rosas fue reelegida en la Federaci\u00f3n Global de Asociaciones de Seguros.<\/p>\n\n\n\n<p class=\"wp-block-paragraph\">Buenas noticias para AMIS, pues su Directora General, Norma Alicia Rosas, fue reelegida como integrante del Comit\u00e9 Ejecutivo de la Federaci\u00f3n Global de Asociaciones de Seguros (GFIA, por sus siglas en ingl\u00e9s), durante la Asamblea General que se realiz\u00f3 en Sud\u00e1frica.<\/p>\n\n\n\n<p class=\"wp-block-paragraph\">El Comit\u00e9 Ejecutivo es responsable de proporcionar la direcci\u00f3n estrat\u00e9gica y dirigir la gesti\u00f3n de las actividades de GFIA de manera coherente con los deberes espec\u00edficos establecidos en los estatutos de la Asociaci\u00f3n. La responsabilidad de Norma Alicia, como \u201cMembership Executive\u201d, ser\u00e1 continuar con la promoci\u00f3n y el proceso de inclusi\u00f3n de nuevos asociados a GFIA.<\/p>\n\n\n\n<p class=\"wp-block-paragraph\"><strong>Registra el peso una ligera apreciaci\u00f3n de 0.3% ante el d\u00f3lar<\/strong><\/p>\n\n\n\n<p class=\"wp-block-paragraph\">\u201cNos encontramos en la antesala de cruciales decisiones de pol\u00edtica monetaria tanto de la Reserva Federal de Estados Unidos como del Banco de M\u00e9xico. De cara a estos eventos de pol\u00edtica monetaria de sumar relevancia, el peso mexicano se encuentra como uno de los instrumentos en el foco de atenci\u00f3n. Durante la jornada del parteaguas de la semana, la moneda mexicana ha demostrado una notable estabilidad frente al d\u00f3lar estadounidense.<\/p>\n\n\n\n<p class=\"wp-block-paragraph\">Este comportamiento, nos dice Qu\u00e1sar Elizundia, Estratega de Investigaci\u00f3n de Mercados- Pepperstone, refleja la cautela de los inversores que, si bien anticipan movimientos en las tasas de inter\u00e9s, prefieren mantenerse al margen de grandes apuestas hasta conocer el rumbo definitivo que tomar\u00e1n las autoridades monetarias. El mercado ya ha internalizado en gran medida un recorte de 25 puntos b\u00e1sicos por parte de la Fed. La verdadera clave estar\u00e1 en las proyecciones econ\u00f3micas para 2025 que se presenten. Estas nos dar\u00e1n una idea m\u00e1s clara de la senda que seguir\u00e1n las tasas de inter\u00e9s en el mediano plazo, y eso es lo que realmente mover\u00e1 al mercado.<\/p>\n\n\n\n<p class=\"wp-block-paragraph\"><a href=\"mailto:loscapitales@yahoo.com.mx\" target=\"_blank\" rel=\"noreferrer noopener\">loscapitales@yahoo.com.mx<\/a><\/p>\n\n\n\n<p class=\"wp-block-paragraph\"><a href=\"http:\/\/www.agendadeinversiones.com.mx\/\" target=\"_blank\" rel=\"noreferrer noopener\">www.agendadeinversiones.com.mx<\/a><\/p>\n\n\n\n<p class=\"wp-block-paragraph\">Twiter: @Edgar4712<\/p>\n","protected":false},"excerpt":{"rendered":"<p>&nbsp;Edgar Gonz\u00e1lez Mart\u00ednez SemM\u00e9xico, Cd. de M\u00e9xico, 20 de diciembre, 2024.- El T-MEC (M\u00e9xico-EU-Canad\u00e1), ha sido un catalizador de crecimiento en sectores clave, pero tambi\u00e9n ha generado una mayor presi\u00f3n por competencias espec\u00edficas que las empresas necesitan para mantenerse competitivas\u201d. En efecto, las cifras del \u00faltimo trimestre nos se\u00f1alan: el sector manufacturero registr\u00f3 un crecimiento [&hellip;]<\/p>\n","protected":false},"author":3,"featured_media":75979,"comment_status":"open","ping_status":"open","sticky":false,"template":"","format":"standard","meta":{"_monsterinsights_skip_tracking":false,"footnotes":""},"categories":[750,110,35],"tags":[],"class_list":["post-91204","post","type-post","status-publish","format-standard","has-post-thumbnail","category-edgar-gonzalez-martinez","category-la-opinion-columnas","category-opinion"],"_links":{"self":[{"href":"https:\/\/redsemlac.com\/semmexico\/wp-json\/wp\/v2\/posts\/91204","targetHints":{"allow":["GET"]}}],"collection":[{"href":"https:\/\/redsemlac.com\/semmexico\/wp-json\/wp\/v2\/posts"}],"about":[{"href":"https:\/\/redsemlac.com\/semmexico\/wp-json\/wp\/v2\/types\/post"}],"author":[{"embeddable":true,"href":"https:\/\/redsemlac.com\/semmexico\/wp-json\/wp\/v2\/users\/3"}],"replies":[{"embeddable":true,"href":"https:\/\/redsemlac.com\/semmexico\/wp-json\/wp\/v2\/comments?post=91204"}],"version-history":[{"count":0,"href":"https:\/\/redsemlac.com\/semmexico\/wp-json\/wp\/v2\/posts\/91204\/revisions"}],"wp:featuredmedia":[{"embeddable":true,"href":"https:\/\/redsemlac.com\/semmexico\/wp-json\/wp\/v2\/media\/75979"}],"wp:attachment":[{"href":"https:\/\/redsemlac.com\/semmexico\/wp-json\/wp\/v2\/media?parent=91204"}],"wp:term":[{"taxonomy":"category","embeddable":true,"href":"https:\/\/redsemlac.com\/semmexico\/wp-json\/wp\/v2\/categories?post=91204"},{"taxonomy":"post_tag","embeddable":true,"href":"https:\/\/redsemlac.com\/semmexico\/wp-json\/wp\/v2\/tags?post=91204"}],"curies":[{"name":"wp","href":"https:\/\/api.w.org\/{rel}","templated":true}]}}