{"id":91180,"date":"2024-12-19T10:43:34","date_gmt":"2024-12-19T16:43:34","guid":{"rendered":"https:\/\/redsemlac.com\/semmexico\/?p=91180"},"modified":"2024-12-19T10:43:36","modified_gmt":"2024-12-19T16:43:36","slug":"dia-internacional-del-migrante-historias-de-solidaridad-desde-chiapas-y-la-cdmx","status":"publish","type":"post","link":"https:\/\/redsemlac.com\/semmexico\/dia-internacional-del-migrante-historias-de-solidaridad-desde-chiapas-y-la-cdmx\/","title":{"rendered":"D\u00eda Internacional del Migrante: Historias de solidaridad desde Chiapas y la CDMX"},"content":{"rendered":"\n<p class=\"wp-block-paragraph\">Diego Fern\u00e1ndez<\/p>\n\n\n\n<p class=\"wp-block-paragraph\">SemM\u00e9xico,\u00a0 Cd. de M\u00e9xico, 19 de diciembre, 2024.- En el marco del\u00a0D\u00eda Internacional del Migrante, queremos compartir contigo dos iniciativas solidarias que destacan por su impacto en comunidades migrantes en M\u00e9xico, desde la Ciudad de M\u00e9xico hasta Chiapas.<\/p>\n\n\n\n<p class=\"wp-block-paragraph\">\u00a0Esperanza en la Plaza de la Soledad:\u00a0En la Ciudad de M\u00e9xico, Ricardo Torres impulsa una colecta solidaria para\u00a0llevar alegr\u00eda a centenares de migrantes varados en la Plaza de la Soledad. Busca reunir 40,000 pesos para regalar balones, fabricar aros con materiales reciclados y decorar sus viviendas temporales,\u00a0especialmente para ni\u00f1as, ni\u00f1os y adolescentes que encuentran en el juego una v\u00eda para reafirmar su identidad y humanidad en un contexto de gran vulnerabilidad.<\/p>\n\n\n\n<p class=\"wp-block-paragraph\">-Atenci\u00f3n integral en Chiapas desde la parter\u00eda:\u00a0En los Altos de Chiapas, el Centro de Partos de San Crist\u00f3bal lleva dos d\u00e9cadas trabajando por la salud sexual y reproductiva.\u00a0Ante la crisis migratoria en la frontera sur, estas parteras han extendido su labor con brigadas callejeras, ofreciendo atenci\u00f3n prenatal, ginecol\u00f3gica y medicina herbolaria a personas migrantes en tr\u00e1nsito, muchas de ellas en condiciones cr\u00edticas. Actualmente buscan recaudar 120,000 pesos para continuar brindando este apoyo vital.<\/p>\n\n\n\n<p class=\"wp-block-paragraph\">Ambas historias reflejan el esfuerzo colectivo de las y los mexicanos por hacer frente a los desaf\u00edos que enfrentan las personas migrantes, desde necesidades b\u00e1sicas hasta el cuidado emocional. En un a\u00f1o en el que\u00a0M\u00e9xico detect\u00f3 un r\u00e9cord de 925,000 migrantes irregulares, estas iniciativas demuestran la importancia de la empat\u00eda y la solidaridad frente a una crisis humanitaria sin precedentes.<\/p>\n\n\n\n<p class=\"wp-block-paragraph\">Ayuda a llevar esperanza a migrantes que viven en campamento en la Ciudad de M\u00e9xico<\/p>\n\n\n\n<p class=\"wp-block-paragraph\">Centenares de migrantes viven enormes dificultades en M\u00e9xico, pa\u00eds de tr\u00e1nsito en su camino hacia Estados Unidos y donde esperan su cita para poder solicitar asilo para continuar hacia el pa\u00eds del norte. La Ciudad de M\u00e9xico se ha llenado de personas que tratan de sobrevivir en M\u00e9xico, especialmente la Plaza de la Soledad, ubicada en el centro hist\u00f3rico de la capital.<\/p>\n\n\n\n<p class=\"wp-block-paragraph\">\u201cLa \u00e9poca decembrina afecta a todos de igual manera, evocando recuerdos de seres queridos que ya no est\u00e1n y momentos de tiempos mejores, lo que intensifica la nostalgia y melancol\u00eda. Ahora imagina vivir todo esto en una plaza, rodeado de desconocidos, pensando en los familiares y amigos que dejaste atr\u00e1s en tu pa\u00eds, o peor a\u00fan, en aquellos que perdiste en el camino, ya sea en el Dari\u00e9n o en la Bestia\u201d, relata Ricardo Torres, un hombre que decidi\u00f3 hacer una&nbsp;<a href=\"https:\/\/ses.prsts.de\/CL0\/https:%2F%2Fgofund.me%2F4117d4cb\/2\/01020193db309cdb-64af77ca-0ff0-4029-a5a4-b104070ae031-000000\/P9HcZkmum9eTa4EXvknoq2VmI7f9c85STKuU8YCVcu0=384\">colecta solidaria<\/a>&nbsp;para aportar un poco de esperanza a estas personas.<\/p>\n\n\n\n<p class=\"wp-block-paragraph\">Ricardo cuenta que vivir all\u00ed es como estar en una c\u00e1rcel al aire libre. Dice que las personas casi no salen de ese espacio, pues temen ser detenidas debido a su situaci\u00f3n irregular. No tienen a qui\u00e9n dejar sus pocas pertenencias, y muchos no hablan espa\u00f1ol, lo que aumenta su sensaci\u00f3n de alienaci\u00f3n, y salir del campamento para adentrarse en la ciudad resulta intimidante.<\/p>\n\n\n\n<p class=\"wp-block-paragraph\">Por esta raz\u00f3n, llevan meses atrapados en ese lugar, con muy pocas posibilidades de distracci\u00f3n o esparcimiento. La situaci\u00f3n afecta especialmente a los ni\u00f1os y adolescentes, quienes como \u00fanica fuente de diversi\u00f3n juegan al escondite entre la basura y las aguas negras, o improvisan deportes con balones viejos o hechos con basura.<\/p>\n\n\n\n<p class=\"wp-block-paragraph\">Es por esto, dice Ricardo, que quieren llevar alegr\u00eda a este lugar. Quieren reunir 40,000 pesos para regalar balones de baloncesto, ense\u00f1arles a fabricar aros con retazos de pl\u00e1stico y otros materiales, decorar el exterior de sus viviendas para que se sientan m\u00e1s acogidos y darles un sentido de individualidad que se pierde al estar en un campamento con miles de personas.<\/p>\n\n\n\n<p class=\"wp-block-paragraph\">\u201cQueremos fortalecer su identidad y humanidad al ofrecerles actividades que les permitan reafirmarse como individuos din\u00e1micos y creativos, m\u00e1s all\u00e1 de las categor\u00edas de migrantes o refugiados. Especialmente los ni\u00f1os y adolescentes merecen este impulso.<\/p>\n\n\n\n<p class=\"wp-block-paragraph\">M\u00e9xico detect\u00f3 un r\u00e9cord de 925.085 migrantes irregulares de enero a agosto de 2024, un incremento del 131.86 % ante los 398.991 del mismo lapso del a\u00f1o anterior.<\/p>\n\n\n\n<p class=\"wp-block-paragraph\">As\u00ed que si quieres contribuir a que estas personas que pasan por momentos tan complicados puedan encontrar un poco de esperanza da click y dona:&nbsp;<a href=\"https:\/\/ses.prsts.de\/CL0\/https:%2F%2Fgofund.me%2F4117d4cb\/3\/01020193db309cdb-64af77ca-0ff0-4029-a5a4-b104070ae031-000000\/ZHjzKHUlO4mYBKyAjMkEhM-Od_xexFHPXig98NUT4Ho=384\">https:\/\/gofund.me\/4117d4cb<\/a><\/p>\n\n\n\n<p class=\"wp-block-paragraph\"><strong>Migrantes en Chiapas reciben atenci\u00f3n desde el modelo de la parter\u00eda<\/strong><\/p>\n\n\n\n<p class=\"wp-block-paragraph\">En los \u00faltimos a\u00f1os ha crecido exponencialmente el n\u00famero de personas migrantes varadas en el estado de Chiapas, fronterizo con Guatemala, que pasan por esta demarcaci\u00f3n en su tr\u00e1nsito hacia Estados Unidos y que esperan en el pa\u00eds vecino su tr\u00e1mite para poder llegar a su destino final en busca de una vida sin violencia y oportunidades de vida.<\/p>\n\n\n\n<p class=\"wp-block-paragraph\">La mayor\u00eda de las personas en tr\u00e1nsito (procedentes de regiones como Centroam\u00e9rica o \u00c1frica, entre otros) llegan a M\u00e9xico con afectaciones en su estado de salud y son muchas las personas u organizaciones que tratan de ayudarles en este sentido.<\/p>\n\n\n\n<p class=\"wp-block-paragraph\">Entre ellos est\u00e1 el\u00a0Centro de Partos de San Crist\u00f3bal, una asociaci\u00f3n de parteras que ha trabajado por 20 a\u00f1os en los Altos de Chiapas en torno a la salud sexual y reproductiva \u201cdesde el respeto, la dignidad y la autonom\u00eda\u201d que abri\u00f3 una\u00a0colecta solidaria\u00a0para poder continuar con su labor.<\/p>\n\n\n\n<p class=\"wp-block-paragraph\">Las mujeres de esta organizaci\u00f3n cuentan que se han encontrado con una \u201csituaci\u00f3n&nbsp;devastadora, mujeres mayores, mujeres adultas, personas gestantes, infancias, adolescentes, personas de la comunidad LGBTQ+ y hombres sin acceso a condiciones salubres y seguras de vivienda, sin acceso a la salud o medicamentos y sin acceso a una alimentaci\u00f3n digna\u201d.<\/p>\n\n\n\n<p class=\"wp-block-paragraph\">Desde hace dos a\u00f1os salen con nuestras herramientas y recursos a brindar atenci\u00f3n de salud sexual y reproductiva desde el modelo de parter\u00eda. Esto, mediante brigadeo callejero, en donde dan atenci\u00f3n prenatal, ginecol\u00f3gica, medicina tradicional china y masajes abdominales.<\/p>\n\n\n\n<p class=\"wp-block-paragraph\">Adem\u00e1s, tambi\u00e9n reparten v\u00edveres, realizan medicina herbolaria que luego reparten entre las personas, adem\u00e1s de dar algunos medicamentos b\u00e1sicos y suplementos vitam\u00ednicos.<\/p>\n\n\n\n<p class=\"wp-block-paragraph\">Para poder continuar con esta importante labor que puede salvar la vida de muchas personas a trav\u00e9s de las brigadas, est\u00e1n tratando de reunir 120,000 pesos.<\/p>\n\n\n\n<p class=\"wp-block-paragraph\">\u201cLas brigadas nos han permitido dar atenci\u00f3n a personas en movilidad para que su paso por el sur de M\u00e9xico pueda ser amable y c\u00e1lido, no solo desde el cuidado f\u00edsico pero tambi\u00e9n desde lo emocional\u201d, relata la organizaci\u00f3n, quien record\u00f3 que cada peso suma y cada aportaci\u00f3n es muy valiosa.<\/p>\n\n\n\n<p class=\"wp-block-paragraph\"><strong>Acerca de&nbsp;<\/strong><a href=\"http:\/\/ses.prsts.de\/CL0\/http:%2F%2Fwww.gofundme.com%2Fes-mx\/1\/01020193db309cdb-64af77ca-0ff0-4029-a5a4-b104070ae031-000000\/9TfaiNslzwTJrook_ri8w94oCjb6jOPdO_YE0OUa9zE=384\"><strong>GoFundMe<\/strong><\/a><\/p>\n\n\n\n<p class=\"wp-block-paragraph\">GoFundMe es una plataforma de recaudaci\u00f3n de fondos impulsada por la comunidad con la misi\u00f3n de ayudar a que las personas se ayuden entre s\u00ed. Fundada en 2010, GoFundMe combina el storytelling y la recaudaci\u00f3n de fondos para facilitar que las personas den y reciban ayuda, conecten con donantes y alcancen sus metas. GoFundMe brinda la oportunidad de marcar una diferencia significativa para las comunidades y causas que son m\u00e1s importantes, urgentes y relevantes para las personas y la sociedad.<\/p>\n\n\n\n<p class=\"wp-block-paragraph\">GoFundMe tiene numerosas capas de seguridad y m\u00faltiples controles y procesos para prevenir el uso indebido. Nuestros expertos en Confianza y Seguridad, as\u00ed como los equipos de Riesgo y Cumplimiento de clase mundial, trabajan las 24 hrs del d\u00eda para revisar las recaudaciones de fondo y prevenir cualquier tipo de mal uso, utilizando tecnolog\u00edas y datos de $30 mil millones en recaudaci\u00f3n y millones de donaciones para detectar cualquier anomal\u00eda. Adem\u00e1s de nuestras verificaciones, nuestros socios bancarios realizan una segunda revisi\u00f3n y solamente cuando la persona u organizaci\u00f3n pasa estas verificaciones, el dinero se libera al beneficiario. La Garant\u00eda de Donaciones de GoFundMe ofrece un reembolso completo en el caso de que algo no est\u00e9 bien.&nbsp;<\/p>\n","protected":false},"excerpt":{"rendered":"<p>Diego Fern\u00e1ndez SemM\u00e9xico,\u00a0 Cd. de M\u00e9xico, 19 de diciembre, 2024.- En el marco del\u00a0D\u00eda Internacional del Migrante, queremos compartir contigo dos iniciativas solidarias que destacan por su impacto en comunidades migrantes en M\u00e9xico, desde la Ciudad de M\u00e9xico hasta Chiapas. \u00a0Esperanza en la Plaza de la Soledad:\u00a0En la Ciudad de M\u00e9xico, Ricardo Torres impulsa una [&hellip;]<\/p>\n","protected":false},"author":3,"featured_media":91181,"comment_status":"open","ping_status":"open","sticky":false,"template":"","format":"standard","meta":{"_monsterinsights_skip_tracking":false,"footnotes":""},"categories":[694,63],"tags":[],"class_list":["post-91180","post","type-post","status-publish","format-standard","has-post-thumbnail","category-destacadas","category-reportajes"],"_links":{"self":[{"href":"https:\/\/redsemlac.com\/semmexico\/wp-json\/wp\/v2\/posts\/91180","targetHints":{"allow":["GET"]}}],"collection":[{"href":"https:\/\/redsemlac.com\/semmexico\/wp-json\/wp\/v2\/posts"}],"about":[{"href":"https:\/\/redsemlac.com\/semmexico\/wp-json\/wp\/v2\/types\/post"}],"author":[{"embeddable":true,"href":"https:\/\/redsemlac.com\/semmexico\/wp-json\/wp\/v2\/users\/3"}],"replies":[{"embeddable":true,"href":"https:\/\/redsemlac.com\/semmexico\/wp-json\/wp\/v2\/comments?post=91180"}],"version-history":[{"count":0,"href":"https:\/\/redsemlac.com\/semmexico\/wp-json\/wp\/v2\/posts\/91180\/revisions"}],"wp:featuredmedia":[{"embeddable":true,"href":"https:\/\/redsemlac.com\/semmexico\/wp-json\/wp\/v2\/media\/91181"}],"wp:attachment":[{"href":"https:\/\/redsemlac.com\/semmexico\/wp-json\/wp\/v2\/media?parent=91180"}],"wp:term":[{"taxonomy":"category","embeddable":true,"href":"https:\/\/redsemlac.com\/semmexico\/wp-json\/wp\/v2\/categories?post=91180"},{"taxonomy":"post_tag","embeddable":true,"href":"https:\/\/redsemlac.com\/semmexico\/wp-json\/wp\/v2\/tags?post=91180"}],"curies":[{"name":"wp","href":"https:\/\/api.w.org\/{rel}","templated":true}]}}