{"id":91176,"date":"2024-12-19T10:37:41","date_gmt":"2024-12-19T16:37:41","guid":{"rendered":"https:\/\/redsemlac.com\/semmexico\/?p=91176"},"modified":"2024-12-19T10:37:42","modified_gmt":"2024-12-19T16:37:42","slug":"de-los-albergues-a-las-morgues-de-universidades-mas-de-400-personas-sin-hogar-terminan-ahi","status":"publish","type":"post","link":"https:\/\/redsemlac.com\/semmexico\/de-los-albergues-a-las-morgues-de-universidades-mas-de-400-personas-sin-hogar-terminan-ahi\/","title":{"rendered":"De los albergues a las morgues de universidades: m\u00e1s de 400 personas sin hogar terminan ah\u00ed"},"content":{"rendered":"\n<p class=\"wp-block-paragraph\"><strong><\/strong>Pedro Mart\u00edn Bribiesca Almaguer muri\u00f3 en el albergue Plaza del Estudiante y su cuerpo fue enviado a la Escuela Superior de Medicina del IPN pese a tener una ficha activa de b\u00fasqueda&nbsp;\/&nbsp;Ilustraci\u00f3n Daniel Rey y Daniel Gonz\u00e1lez<\/p>\n\n\n\n<p class=\"wp-block-paragraph\">Los refugios a cargo del gobierno de la Ciudad de M\u00e9xico enviaron los cad\u00e1veres de quienes murieron en sus instalaciones a escuelas de medicina para realizar pr\u00e1cticas.&nbsp;<\/p>\n\n\n\n<p class=\"wp-block-paragraph\">Esta es la historia de Pedro Bribiesca, a quien su familia lo busc\u00f3 por m\u00e1s de tres a\u00f1os<\/p>\n\n\n\n<p class=\"wp-block-paragraph\"><strong>Dana Estrada<\/strong><\/p>\n\n\n\n<p class=\"wp-block-paragraph\">SemM\u00e9xico\/El Sol de M\u00e9xico, Cd. de M\u00e9xico, 19 de diciembre, 2024.- Cinco de cada 10 cuerpos de personas en situaci\u00f3n\u00a0vulnerable o sin techo\u00a0que han muerto al interior de albergues administrados por la\u00a0Ciudad de M\u00e9xico\u00a0fueron utilizados en\u00a0pr\u00e1cticas para estudiantes de medicina\u00a0de la\u00a0UNAM\u00a0y el\u00a0IPN\u00a0en los \u00faltimos a\u00f1os.<\/p>\n\n\n\n<p class=\"wp-block-paragraph\">Entre\u00a02019 y 2022, nueve\u00a0Centros de Asistencia e Integraci\u00f3n Social (CAIS)\u00a0reportaron, v\u00eda transparencia, el fallecimiento de\u00a0783 usuarios\u00a0en sus instalaciones, de los cuales\u00a0427 fueron llevados a los anfiteatros universitarios\u00a0al no ser reclamados por sus familiares.<\/p>\n\n\n\n<p class=\"wp-block-paragraph\">Los albergues enviaron\u00a0265 cuerpos\u00a0al\u00a0Instituto Polit\u00e9cnico Nacional\u00a0y\u00a0<strong>162<\/strong>\u00a0a la\u00a0Universidad Nacional Aut\u00f3noma de M\u00e9xico; sin embargo, no en todos los casos los refugios revisaron que las personas\u00a0no fueran buscadas por sus familiares, como se\u00f1ala el protocolo.<\/p>\n\n\n\n<p class=\"wp-block-paragraph\">De esta omisi\u00f3n fue v\u00edctima\u00a0Pedro Mart\u00edn Bribiesca Almaguer, quien muri\u00f3 el\u00a011 de agosto de 2020\u00a0en el albergue\u00a0Plaza del Estudiante, a tres meses de haber ingresado a ese lugar, y su cuerpo fue enviado a la\u00a0Escuela Superior de Medicina del Instituto Polit\u00e9cnico Nacional, pese a tener una\u00a0ficha activa de b\u00fasqueda\u00a0desde diciembre de 2019.<\/p>\n\n\n\n<p class=\"wp-block-paragraph\">Luego de las pr\u00e1cticas estudiantiles, los restos de Pedro terminaron en la\u00a0fosa com\u00fan del Pante\u00f3n Civil de Dolores\u00a0el\u00a02 de mayo de 2022, casi dos a\u00f1os despu\u00e9s de su muerte. Su familia supo de su paradero hasta\u00a0<strong>2023<\/strong>, tres a\u00f1os despu\u00e9s de su desaparici\u00f3n.<\/p>\n\n\n\n<p class=\"wp-block-paragraph\">La\u00a0Secretar\u00eda de Bienestar e Igualdad Social\u00a0(Sebien) inform\u00f3 a\u00a0<strong>El Sol de M\u00e9xico<\/strong>, v\u00eda transparencia, que hasta 2022 los\u00a0<strong>CAIS<\/strong>\u00a0llevaban directamente los cuerpos a las escuelas de medicina como material de pr\u00e1ctica para los alumnos, pero esa actividad se detuvo el siguiente a\u00f1o a petici\u00f3n de las\u00a0Comisiones de B\u00fasqueda de Personas.<\/p>\n\n\n\n<p class=\"wp-block-paragraph\">\u201cConforme al procedimiento a seguir en caso de defunci\u00f3n, el personal de los\u00a0<strong>CAIS<\/strong>\u00a0emite un informe m\u00e9dico donde se detallan las causas del deceso, da vista a la Fiscal\u00eda para las investigaciones pertinentes, y, en caso de que no se presenten familiares que reclamen el cuerpo, este se env\u00eda al Instituto de Servicios Periciales y Ciencias Forenses (<strong>Incifo<\/strong>) para las acciones correspondientes, conforme a la normativa aplicable\u201d, explic\u00f3 la\u00a0<strong>Sebien<\/strong>\u00a0en su respuesta a una solicitud de informaci\u00f3n.<\/p>\n\n\n\n<figure class=\"wp-block-image\"><img decoding=\"async\" src=\"https:\/\/lh7-rt.googleusercontent.com\/docsz\/AD_4nXdGY3bjWdo_SpXssU03L_mO8V8R4wRdDi_YWW28pgmACxnTG6rriw520FgGHRuArpcsw3AxP0Z8fMD4w3FNzI2hj3QUZMh4GXOMFYqEHx1fW0bSecxu0gmTfl9gS3-UQIltIrPMx6GPHCSt-CkatWY?key=Jt9VqqmTWVKbLFU2nV1GIk4w\" alt=\"\"\/><\/figure>\n\n\n\n<p class=\"wp-block-paragraph\">\u201cEl personal que labora en los&nbsp;<strong>Centros de Asistencia e Integraci\u00f3n Social<\/strong>&nbsp;s\u00ed verifica que las personas usuarias no cuenten con una ficha de b\u00fasqueda\u201d, sostuvo.<\/p>\n\n\n\n<p class=\"wp-block-paragraph\">Pese a que el albergue, ubicado en la alcald\u00eda&nbsp;<strong>Iztacalco<\/strong>, ten\u00eda el nombre completo de&nbsp;<strong>Pedro<\/strong>&nbsp;y \u00e9l ten\u00eda una ficha de b\u00fasqueda activa, sus deudos afirman que la instituci\u00f3n no lo auxili\u00f3 para hallar a su familia.<\/p>\n\n\n\n<figure class=\"wp-block-image\"><img decoding=\"async\" src=\"https:\/\/lh7-rt.googleusercontent.com\/docsz\/AD_4nXfMT6J24B4kc-jpyIOd3znY4ThEpgwZs9iwRAiSUcMcXOEiIujoI6aD3zx_snHQvlXA2Q31-HbaU2AiPKVXpU9NBx5nIPczJURMfxxvda4TkEEK-VROHlckvB_nsI-Wt34Eah57oanc9ULloQdWOA?key=Jt9VqqmTWVKbLFU2nV1GIk4w\" alt=\"\"\/><\/figure>\n\n\n\n<p class=\"wp-block-paragraph\">\u201cCre\u00edmos que ir\u00edamos a un&nbsp;<strong>Semefo<\/strong>&nbsp;a reconocerlo, pero nos ense\u00f1aron fotos de su cuerpo, antes de que fuera<strong>&nbsp;sepultado en la fosa com\u00fan<\/strong>. No lo reconocimos, nos neg\u00e1bamos a decir que s\u00ed era, s\u00f3lo sus tatuajes nos confirmaron que era. Su cuerpo estaba muy delgado y maltratado, primero por haber vivido en la calle y despu\u00e9s por todo lo que le hicieron los estudiantes\u201d, dijo Viridiana, una de sus familiares.<\/p>\n\n\n\n<p class=\"wp-block-paragraph\">Entre 2019 y 2024, las<strong>&nbsp;muertes totales dentro de los centros de asistencia capitalina<\/strong>&nbsp;suman mil 74. El albergue de Cuautepec, dedicado a adultos mayores, es el que m\u00e1s defunciones registr\u00f3 en ese periodo con 313 defunciones.<\/p>\n\n\n\n<p class=\"wp-block-paragraph\">La Sebien proporcion\u00f3 un listado de<strong>&nbsp;92 causas de muerte<\/strong>, como infarto agudo al miocardio, infarto fulminante, abdomen agudo, constipaci\u00f3n parasitosis intestinal,<strong>&nbsp;accidente vascular cerebral, amibiasi<\/strong>s en intestino cr\u00f3nico, desequilibrio hidroelectrol\u00edtico, bradicardia cr\u00f3nica, paro respiratorio, bronconeumon\u00eda, y bronquitis aguda, entre otras.<\/p>\n\n\n\n<p class=\"wp-block-paragraph\"><strong>As\u00ed reciben los cuerpos<\/strong><\/p>\n\n\n\n<p class=\"wp-block-paragraph\">La&nbsp;<strong>UNAM<\/strong>&nbsp;inform\u00f3 a trav\u00e9s de una solicitud de transparencia realizada por este medio que durante el mismo periodo (2019 a 2022)&nbsp;<strong>recibi\u00f3 171 cuerpos directamente de los CAIS<\/strong>, nueve cuerpos m\u00e1s que lo reportado por la Secretar\u00eda de Bienestar e Igualdad.<\/p>\n\n\n\n<p class=\"wp-block-paragraph\">El a\u00f1o en que m\u00e1s restos recibieron de estos centros de atenci\u00f3n para personas en situaci\u00f3n de calle o vulnerable fue en 2018, con 93 cuerpos.<\/p>\n\n\n\n<figure class=\"wp-block-image\"><img decoding=\"async\" src=\"https:\/\/lh7-rt.googleusercontent.com\/docsz\/AD_4nXccJszLO9qRhth0ZQl9eE8s1er4iWKL3pRNCFB-VbM7f4IF9_LcuOqibLjf3DWNtKEgTcgH0nxnZvKHQcFm65Z95Z2AdReZdRTVTIpRpPZZooV39Upqo7DvRwWIMMqNlSmy8DyWjlcHCfWRTYwomcg?key=Jt9VqqmTWVKbLFU2nV1GIk4w\" alt=\"\"\/><\/figure>\n\n\n\n<p class=\"wp-block-paragraph\">\u201cEs importante aclarar que del a\u00f1o 2018 a 2022 se<strong>&nbsp;recibieron cuerpos de los Centros de Asistencia e Integraci\u00f3n Social<\/strong>&nbsp;(CAIS) pero no como&nbsp;<strong>donaci\u00f3n<\/strong>, sino \u00fanicamente como<strong>&nbsp;depositarios de estos,<\/strong>&nbsp;hasta que en el a\u00f1o 2022 por indicaciones del Gobierno de la Ciudad de M\u00e9xico y de las Comisiones de B\u00fasqueda de Personas, se dej\u00f3 de recibir cuerpos directamente de los CAIS\u201d, detall\u00f3.<\/p>\n\n\n\n<p class=\"wp-block-paragraph\">La m\u00e1xima casa de estudios inform\u00f3 que desde 2002 exist\u00eda un convenio con el gobierno de la Ciudad de M\u00e9xico, en el que, a trav\u00e9s de los centros de asistencia, los cuerpos de personas en situaci\u00f3n de calle que alguna vez fueron remitidos a estos albergues pod\u00edan ser utilizados con fines para la docencia e investigaci\u00f3n.<\/p>\n\n\n\n<figure class=\"wp-block-image\"><img decoding=\"async\" src=\"https:\/\/lh7-rt.googleusercontent.com\/docsz\/AD_4nXdlCl71R2-vqzoYIJQUQolTU_Plmjgxb8nX52LTUw82ZEszlugu30pVZMBHd6cmRaKOdC58QB8fMFS3cHImK-acYlESgk5Pq06Vbbwj1T3KpsedDIa0P-xt_2I0tBxK-fKlwy3pBzLMznZaFyU2d8o?key=Jt9VqqmTWVKbLFU2nV1GIk4w\" alt=\"\"\/><\/figure>\n\n\n\n<p class=\"wp-block-paragraph\">\u201cTodos los cuerpos provenientes de los<strong>&nbsp;CAIS llegaban directamente a nuestro anfiteatro, en donde se les daban m\u00e9todos de conservaci\u00f3n<\/strong>&nbsp;para poder ser utilizados para los fines establecidos\u201d, explic\u00f3.<\/p>\n\n\n\n<p class=\"wp-block-paragraph\">La universidad tambi\u00e9n dio a conocer que entre 2019 y 2020, previo a los nuevos lineamientos de las comisiones de b\u00fasqueda de personas<strong>, nueve familias acudieron a sus instalaciones para recuperar los cuerpos de sus seres queridos<\/strong>: cuatro en 2019 y cinco en 2020.<\/p>\n\n\n\n<p class=\"wp-block-paragraph\">A partir de ese a\u00f1o la&nbsp;<strong>universidad no regres\u00f3 m\u00e1s cuerpos directamente a las familias<\/strong>, sin antes tener una solicitud del Incifo, a trav\u00e9s del&nbsp;<strong>Tribunal Superior de Justicia de la CdMx.<\/strong><\/p>\n\n\n\n<p class=\"wp-block-paragraph\">Para los cuerpos prestados, la&nbsp;<strong>UNAM<\/strong>&nbsp;<strong>estipula un tiempo de permanencia en sus anfiteatros de un a\u00f1o<\/strong>&nbsp;a partir del registro de la defunci\u00f3n.<\/p>\n\n\n\n<p class=\"wp-block-paragraph\">\u201cEn cuanto al tiempo que permanecen los cuerpos provenientes de los CAIS en esta instituci\u00f3n, depende del uso que se les d\u00e9 a los mismos, sin embargo, de conformidad con lo establecido en el Reglamento del Registro Civil vigente en la&nbsp;<strong>Ciudad de M\u00e9xico<\/strong>, el t\u00e9rmino para la autorizaci\u00f3n del acta extempor\u00e1nea de defunci\u00f3n ser\u00e1 de un a\u00f1o\u201d, precis\u00f3 la universidad.<\/p>\n\n\n\n<p class=\"wp-block-paragraph\">Tambi\u00e9n inform\u00f3 que una vez cumplido este plazo, la instituci\u00f3n manda los cad\u00e1veres a la&nbsp;<strong>fosa com\u00fan del Pante\u00f3n Civil de Dolores<\/strong>, en la alcald\u00eda&nbsp;<strong>Miguel Hidalgo<\/strong>, ubicado a 17 kil\u00f3metros de la&nbsp;<strong>facultad de medicina<\/strong>.<\/p>\n\n\n\n<p class=\"wp-block-paragraph\">La&nbsp;<strong>UNAM<\/strong>&nbsp;reconoci\u00f3 que no era el \u00f3rgano encargado de verificar la&nbsp;<strong>identidad de los cuerpos<\/strong>&nbsp;que llegaban a sus instalaciones, ya que previamente los&nbsp;<strong>centros de asistencia<\/strong>&nbsp;deb\u00edan verificar que sus usuarios no cuenten con&nbsp;<strong>fichas de b\u00fasqueda<\/strong>.<\/p>\n\n\n\n<p class=\"wp-block-paragraph\">\u201cLos cuerpos ingresaban a esta instituci\u00f3n con los datos proporcionados en los&nbsp;<strong>CAIS<\/strong>&nbsp;y era dicha dependencia quien se encargaba de verificar si exist\u00eda alguna&nbsp;<strong>ficha de b\u00fasqueda<\/strong>&nbsp;cuando la persona a\u00fan se encontraba con vida\u201d, reiter\u00f3.<\/p>\n\n\n\n<figure class=\"wp-block-image\"><img decoding=\"async\" src=\"https:\/\/lh7-rt.googleusercontent.com\/docsz\/AD_4nXdfJ93pRvy5igfErRu6lFID668_Y73v9tF6pbjAwQRzSwwzfbmfNVkNEVIoBIbgQOCrGefbWnTiRLJNyw1yWq9y-djbcGUtDBq9wgHQPvXu1shJFC2hIO_hL3LyhB_nGdNlxSoWaKbSeVWUbOVX7w?key=Jt9VqqmTWVKbLFU2nV1GIk4w\" alt=\"\"\/><\/figure>\n\n\n\n<p class=\"wp-block-paragraph\">El IPN, instituci\u00f3n que recibi\u00f3 el cuerpo de Pedro, aplaz\u00f3 el tiempo para responder, v\u00eda transparencia, el n\u00famero de cuerpos que los albergues remitieron directamente a sus instalaciones desde 2019 para realizar dichas pr\u00e1cticas.<\/p>\n\n\n\n<p class=\"wp-block-paragraph\">De acuerdo con la<strong>&nbsp;Escuela Superior de Medicina del IPN, Pedro Mart\u00edn Bribiesca Almaguer<\/strong>&nbsp;<strong>falleci\u00f3<\/strong>&nbsp;por un<strong>&nbsp;infarto agudo<\/strong>&nbsp;al&nbsp;<strong>miocardio<\/strong>, producto de una&nbsp;<strong>anemia severa<\/strong>, en conjunto con una<strong>&nbsp;desnutrici\u00f3n grado III<\/strong>, detalla un reporte de la Comisi\u00f3n Nacional de B\u00fasqueda, que en 2022 se involucr\u00f3 en el caso.<\/p>\n\n\n\n<figure class=\"wp-block-image\"><img decoding=\"async\" src=\"https:\/\/lh7-rt.googleusercontent.com\/docsz\/AD_4nXd-Enn64Ex8ShPnDGpVax7-QW5A5YiCzAisEbS9yGc1hcuIw1ehOjgwacIpgGPFi_froBYbC9dYMI5B0HNCZ6b_vYZ9TEOKkxGmw2QXl3cgM5UZX8VKwD-_pPAlY62OFphotd-lggANW-A3aKxHEg?key=Jt9VqqmTWVKbLFU2nV1GIk4w\" alt=\"\"\/><\/figure>\n\n\n\n<p class=\"wp-block-paragraph\">La Comisi\u00f3n hall\u00f3 una pista de su paradero, al comparar un listado de nombres de personas fallecidas inhumadas en la Fosa Com\u00fan del&nbsp;<strong>Pante\u00f3n Civil de Dolores<\/strong>&nbsp;contra el listado de nombres de personas reportadas como desaparecidas en el<strong>&nbsp;Registro Nacional de Personas Desaparecidas y No Localizadas.<\/strong><\/p>\n\n\n\n<p class=\"wp-block-paragraph\">Para recuperar<strong>&nbsp;el cuerpo de Pedro,<\/strong>&nbsp;los trabajadores del pante\u00f3n le&nbsp;<strong>pidieron 40 mil pesos a su familia<\/strong>, cifra que no pudo pagar, por lo que su ser querido permanece en una tumba comunitaria con m\u00e1s de 100 cad\u00e1veres sin reclamar.<\/p>\n\n\n\n<p class=\"wp-block-paragraph\"><strong>Sus seres queridos pusieron su nombre con un plum\u00f3n en la placa de identificaci\u00f3n de la fosa<\/strong>, a donde este 2 de noviembre le llevaron flores de cempas\u00fachil y terciopelo, agua y le pusieron algunas de sus canciones preferidas:&nbsp;<em>Muri\u00f3 la flor<\/em>, de Los \u00c1ngeles Negros, y&nbsp;<em>Sufrir me toc\u00f3<\/em>, de Los Solitarios.<\/p>\n","protected":false},"excerpt":{"rendered":"<p>Pedro Mart\u00edn Bribiesca Almaguer muri\u00f3 en el albergue Plaza del Estudiante y su cuerpo fue enviado a la Escuela Superior de Medicina del IPN pese a tener una ficha activa de b\u00fasqueda&nbsp;\/&nbsp;Ilustraci\u00f3n Daniel Rey y Daniel Gonz\u00e1lez Los refugios a cargo del gobierno de la Ciudad de M\u00e9xico enviaron los cad\u00e1veres de quienes murieron en [&hellip;]<\/p>\n","protected":false},"author":3,"featured_media":91177,"comment_status":"open","ping_status":"open","sticky":false,"template":"","format":"standard","meta":{"_monsterinsights_skip_tracking":false,"footnotes":""},"categories":[694,63],"tags":[],"class_list":["post-91176","post","type-post","status-publish","format-standard","has-post-thumbnail","category-destacadas","category-reportajes"],"_links":{"self":[{"href":"https:\/\/redsemlac.com\/semmexico\/wp-json\/wp\/v2\/posts\/91176","targetHints":{"allow":["GET"]}}],"collection":[{"href":"https:\/\/redsemlac.com\/semmexico\/wp-json\/wp\/v2\/posts"}],"about":[{"href":"https:\/\/redsemlac.com\/semmexico\/wp-json\/wp\/v2\/types\/post"}],"author":[{"embeddable":true,"href":"https:\/\/redsemlac.com\/semmexico\/wp-json\/wp\/v2\/users\/3"}],"replies":[{"embeddable":true,"href":"https:\/\/redsemlac.com\/semmexico\/wp-json\/wp\/v2\/comments?post=91176"}],"version-history":[{"count":0,"href":"https:\/\/redsemlac.com\/semmexico\/wp-json\/wp\/v2\/posts\/91176\/revisions"}],"wp:featuredmedia":[{"embeddable":true,"href":"https:\/\/redsemlac.com\/semmexico\/wp-json\/wp\/v2\/media\/91177"}],"wp:attachment":[{"href":"https:\/\/redsemlac.com\/semmexico\/wp-json\/wp\/v2\/media?parent=91176"}],"wp:term":[{"taxonomy":"category","embeddable":true,"href":"https:\/\/redsemlac.com\/semmexico\/wp-json\/wp\/v2\/categories?post=91176"},{"taxonomy":"post_tag","embeddable":true,"href":"https:\/\/redsemlac.com\/semmexico\/wp-json\/wp\/v2\/tags?post=91176"}],"curies":[{"name":"wp","href":"https:\/\/api.w.org\/{rel}","templated":true}]}}