{"id":91149,"date":"2024-12-18T17:33:23","date_gmt":"2024-12-18T23:33:23","guid":{"rendered":"https:\/\/redsemlac.com\/semmexico\/?p=91149"},"modified":"2024-12-18T17:33:25","modified_gmt":"2024-12-18T23:33:25","slug":"ambito-municipal-el-mas-violento-contra-mujeres-que-aspiran-o-que-ocupan-cargos-publicos","status":"publish","type":"post","link":"https:\/\/redsemlac.com\/semmexico\/ambito-municipal-el-mas-violento-contra-mujeres-que-aspiran-o-que-ocupan-cargos-publicos\/","title":{"rendered":"\u00c1mbito municipal el m\u00e1s violento contra mujeres que aspiran o que ocupan cargos p\u00fablicos"},"content":{"rendered":"\n<ul class=\"wp-block-list\">\n<li>El pasado proceso electoral cuando m\u00e1s denuncias por VPMRG se presentaron: mil 612 casos<\/li>\n\n\n\n<li>Irimbo, Michoac\u00e1n, un caso emblem\u00e1tico de justicia electoral<\/li>\n<\/ul>\n\n\n\n<p class=\"wp-block-paragraph\">Elda Montiel<\/p>\n\n\n\n<p class=\"wp-block-paragraph\">SemM\u00e9xico. Ciudad de M\u00e9xico. 18 de diciembre 2024.- Las mujeres candidatas o ya en los cargos en las presidencias municipales y regidur\u00edas son las m\u00e1s violentadas pol\u00edticamente en raz\u00f3n de g\u00e9nero, destac\u00f3 el Informe del proceso electoral 2023-2024 presentado por el Observatorio de Participaci\u00f3n Pol\u00edtica de la Mujeres en M\u00e9xico (OPPMM), en el que tambi\u00e9n se destac\u00f3 que fue el proceso en el que m\u00e1s denuncias se presentaron.<\/p>\n\n\n\n<p class=\"wp-block-paragraph\">En este proceso electoral se denunciaron m\u00e1s de mil 616 casos de los cuales s\u00f3lo 211 resultaron con an\u00e1lisis de fondo, en 14 por ciento ya hay pronunciamientos, pero la mayor\u00eda no acreditaron violencia pol\u00edtica contra las mujeres en raz\u00f3n de g\u00e9nero y s\u00f3lo en el 4.71 por ciento s\u00ed procedieron.<\/p>\n\n\n\n<p class=\"wp-block-paragraph\">El hecho m\u00e1s emblem\u00e1tico fue la anulaci\u00f3n de las elecciones en el municipio de Irimbo, Michoac\u00e1n, tras acreditarse que se cometi\u00f3 violencia pol\u00edtica en raz\u00f3n de g\u00e9nero en contra de quien fuera la candidata del PRD. En elecci\u00f3n extraordinaria la candidata, Azucena Ru\u00edz Alan\u00eds, gan\u00f3 la presidencia municipal el pasado 9 de diciembre.&nbsp;&nbsp;<\/p>\n\n\n\n<p class=\"wp-block-paragraph\">En sesi\u00f3n ordinaria del Observatorio, la secretaria t\u00e9cnica de Igualdad e Inclusi\u00f3n del Tribunal Electoral del Poder Judicial de la Federaci\u00f3n (TEPJF), Adriana Favela Herrera, destac\u00f3 que aunque el 57 por ciento de los casos se encuentran en tr\u00e1mite, fue el n\u00famero m\u00e1s alto registrado lo que significa que ya se est\u00e1 denunciando la violencia en raz\u00f3n de g\u00e9nero, es muy importante porque eran m\u00ednimas las denuncias.&nbsp;<\/p>\n\n\n\n<p class=\"wp-block-paragraph\">Tambi\u00e9n consider\u00f3 que la violencia pol\u00edtica en raz\u00f3n de g\u00e9nero se erradicar\u00e1 cuando los partidos pol\u00edticos act\u00faen con igualdad, pues muchas de las agresiones vienen de los dirigentes partidistas, de los candidatos que eligen pues son muy pocos los independientes, y son los mismos partidos qui\u00e9nes no permiten reelegirse en un cargo a sus militantes mujeres al ponerles obst\u00e1culos.<\/p>\n\n\n\n<p class=\"wp-block-paragraph\">Adriana Favela enfatiz\u00f3 en la importancia que las mujeres aprendan estrategias para detectar efectivamente la violencia pol\u00edtica de g\u00e9nero para que estas procedan en las diversas instancias de denuncias, que pueden ser el Procedimiento Especial Sancionador (PES), que es un recurso jur\u00eddico que tiene como objeto tutelar la regularidad de los procesos electorales y la salvaguarda de los principios constitucionales en la materia de manera expedita.&nbsp;&nbsp;<\/p>\n\n\n\n<p class=\"wp-block-paragraph\">Pueden recurrir a la impugnaci\u00f3n para lograr la anulaci\u00f3n de esa elecci\u00f3n, la v\u00eda penal cuando quieran que sean sancionados y la v\u00eda administrativa si son servidores p\u00fablicos, incluso pueden recurrir a una o dos instancias al mismo tiempo si lo amerita.&nbsp;<\/p>\n\n\n\n<p class=\"wp-block-paragraph\">Por su parte, Muriel Salinas D\u00edaz se\u00f1al\u00f3 que s\u00f3lo 16 entidades respondieron a la solicitud de informaci\u00f3n, las dem\u00e1s fuentes fueron el INE, los Organismos P\u00fablicos Electorales (OPLES) y que desde mayo de este a\u00f1o el TEPJF cuenta con una Defensor\u00eda Especializada con una defensor\u00eda especializada que atiende solamente casos de violencia pol\u00edtica hacia las mujeres en raz\u00f3n de g\u00e9nero, a la fecha ha atendido m\u00e1s de 80 casos de manera gratuita.&nbsp;<\/p>\n\n\n\n<p class=\"wp-block-paragraph\"><strong>Los principales agresores<\/strong><\/p>\n\n\n\n<p class=\"wp-block-paragraph\">El informe rebela que los principales agresores de violencia pol\u00edtica contra las mujeres en raz\u00f3n de g\u00e9nero son los dirigentes de los partidos pol\u00edticos, los medios de comunicaci\u00f3n digital y el funcionariado de los ayuntamientos.<\/p>\n\n\n\n<p class=\"wp-block-paragraph\">Las mujeres m\u00e1s violentadas son las que aspiran o est\u00e1n en el cargo en presidencias municipales y regidur\u00edas.&nbsp;<\/p>\n\n\n\n<p class=\"wp-block-paragraph\">Se descubri\u00f3 que esta violencia es permanente no s\u00f3lo durante procesos electorales.&nbsp;<\/p>\n\n\n\n<p class=\"wp-block-paragraph\">En todos los estados del pa\u00eds se ha ejercido violencia pol\u00edtica en raz\u00f3n de genero m\u00e1s recurrente en Hidalgo, Estado de M\u00e9xico, Ciudad de M\u00e9xico y Oaxaca.&nbsp;&nbsp;<\/p>\n\n\n\n<p class=\"wp-block-paragraph\">Resulta importante que si fueron mil 616 asuntos reportados se encontr\u00f3 que resultan perpretadoras mil 272 personas, ya que en una violencia participan dos o m\u00e1s personas, como un presidente municipal, un regidor o un s\u00edndico.<\/p>\n\n\n\n<p class=\"wp-block-paragraph\">De los asuntos denunciados 26 fueron asuntos partidistas y se sabe de ellos porque los plantearon en el INE o en las OPLES.&nbsp;<\/p>\n\n\n\n<p class=\"wp-block-paragraph\">58 por ciento son hombres los violentadores y 22.5 por ciento mujeres que violentan a mujeres. En 20 por ciento no se puede saber sexo, ya que fueron agresiones por redes sociales o medios digitales o de comunicaci\u00f3n.<\/p>\n\n\n\n<p class=\"wp-block-paragraph\">La secretaria t\u00e9cnica Alejandra Montoya Mexia, a nombre de la magistrada presidenta del TEPJF, M\u00f3nica Soto Fregoso, quien a su vez funge como presidenta en turno del Observatorio, precis\u00f3 que este informe permite medir de manera estad\u00edstica, los obst\u00e1culos y avances en la participaci\u00f3n pol\u00edtica de las mujeres, en condiciones de igualdad y libres de violencia.<\/p>\n\n\n\n<p class=\"wp-block-paragraph\">En 2014 se cre\u00f3 el Observatorio de Participaci\u00f3n Pol\u00edtica de las Mujeres en M\u00e9xico, est\u00e1 integrado por el Tribunal Electoral del Poder Judicial de la Federaci\u00f3n (TEPJF), el Instituto Nacional Electoral (INE) y la Secretar\u00eda de las Mujeres, adem\u00e1s de representantes de la sociedad civil.<\/p>\n\n\n\n<p class=\"wp-block-paragraph\">Busca dotar de herramientas para el acompa\u00f1amiento de la participaci\u00f3n pol\u00edtica de las mujeres, a fin de generar proyectos y acciones con el objetivo de proteger el principio de paridad y eliminar todo tipo de violencia a las mujeres que participan en pol\u00edtica, desde sus candidaturas hasta el ejercicio del cargo.<\/p>\n\n\n\n<p class=\"wp-block-paragraph\">Durante el desarrollo de la sesi\u00f3n ordinaria, la subsecretaria de Igualdad Sustantiva Mar\u00eda Elvira Concheiro B\u00f3rquez, en representaci\u00f3n de Minerva Citlalli Hern\u00e1ndez Mora, titular de la Secretar\u00eda de las Mujeres, enfatiz\u00f3 el gran reto al que nos enfrentamos en cuanto al rezago de los derechos humanos de las mujeres, en espec\u00edfico de los derechos pol\u00edtico-electorales.<\/p>\n\n\n\n<p class=\"wp-block-paragraph\">En la sesi\u00f3n participaron representantes del INE, del TEPJF, de los Observatorios Locales, magistraturas electorales locales, consejer\u00edas electorales locales, Fiscal\u00edas Especializadas en Delitos Electorales de las entidades federativas, integrantes de la academia y de la sociedad civil.<\/p>\n\n\n\n<p class=\"wp-block-paragraph\">SEM\/em\/sj<\/p>\n","protected":false},"excerpt":{"rendered":"<p>Elda Montiel SemM\u00e9xico. Ciudad de M\u00e9xico. 18 de diciembre 2024.- Las mujeres candidatas o ya en los cargos en las presidencias municipales y regidur\u00edas son las m\u00e1s violentadas pol\u00edticamente en raz\u00f3n de g\u00e9nero, destac\u00f3 el Informe del proceso electoral 2023-2024 presentado por el Observatorio de Participaci\u00f3n Pol\u00edtica de la Mujeres en M\u00e9xico (OPPMM), en el [&hellip;]<\/p>\n","protected":false},"author":3,"featured_media":91150,"comment_status":"open","ping_status":"open","sticky":false,"template":"","format":"standard","meta":{"_monsterinsights_skip_tracking":false,"footnotes":""},"categories":[694],"tags":[],"class_list":["post-91149","post","type-post","status-publish","format-standard","has-post-thumbnail","category-destacadas"],"_links":{"self":[{"href":"https:\/\/redsemlac.com\/semmexico\/wp-json\/wp\/v2\/posts\/91149","targetHints":{"allow":["GET"]}}],"collection":[{"href":"https:\/\/redsemlac.com\/semmexico\/wp-json\/wp\/v2\/posts"}],"about":[{"href":"https:\/\/redsemlac.com\/semmexico\/wp-json\/wp\/v2\/types\/post"}],"author":[{"embeddable":true,"href":"https:\/\/redsemlac.com\/semmexico\/wp-json\/wp\/v2\/users\/3"}],"replies":[{"embeddable":true,"href":"https:\/\/redsemlac.com\/semmexico\/wp-json\/wp\/v2\/comments?post=91149"}],"version-history":[{"count":0,"href":"https:\/\/redsemlac.com\/semmexico\/wp-json\/wp\/v2\/posts\/91149\/revisions"}],"wp:featuredmedia":[{"embeddable":true,"href":"https:\/\/redsemlac.com\/semmexico\/wp-json\/wp\/v2\/media\/91150"}],"wp:attachment":[{"href":"https:\/\/redsemlac.com\/semmexico\/wp-json\/wp\/v2\/media?parent=91149"}],"wp:term":[{"taxonomy":"category","embeddable":true,"href":"https:\/\/redsemlac.com\/semmexico\/wp-json\/wp\/v2\/categories?post=91149"},{"taxonomy":"post_tag","embeddable":true,"href":"https:\/\/redsemlac.com\/semmexico\/wp-json\/wp\/v2\/tags?post=91149"}],"curies":[{"name":"wp","href":"https:\/\/api.w.org\/{rel}","templated":true}]}}