{"id":91143,"date":"2024-12-18T17:32:00","date_gmt":"2024-12-18T23:32:00","guid":{"rendered":"https:\/\/redsemlac.com\/semmexico\/?p=91143"},"modified":"2024-12-18T17:32:01","modified_gmt":"2024-12-18T23:32:01","slug":"protesta-victima-de-acoso-sexual-en-informe-del-presidente-municipal-de-oaxaca","status":"publish","type":"post","link":"https:\/\/redsemlac.com\/semmexico\/protesta-victima-de-acoso-sexual-en-informe-del-presidente-municipal-de-oaxaca\/","title":{"rendered":"Protesta v\u00edctima de acoso sexual en informe del presidente municipal de Oaxaca\u00a0"},"content":{"rendered":"\n<ul class=\"wp-block-list\">\n<li>Tengo derecho a defender mis derechos, dice y acusa que ha pasado un a\u00f1o sin justicia<\/li>\n\n\n\n<li>El denunciado fue el regidor de Bienestar y Normatividad, Ren\u00e9 Ric\u00e1rdez<\/li>\n<\/ul>\n\n\n\n<p class=\"wp-block-paragraph\">Lisbeth Mej\u00eda Reyes&nbsp;<\/p>\n\n\n\n<p class=\"wp-block-paragraph\">SemM\u00e9xico, Oaxaca, 18 de diciembre, 2024.- Alejandra, ex empleada del ayuntamiento de Oaxaca de Ju\u00e1rez que denunci\u00f3, a fines del 2023, al regidor Ren\u00e9 Ric\u00e1rdez Lim\u00f3n por acoso sexualmente, protest\u00f3 este martes durante el tercer y \u00faltimo informe del presidente municipal, Francisco Mart\u00ednez Neri, para se\u00f1alar que a m\u00e1s de un a\u00f1o de la agresi\u00f3n sigue sin conseguir justicia, pese a que hay una carpeta de investigaci\u00f3n en la fiscal\u00eda general del Estado de Oaxaca.&nbsp;<\/p>\n\n\n\n<p class=\"wp-block-paragraph\">La Defensor\u00eda de los Derechos Humanos del Pueblo de Oaxaca dijo que abrir\u00e1 una queja de oficio para pedir informes de la carpeta de investigaci\u00f3n en la Fiscal\u00eda, en tanto contacta a la v\u00edctima. La defensora Elizabeth Lara Rodr\u00edguez, dijo que hasta antes de la protesta desconoc\u00eda del caso.&nbsp;<\/p>\n\n\n\n<figure class=\"wp-block-image size-full\"><a href=\"https:\/\/redsemlac.com\/semmexico\/wp-content\/uploads\/2024\/12\/Rene-1.jpg\"><img loading=\"lazy\" decoding=\"async\" width=\"432\" height=\"576\" src=\"https:\/\/redsemlac.com\/semmexico\/wp-content\/uploads\/2024\/12\/Rene-1.jpg\" alt=\"\" class=\"wp-image-91146\" srcset=\"https:\/\/redsemlac.com\/semmexico\/wp-content\/uploads\/2024\/12\/Rene-1.jpg 432w, https:\/\/redsemlac.com\/semmexico\/wp-content\/uploads\/2024\/12\/Rene-1-225x300.jpg 225w, https:\/\/redsemlac.com\/semmexico\/wp-content\/uploads\/2024\/12\/Rene-1-150x200.jpg 150w, https:\/\/redsemlac.com\/semmexico\/wp-content\/uploads\/2024\/12\/Rene-1-300x400.jpg 300w\" sizes=\"auto, (max-width: 432px) 100vw, 432px\" \/><\/a><\/figure>\n\n\n\n<p class=\"wp-block-paragraph\">En este tiempo, el concejal Ren\u00e9 Ric\u00e1rdez de Bienestar y Normatividad, se ha mantenido en el cargo de la administraci\u00f3n morenista e incluso inicialmente neg\u00f3 los se\u00f1alamientos al decir que \u00fanicamente hab\u00eda cuestionado la sexualidad de la entonces empleada municipio.&nbsp;<\/p>\n\n\n\n<p class=\"wp-block-paragraph\">En tanto, Alejandra se vio obligada a renunciar a su puesto en la regidur\u00eda de Derechos Humanos y Asuntos Ind\u00edgenas en la que estaba al mando de la regidora panista Mirna L\u00f3pez Torres.<\/p>\n\n\n\n<p class=\"wp-block-paragraph\">La noche del martes, mientras el edil capitalino citaba diversas acciones en materia de derechos de las mujeres y de la labor del Instituto Municipal de la Mujer, Alejandra subi\u00f3 al escenario del teatro Macedonio Alcal\u00e1, donde se efectu\u00f3 el informe a puerta cerrada, aunque fue censuradas y sacada del recinto.&nbsp;<\/p>\n\n\n\n<p class=\"wp-block-paragraph\">El concejal presum\u00eda que su administraci\u00f3n era un \u00abgobierno aliado de las mujeres\u00bb y que hab\u00eda emprendimiento diversas acciones para el cumplimiento de la alerta de violencia de g\u00e9nero que tiene desde 2018. Tambi\u00e9n aseguraba que para \u00abgenerar cambios sociales y culturales que nos permitan avanzar hacia la igualdad sustantiva, hay que trabajar con compromiso\u00bb.&nbsp;<\/p>\n\n\n\n<p class=\"wp-block-paragraph\">Ante esto, Alejandra le cuestion\u00f3 el \u00abc\u00f3mo puede hablar de un gobierno aliado cuando el regidor Ren\u00e9 fue un acosador\u00bb. Entre las inconformidades que comenzaron a surgir entre el p\u00fablico citado para el acto, sigui\u00f3: \u00abPerd\u00f3n se\u00f1or presidente, tengo el derecho a defender mis derechos. No, as\u00ed como el regidor Ren\u00e9, c\u00f3mo se expres\u00f3, c\u00f3mo me trat\u00f3 y c\u00f3mo me acos\u00f3\u00bb.<\/p>\n\n\n\n<p class=\"wp-block-paragraph\">\u00abYo s\u00e9 que ustedes tienen que defender al presidente, pero no es contra el presidente\u00bb, extern\u00f3 ante un p\u00fablico poco emp\u00e1tico que ped\u00eda la salida de la joven y mientras personal del ayuntamiento trataba de sacarla ante la mirada del presidente que permiti\u00f3 la censura. El audio del informe fue cortado y en la transmisi\u00f3n en vivo tambi\u00e9n hubo interrupci\u00f3n para que no se observara la protesta.<\/p>\n\n\n\n<p class=\"wp-block-paragraph\">Alejandra fue retirada y en su salida la sigui\u00f3 la presidenta honoraria del DIF, Bernarda Gonz\u00e1lez Rivas. A ella le reiter\u00f3 que el concejal Ren\u00e9 tiene una carpeta de investigaci\u00f3n y que como ella muchas empleadas de la administraci\u00f3n han tenido que callar ante violencias como esta para no perder su trabajo.<\/p>\n\n\n\n<p class=\"wp-block-paragraph\">Por la denuncia, turnada a justicia alternativa, el regidor Ren\u00e9 Ric\u00e1rdez se hab\u00eda comprometido a ofrecer una disculpa p\u00fablica, aunque ya no se present\u00f3 a las dem\u00e1s audiencias ni ha cumplido con esta promesa. El regidor Ren\u00e9 tampoco estuvo en el informe de Mart\u00ednez Neri ni en la sesi\u00f3n solemne anterior con motivo de este.&nbsp;<\/p>\n\n\n\n<p class=\"wp-block-paragraph\">El pasado 7 de noviembre, a pregunta expresa del caso, el presidente municipal, Francisco Mart\u00ednez Neri, dijo que hasta ese momento no hab\u00eda un reporte \u00aben el sentido de que haya sido declarado culpable\u00bb el concejal e incluso se\u00f1al\u00f3 que Ren\u00e9 supuestamente estaba atendiendo la denuncia. Como en otras ocasiones, respondi\u00f3 que tampoco consideraba necesario separar del cargo al regidor en tanto se daban las investigaciones.<\/p>\n\n\n\n<p class=\"wp-block-paragraph\">SEM\/lmr\/sj<\/p>\n","protected":false},"excerpt":{"rendered":"<p>Lisbeth Mej\u00eda Reyes&nbsp; SemM\u00e9xico, Oaxaca, 18 de diciembre, 2024.- Alejandra, ex empleada del ayuntamiento de Oaxaca de Ju\u00e1rez que denunci\u00f3, a fines del 2023, al regidor Ren\u00e9 Ric\u00e1rdez Lim\u00f3n por acoso sexualmente, protest\u00f3 este martes durante el tercer y \u00faltimo informe del presidente municipal, Francisco Mart\u00ednez Neri, para se\u00f1alar que a m\u00e1s de un a\u00f1o [&hellip;]<\/p>\n","protected":false},"author":3,"featured_media":91145,"comment_status":"open","ping_status":"open","sticky":false,"template":"","format":"standard","meta":{"_monsterinsights_skip_tracking":false,"footnotes":""},"categories":[700],"tags":[],"class_list":["post-91143","post","type-post","status-publish","format-standard","has-post-thumbnail","category-estados"],"_links":{"self":[{"href":"https:\/\/redsemlac.com\/semmexico\/wp-json\/wp\/v2\/posts\/91143","targetHints":{"allow":["GET"]}}],"collection":[{"href":"https:\/\/redsemlac.com\/semmexico\/wp-json\/wp\/v2\/posts"}],"about":[{"href":"https:\/\/redsemlac.com\/semmexico\/wp-json\/wp\/v2\/types\/post"}],"author":[{"embeddable":true,"href":"https:\/\/redsemlac.com\/semmexico\/wp-json\/wp\/v2\/users\/3"}],"replies":[{"embeddable":true,"href":"https:\/\/redsemlac.com\/semmexico\/wp-json\/wp\/v2\/comments?post=91143"}],"version-history":[{"count":0,"href":"https:\/\/redsemlac.com\/semmexico\/wp-json\/wp\/v2\/posts\/91143\/revisions"}],"wp:featuredmedia":[{"embeddable":true,"href":"https:\/\/redsemlac.com\/semmexico\/wp-json\/wp\/v2\/media\/91145"}],"wp:attachment":[{"href":"https:\/\/redsemlac.com\/semmexico\/wp-json\/wp\/v2\/media?parent=91143"}],"wp:term":[{"taxonomy":"category","embeddable":true,"href":"https:\/\/redsemlac.com\/semmexico\/wp-json\/wp\/v2\/categories?post=91143"},{"taxonomy":"post_tag","embeddable":true,"href":"https:\/\/redsemlac.com\/semmexico\/wp-json\/wp\/v2\/tags?post=91143"}],"curies":[{"name":"wp","href":"https:\/\/api.w.org\/{rel}","templated":true}]}}