{"id":91129,"date":"2024-12-18T09:38:07","date_gmt":"2024-12-18T15:38:07","guid":{"rendered":"https:\/\/redsemlac.com\/semmexico\/?p=91129"},"modified":"2024-12-18T09:38:51","modified_gmt":"2024-12-18T15:38:51","slug":"presentan-vida-y-obra-de-maria-asuncion-sandoval-motor-del-cambio-social","status":"publish","type":"post","link":"https:\/\/redsemlac.com\/semmexico\/presentan-vida-y-obra-de-maria-asuncion-sandoval-motor-del-cambio-social\/","title":{"rendered":"Presentan vida y obra de Mar\u00eda Asunci\u00f3n Sandoval; motor del cambio social"},"content":{"rendered":"\n<ul class=\"wp-block-list\">\n<li>Clausura IECM actividades de los 16 D\u00edas de Activismo contra la Violencia de G\u00e9nero<\/li>\n\n\n\n<li>Presentan minidocumental de la primera abogada mexicana<\/li>\n<\/ul>\n\n\n\n<p class=\"wp-block-paragraph\">Redacci\u00f3n<\/p>\n\n\n\n<p class=\"wp-block-paragraph\">SemM\u00e9xico, Cd. de M\u00e9xico, 18 de diciembre, 2024.- Con la proyecci\u00f3n del inspirador minidocumental \u201cMar\u00eda Asunci\u00f3n Sandoval, la primera abogada en M\u00e9xico\u201d, el Instituto Electoral de la Ciudad de M\u00e9xico (IECM) cerr\u00f3 las actividades de la campa\u00f1a internacional 16 D\u00edas de Activismo contra la Violencia de G\u00e9nero.&nbsp;<\/p>\n\n\n\n<p class=\"wp-block-paragraph\">Durante la clausura, celebrada en el sal\u00f3n de Sesiones del Consejo General, en el marco del D\u00eda Internacional de la Eliminaci\u00f3n de la Violencia contra la Mujer, la consejera electoral Sonia P\u00e9rez P\u00e9rez destac\u00f3 la importancia de generar espacios para reflexionar sobre el papel de las mujeres en la historia y su contribuci\u00f3n al fortalecimiento de la sociedad.&nbsp;<\/p>\n\n\n\n<p class=\"wp-block-paragraph\">\u201cNo podemos limitar nuestra atenci\u00f3n a estos temas solo durante los 16 D\u00edas de Activismo; es un esfuerzo que debe ser constante y prioritario\u201d, enfatiz\u00f3.<\/p>\n\n\n\n<p class=\"wp-block-paragraph\">El documental, elaborado por Justicia TV del Poder Judicial de la Federaci\u00f3n, narra la vida y logros de Mar\u00eda Asunci\u00f3n Sandoval, quien abri\u00f3 camino para las mujeres en el \u00e1mbito educativo y profesional, convirti\u00e9ndose en un s\u00edmbolo de empoderamiento femenino.<\/p>\n\n\n\n<p class=\"wp-block-paragraph\">La diputada del Congreso de la Ciudad de M\u00e9xico, Yolanda Garc\u00eda Ortega, subray\u00f3 el impacto del legado de Mar\u00eda Asunci\u00f3n Sandoval al desafiar los estereotipos de su \u00e9poca. \u201cEs admirable c\u00f3mo logr\u00f3 superar barreras y mitos sociales para convertirse en la primera abogada del pa\u00eds. Su historia es un ejemplo poderoso de determinaci\u00f3n y valent\u00eda\u201d, expres\u00f3.<\/p>\n\n\n\n<p class=\"wp-block-paragraph\">Por su parte, Patricia Lira Alonso, creadora del documental y acad\u00e9mica de la UNAM, destac\u00f3 el papel fundamental de la educaci\u00f3n como motor del cambio social. \u201cMar\u00eda Asunci\u00f3n Sandoval es un testimonio viviente de c\u00f3mo el acceso a la educaci\u00f3n transforma vidas y rompe cadenas de desigualdad\u201d, afirm\u00f3. Adem\u00e1s, reconoci\u00f3 al IECM por promover la difusi\u00f3n de materiales que visibilizan la relevancia hist\u00f3rica de las mujeres mexicanas.<\/p>\n\n\n\n<p class=\"wp-block-paragraph\">Mar\u00eda Asunci\u00f3n Sandoval, nacida el 27 de febrero de 1878 en la Ciudad de M\u00e9xico, fue pionera en su generaci\u00f3n al cursar estudios en la Escuela Nacional Preparatoria y la Escuela Nacional de Jurisprudencia entre 1887 y 1898, marcando un hito en la historia del pa\u00eds al convertirse en la primera mujer abogada de M\u00e9xico.<\/p>\n\n\n\n<p class=\"wp-block-paragraph\">El evento cont\u00f3 con la asistencia de la consejera electoral Cecilia A\u00edda Hern\u00e1ndez Cruz, concejalas, mujeres integrantes de Comisiones de Participaci\u00f3n Comunitaria, representantes de agrupaciones pol\u00edticas locales y funcionariado electoral, consolid\u00e1ndose como un ejemplo de colaboraci\u00f3n y compromiso con las mujeres.<\/p>\n\n\n\n<p class=\"wp-block-paragraph\">El minidocumental \u201cMar\u00eda Asunci\u00f3n Sandoval, la primera abogada en M\u00e9xico\u201d est\u00e1 disponible en: <a href=\"https:\/\/www.youtube.com\/watch?v=7bOxJHeR4sc\">https:\/\/www.youtube.com\/watch?v=7bOxJHeR4sc<\/a>.<\/p>\n","protected":false},"excerpt":{"rendered":"<p>Redacci\u00f3n SemM\u00e9xico, Cd. de M\u00e9xico, 18 de diciembre, 2024.- Con la proyecci\u00f3n del inspirador minidocumental \u201cMar\u00eda Asunci\u00f3n Sandoval, la primera abogada en M\u00e9xico\u201d, el Instituto Electoral de la Ciudad de M\u00e9xico (IECM) cerr\u00f3 las actividades de la campa\u00f1a internacional 16 D\u00edas de Activismo contra la Violencia de G\u00e9nero.&nbsp; Durante la clausura, celebrada en el sal\u00f3n [&hellip;]<\/p>\n","protected":false},"author":3,"featured_media":91130,"comment_status":"open","ping_status":"open","sticky":false,"template":"","format":"standard","meta":{"_monsterinsights_skip_tracking":false,"footnotes":""},"categories":[626,28],"tags":[],"class_list":["post-91129","post","type-post","status-publish","format-standard","has-post-thumbnail","category-16-dias","category-16-dias-de-activismo"],"_links":{"self":[{"href":"https:\/\/redsemlac.com\/semmexico\/wp-json\/wp\/v2\/posts\/91129","targetHints":{"allow":["GET"]}}],"collection":[{"href":"https:\/\/redsemlac.com\/semmexico\/wp-json\/wp\/v2\/posts"}],"about":[{"href":"https:\/\/redsemlac.com\/semmexico\/wp-json\/wp\/v2\/types\/post"}],"author":[{"embeddable":true,"href":"https:\/\/redsemlac.com\/semmexico\/wp-json\/wp\/v2\/users\/3"}],"replies":[{"embeddable":true,"href":"https:\/\/redsemlac.com\/semmexico\/wp-json\/wp\/v2\/comments?post=91129"}],"version-history":[{"count":0,"href":"https:\/\/redsemlac.com\/semmexico\/wp-json\/wp\/v2\/posts\/91129\/revisions"}],"wp:featuredmedia":[{"embeddable":true,"href":"https:\/\/redsemlac.com\/semmexico\/wp-json\/wp\/v2\/media\/91130"}],"wp:attachment":[{"href":"https:\/\/redsemlac.com\/semmexico\/wp-json\/wp\/v2\/media?parent=91129"}],"wp:term":[{"taxonomy":"category","embeddable":true,"href":"https:\/\/redsemlac.com\/semmexico\/wp-json\/wp\/v2\/categories?post=91129"},{"taxonomy":"post_tag","embeddable":true,"href":"https:\/\/redsemlac.com\/semmexico\/wp-json\/wp\/v2\/tags?post=91129"}],"curies":[{"name":"wp","href":"https:\/\/api.w.org\/{rel}","templated":true}]}}