{"id":91120,"date":"2024-12-18T09:26:22","date_gmt":"2024-12-18T15:26:22","guid":{"rendered":"https:\/\/redsemlac.com\/semmexico\/?p=91120"},"modified":"2024-12-18T09:26:23","modified_gmt":"2024-12-18T15:26:23","slug":"segundo-piso-la-critica-y-el-peligro-de-vaciar-los-conceptos","status":"publish","type":"post","link":"https:\/\/redsemlac.com\/semmexico\/segundo-piso-la-critica-y-el-peligro-de-vaciar-los-conceptos\/","title":{"rendered":"Segundo Piso | La cr\u00edtica y el peligro de vaciar los conceptos"},"content":{"rendered":"\n<p class=\"wp-block-paragraph\">Luis Castro Obreg\u00f3n<\/p>\n\n\n\n<p class=\"wp-block-paragraph\">SemM\u00e9xico, Cd. de M\u00e9xico, 189 de diciembre, 2024.- En la deliberaci\u00f3n pol\u00edtica actual se observa una tendencia a despojar de contenido y significado a conceptos pol\u00edticos duros. La utilidad de los conceptos es dotar de coherencia a la interpretaci\u00f3n de la realidad pol\u00edtica y, en consecuencia, servir de referente para conformar preferencias, reforzar actitudes y convertirlas en comportamientos pol\u00edticos.<\/p>\n\n\n\n<p class=\"wp-block-paragraph\">Un lector o lectora de El Financiero suele ser alguien que toma decisiones. Lo hace a partir de datos, de un diagn\u00f3stico, del an\u00e1lisis de una situaci\u00f3n dada, de su contexto. Si le pudi\u00e9ramos preguntar, nos dir\u00eda que sus decisiones son m\u00e1s racionales que emocionales y que se considera una persona informada.<\/p>\n\n\n\n<p class=\"wp-block-paragraph\">Si a esa misma persona \u2014lectora de este diario\u2014 le pregunt\u00e1ramos si alguna vez ha visto rostros en las nubes, o alguna forma parecida a un animal o a alg\u00fan objeto, lo confesar\u00eda. Quiz\u00e1 no solo en las nubes, tambi\u00e9n podr\u00eda ser en el humo o en alguna mancha. Incluso es probable que haya jugado con la familia a encontrar formas en el cielo.<\/p>\n\n\n\n<p class=\"wp-block-paragraph\">Esto se debe a la&nbsp;pareidolia, la capacidad psicol\u00f3gica que hace posible que interpretemos las manchas en los&nbsp;tests&nbsp;de Rorschach \u2014ese examen basado en formas sim\u00e9tricas en tinta negra en las que solemos ver formas inconfesables\u2014 porque se abre una ventana a nuestra creatividad, ansiedad, defensas psicol\u00f3gicas o tendencias emocionales.<\/p>\n\n\n\n<p class=\"wp-block-paragraph\">La&nbsp;pareidolia&nbsp;es el fen\u00f3meno por el que el cerebro interpreta est\u00edmulos ambiguos, como formas o patrones, atribuy\u00e9ndoles un significado concreto, como rostros, figuras o escenas. Es un proceso autom\u00e1tico derivado de la tendencia humana a buscar familiaridad y significado en el entorno. Es una forma heur\u00edstica de reconocimiento, donde la mente prioriza la identificaci\u00f3n de formas significativas sobre el an\u00e1lisis objetivo de los est\u00edmulos.<\/p>\n\n\n\n<p class=\"wp-block-paragraph\">La&nbsp;pareidolia&nbsp;es a las percepciones lo que el&nbsp;sesgo de confirmaci\u00f3n&nbsp;es al proceso cognitivo (la forma como obtenemos conocimiento). El&nbsp;sesgo de confirmaci\u00f3n&nbsp;es la tendencia a buscar, interpretar y recordar informaci\u00f3n que confirma nuestras creencias previas, ignorando o descartando datos que las contradicen. Es un atajo mental que permite simplificar la toma de decisiones y mantener la coherencia en nuestras creencias, a menudo a costa de la objetividad. Es lo que nos convierte en carne de ca\u00f1\u00f3n del algoritmo de la inteligencia artificial generativa.<\/p>\n\n\n\n<p class=\"wp-block-paragraph\">La&nbsp;pareidolia&nbsp;y el&nbsp;sesgo de confirmaci\u00f3n&nbsp;est\u00e1n conectados por la predisposici\u00f3n humana a buscar y asignar patrones o significados, lo que en ambos casos puede llevarnos a interpretaciones err\u00f3neas de la realidad. Juntos, ilustran c\u00f3mo nuestras expectativas y creencias pueden influir profundamente en la manera en que interpretamos el mundo. Ser conscientes de estos procesos puede minimizar errores y distorsiones en nuestra percepci\u00f3n y razonamiento.<\/p>\n\n\n\n<p class=\"wp-block-paragraph\">En la cr\u00edtica opositora es recurrente leer o escuchar que vivimos una deriva autoritaria hacia la&nbsp;tiran\u00eda, la&nbsp;autocracia&nbsp;y \u00a1la&nbsp;dictadura constitucionalizada! Los tres son conceptos p\u00e9treos en la ciencia pol\u00edtica, con diferencias notables entre s\u00ed y con referentes emp\u00edricos concretos en la historia universal. Al usarlos a la ligera, opositores y opinadores cr\u00edticos provocan una disonancia cognitiva en las mayor\u00edas afines al tetrate\u00edsmo (que son mayor\u00eda) y un&nbsp;sesgo de confirmaci\u00f3n&nbsp;entre sus huestes (que son minor\u00eda), despojando de contenido y utilidad al concepto.&nbsp;<\/p>\n\n\n\n<p class=\"wp-block-paragraph\">Baste un ejemplo simplificado: se reforma el Poder Judicial para que los juzgadores sean electos, sometidos al voto popular. Cuestionan la decisi\u00f3n con dos argumentos: se termina la democracia porque desaparece un contrapeso y muere la Rep\u00fablica porque se destruye al Poder Judicial.&nbsp;Los cr\u00edticos de la transformaci\u00f3n se colocan as\u00ed contra el voto popular porque en el imaginario colectivo es m\u00e1s fuerte y coherente la relaci\u00f3n conceptual democracia-voto que democracia-contrapeso. Por eso, para una mayor\u00eda resulta leg\u00edtima la reforma judicial, independientemente de su complejidad y de que pueda, remotamente, resolver lo que promete.<\/p>\n\n\n\n<p class=\"wp-block-paragraph\">Un lector o lectora de El Financiero, al tomar decisiones relevantes, podr\u00eda combatir los sesgos cognitivos con pensamiento cr\u00edtico, con estrategias para analizar la informaci\u00f3n, diversificando fuentes, cuestionando las afirmaciones categ\u00f3ricas de sus columnistas favoritos y verificando datos para enfriar las emociones que m\u00e1s le influyen.<\/p>\n\n\n\n<p class=\"wp-block-paragraph\">Lectura sugerida:&nbsp;Diccionario enciclop\u00e9dico de polarizaci\u00f3n pol\u00edtica y emociones. VV. AA. (Centro de Estudios Pol\u00edticos y Constitucionales).<\/p>\n\n\n\n<p class=\"wp-block-paragraph\">Publicada originalmente en El Financiero<\/p>\n","protected":false},"excerpt":{"rendered":"<p>Luis Castro Obreg\u00f3n SemM\u00e9xico, Cd. de M\u00e9xico, 189 de diciembre, 2024.- En la deliberaci\u00f3n pol\u00edtica actual se observa una tendencia a despojar de contenido y significado a conceptos pol\u00edticos duros. La utilidad de los conceptos es dotar de coherencia a la interpretaci\u00f3n de la realidad pol\u00edtica y, en consecuencia, servir de referente para conformar preferencias, [&hellip;]<\/p>\n","protected":false},"author":3,"featured_media":90333,"comment_status":"open","ping_status":"open","sticky":false,"template":"","format":"standard","meta":{"_monsterinsights_skip_tracking":false,"footnotes":""},"categories":[35],"tags":[],"class_list":["post-91120","post","type-post","status-publish","format-standard","has-post-thumbnail","category-opinion"],"_links":{"self":[{"href":"https:\/\/redsemlac.com\/semmexico\/wp-json\/wp\/v2\/posts\/91120","targetHints":{"allow":["GET"]}}],"collection":[{"href":"https:\/\/redsemlac.com\/semmexico\/wp-json\/wp\/v2\/posts"}],"about":[{"href":"https:\/\/redsemlac.com\/semmexico\/wp-json\/wp\/v2\/types\/post"}],"author":[{"embeddable":true,"href":"https:\/\/redsemlac.com\/semmexico\/wp-json\/wp\/v2\/users\/3"}],"replies":[{"embeddable":true,"href":"https:\/\/redsemlac.com\/semmexico\/wp-json\/wp\/v2\/comments?post=91120"}],"version-history":[{"count":0,"href":"https:\/\/redsemlac.com\/semmexico\/wp-json\/wp\/v2\/posts\/91120\/revisions"}],"wp:featuredmedia":[{"embeddable":true,"href":"https:\/\/redsemlac.com\/semmexico\/wp-json\/wp\/v2\/media\/90333"}],"wp:attachment":[{"href":"https:\/\/redsemlac.com\/semmexico\/wp-json\/wp\/v2\/media?parent=91120"}],"wp:term":[{"taxonomy":"category","embeddable":true,"href":"https:\/\/redsemlac.com\/semmexico\/wp-json\/wp\/v2\/categories?post=91120"},{"taxonomy":"post_tag","embeddable":true,"href":"https:\/\/redsemlac.com\/semmexico\/wp-json\/wp\/v2\/tags?post=91120"}],"curies":[{"name":"wp","href":"https:\/\/api.w.org\/{rel}","templated":true}]}}