{"id":91116,"date":"2024-12-18T09:22:38","date_gmt":"2024-12-18T15:22:38","guid":{"rendered":"https:\/\/redsemlac.com\/semmexico\/?p=91116"},"modified":"2024-12-18T09:22:46","modified_gmt":"2024-12-18T15:22:46","slug":"opinion-muxed-cinco-anos-y-contando","status":"publish","type":"post","link":"https:\/\/redsemlac.com\/semmexico\/opinion-muxed-cinco-anos-y-contando\/","title":{"rendered":"Opini\u00f3n | MUxED: Cinco a\u00f1os y contando"},"content":{"rendered":"\n<p class=\"wp-block-paragraph\"><strong>Eugenia Gardu\u00f1o*<\/strong><\/p>\n\n\n\n<p class=\"wp-block-paragraph\">SemM\u00e9xico, Cd. de M\u00e9xico, 18 dic 2024.-La Red de Mujeres Unidas por la Educaci\u00f3n lleva cinco a\u00f1os trabajando para promover la educaci\u00f3n con calidad,\u00a0equidad y perspectiva de g\u00e9nero; mediante grupos de trabajo, espacios de di\u00e1logo, intervenciones, investigaciones, formaci\u00f3n y alianzas, en un marco plural, nacional y global que beneficie a ni\u00f1as, ni\u00f1os, adolescentes y j\u00f3venes, y empodere a las mujeres de la comunidad educativa. Esta misi\u00f3n es hoy m\u00e1s relevante que nunca.\u00a0<\/p>\n\n\n\n<p class=\"wp-block-paragraph\">La Red de Mujeres Unidas por la Educaci\u00f3n (MUxED) cumple cinco a\u00f1os de trabajar con la misi\u00f3n de: promover la educaci\u00f3n con calidad,&nbsp;equidad y perspectiva de g\u00e9nero; mediante grupos de trabajo, espacios de di\u00e1logo, intervenciones, investigaciones, formaci\u00f3n y alianzas, en un marco plural, nacional y global que beneficie a ni\u00f1as, ni\u00f1os, adolescentes y j\u00f3venes, y empodere a las mujeres de la comunidad educativa.<\/p>\n\n\n\n<p class=\"wp-block-paragraph\">Esta misi\u00f3n es hoy m\u00e1s relevante que nunca.&nbsp;<\/p>\n\n\n\n<p class=\"wp-block-paragraph\">Las mujeres ahora tenemos, en lo general, mejores condiciones de vida que en d\u00e9cadas pasadas y ejercemos derechos que hasta hace relativamente poco tiempo nos eran negados. Recordemos que no fue sino hasta 1953 que se nos reconoci\u00f3 como \u201cciudadanas plenas\u201d con la aprobaci\u00f3n legislativa de nuestro derecho al voto y a ser votadas.&nbsp;<\/p>\n\n\n\n<p class=\"wp-block-paragraph\">Sin embargo, las desigualdades entre mujeres y hombres persisten, y son muy amplias. Datos internacionales recolectados a\u00f1o con a\u00f1o desde 2006 por el Foro Econ\u00f3mico Mundial advierten una demora importante en el progreso hacia la paridad total entre mujeres y hombres, paridad que permanecer\u00e1 <em>\u201cfuera del alcance para las siguientes cinco generaciones\u201d<\/em>.&nbsp;<\/p>\n\n\n\n<p class=\"wp-block-paragraph\">De acuerdo con este reporte, ning\u00fan pa\u00eds, de los 143 examinados, ha alcanzado paridad total; resaltan las brechas en empoderamiento pol\u00edtico \u2013que, a este paso, se cerrar\u00e1n en 169 a\u00f1os\u2013 y en participaci\u00f3n y oportunidad econ\u00f3micas \u2013 que requerir\u00e1n 152 a\u00f1os para lograr paridad.<\/p>\n\n\n\n<p class=\"wp-block-paragraph\">En MUxED consideramos que desde la educaci\u00f3n podemos abordar algunos de los factores que inciden en el desarrollo y la reproducci\u00f3n de las desigualdades de g\u00e9nero, por lo que nuestros esfuerzos se centran en dos estrategias generales: (a) construir iniciativas de beneficio p\u00fablico y (b) facilitar la organizaci\u00f3n y el desarrollo interno de la red.<\/p>\n\n\n\n<p class=\"wp-block-paragraph\">Respecto al primer punto, \u2013nuestra actividad p\u00fablica\u2013 hacemos visible la problem\u00e1tica de las desigualdades en y desde la educaci\u00f3n, mediante la creaci\u00f3n y diseminaci\u00f3n de contenidos. En particular, ofrecemos un espacio para que las voces y los puntos de vista de las mujeres en el sector educativo se escuchen fuertes y claras.&nbsp;<\/p>\n\n\n\n<p class=\"wp-block-paragraph\">A continuaci\u00f3n, se presenta el recuento de la actividad p\u00fablica de MUxED en 2024.<\/p>\n\n\n\n<p class=\"wp-block-paragraph\"><strong>Publicaciones peri\u00f3dicas<\/strong><\/p>\n\n\n\n<p class=\"wp-block-paragraph\">La difusi\u00f3n de contenidos en torno a educaci\u00f3n y mujeres contin\u00faa siendo el eje fundamental del trabajo de MUxED. Nuestros canales principales de difusi\u00f3n son:&nbsp;<\/p>\n\n\n\n<ul class=\"wp-block-list\">\n<li>P\u00e1ginas web: <a href=\"http:\/\/www.muxed.mx\/\">www.muxed.mx<\/a> y <a href=\"http:\/\/www.morralmuxed.mx\/\">www.morralmuxed.mx<\/a>,\u00a0<\/li>\n\n\n\n<li>Redes sociales:\u00a0 <a href=\"https:\/\/www.facebook.com\/RedMUxED\/\">Facebook<\/a>, <a href=\"https:\/\/www.linkedin.com\/company\/muxed\/\">LinkedIn<\/a>, <a href=\"https:\/\/twitter.com\/muxed_mx\">X<\/a>, <a href=\"https:\/\/www.youtube.com\/@reddemujeresunidasporlaedu9392\/featured\">YouTube<\/a> e <a href=\"https:\/\/www.instagram.com\/muxed.mx\/?hl=en\">Instagram<\/a>,\u00a0<\/li>\n\n\n\n<li>Lista de distribuci\u00f3n de correo electr\u00f3nico que quincenalmente entrega nuestro <a href=\"https:\/\/www.muxed.mx\/suscribete-al-boletin-purpura\"><em>Bolet\u00edn P\u00farpura<\/em><\/a> a todos sus suscriptores.\u00a0<\/li>\n<\/ul>\n\n\n\n<p class=\"wp-block-paragraph\"><a href=\"https:\/\/www.muxed.mx\/blog\"><strong>Pluma P\u00farpura: Repensar la educaci\u00f3n<\/strong><\/a><strong>&nbsp;<\/strong><\/p>\n\n\n\n<p class=\"wp-block-paragraph\">Este es el blog de MUxED bajo la coordinaci\u00f3n de <a href=\"https:\/\/youtu.be\/0tES_JRcpo4?si=dhqWcl0Ginz8lyai\">Elisa Bonilla<\/a> y el apoyo de un equipo editorial. En 2024, se publicaron <strong>51 blogs<\/strong>, con lo que se lleg\u00f3 a un total acumulado de <strong>269 textos<\/strong>, desde abril de 2020. Los textos son replicados por medios como <a href=\"https:\/\/quinto-poder.mx\/\">Quinto Poder<\/a>, <a href=\"https:\/\/www.educacionfutura.org\/\">Educaci\u00f3n Futura<\/a> y <a href=\"https:\/\/piedepagina.mx\/\">Pie de P\u00e1gina<\/a>, y&nbsp; <a href=\"https:\/\/redsemlac.com\/semmexico\/\">SemM\u00e9xico<\/a>&nbsp;<\/p>\n\n\n\n<p class=\"wp-block-paragraph\"><a href=\"https:\/\/www.muxed.mx\/boletinpurpura\"><strong>Bolet\u00edn P\u00farpura<\/strong><\/a><strong>&nbsp;<\/strong><\/p>\n\n\n\n<p class=\"wp-block-paragraph\">Esta es la publicaci\u00f3n electr\u00f3nica quincenal de la Red, que compila un equipo editorial que lidera <a href=\"https:\/\/youtu.be\/RNAyF6iOVno?si=42ccY6vINQ4nA4Xb\">Sonia del Valle<\/a>. En 2024, se difundieron <strong>24 boletines<\/strong>, con un total acumulado de <strong>114 n\u00fameros<\/strong>. La tem\u00e1tica del bolet\u00edn est\u00e1 relacionada con las infograf\u00edas, que se describen en el siguiente p\u00e1rrafo.<\/p>\n\n\n\n<p class=\"wp-block-paragraph\"><a href=\"https:\/\/www.muxed.mx\/data-genero\"><strong>Data G\u00e9nero<\/strong><\/a><\/p>\n\n\n\n<p class=\"wp-block-paragraph\">Son infograf\u00edas con perspectiva de g\u00e9nero y enfoque en mujeres, publicadas dentro del Bolet\u00edn. En 2024 se produjeron <strong>24 infograf\u00edas<\/strong>, para un total acumulado de <strong>78 infograf\u00edas<\/strong>. Los temas que se abordaron en las infograf\u00edas este a\u00f1o fueron: bienestar financiero; acoso escolar; infancia y trabajo; investigaci\u00f3n con perspectiva de g\u00e9nero; inteligencia artificial y mujeres; educaci\u00f3n sexual; liderazgo escolar; disparidad salarial en docentes; roles de g\u00e9nero y estereotipos sociales; mujeres en la educaci\u00f3n superior; entre otros.<\/p>\n\n\n\n<p class=\"wp-block-paragraph\"><strong>Renovaci\u00f3n del <\/strong><a href=\"https:\/\/www.youtube.com\/@reddemujeresunidasporlaedu9392\/featured\"><strong>Canal de YouTube<\/strong><\/a><strong> y&nbsp;<\/strong><a href=\"https:\/\/mx.linkedin.com\/company\/muxed\"><strong>LinkedIn<\/strong><\/a><\/p>\n\n\n\n<p class=\"wp-block-paragraph\">Se reorganiz\u00f3 el canal de YouTube de MUxED, permitiendo una mayor visibilidad de las integrantes de la Red. Esta iniciativa es liderada por <a href=\"https:\/\/youtu.be\/huhoDCfJhPs?si=okdERi-i69KAamx6\">Gema Jara<\/a>, con un doble prop\u00f3sito: (1) fomentar el conocimiento mutuo entre las integrantes, y (2)&nbsp;promover las capacidades de las integrantes hacia el exterior.&nbsp;<\/p>\n\n\n\n<p class=\"wp-block-paragraph\">Gracias a esta iniciativa creci\u00f3 el n\u00famero de suscripciones al canal de YouTube, el cual cuenta ahora con <strong>202 videos<\/strong>. Asimismo, se fortaleci\u00f3 la presencia de MUxED en LinkedIn con un incremento de publicaciones asociadas a ofertas laborales.&nbsp;<\/p>\n\n\n\n<p class=\"wp-block-paragraph\"><strong>Grupos de trabajo<\/strong><\/p>\n\n\n\n<p class=\"wp-block-paragraph\">En 2024, continu\u00f3 la labor del grupo encargado de la publicaci\u00f3n sobre las funcionarias p\u00fablicas identificadas en las Forjadoras de la Educaci\u00f3n, as\u00ed como el de las colegas que se encuentran sistematizando las pr\u00e1cticas docentes, a cargo de <a href=\"https:\/\/www.linkedin.com\/in\/patricia-ganem-179758121\/\">Paty Ganem<\/a>. Se estableci\u00f3 el Comit\u00e9 de Membres\u00edas liderado por <a href=\"https:\/\/youtu.be\/JGTcyhvU8eE?si=9M9l5zix2XWzuex2\">Maricarmen Campillo<\/a> y se conform\u00f3 el grupo Observatorio de la Educaci\u00f3n con <a href=\"https:\/\/www.linkedin.com\/in\/arcelia-mart%C3%ADnez-bord%C3%B3n-aa487956\/\">Arcelia Mart\u00ednez Bord\u00f3n<\/a> a la cabeza. Adem\u00e1s, el Comit\u00e9 Organizador de MUxED (representado por <a href=\"https:\/\/www.muxed.mx\/directorio\/eugenia-garduno?rq=eugenia\">Eugenia Gardu\u00f1o<\/a>) se encarga de avanzar los prop\u00f3sitos de la Red y apoyar el desarrollo de nuevos proyectos.&nbsp;<\/p>\n\n\n\n<p class=\"wp-block-paragraph\">Por otra parte, con la realizaci\u00f3n del <a href=\"https:\/\/www.muxed.mx\/blog\/primer-congreso-muxed\">primer Congreso MUxED<\/a>, los subcomit\u00e9s Acad\u00e9mico (liderado por <a href=\"https:\/\/youtube.com\/shorts\/hCbYyZlRSSo?si=4JtjPc9iIEGSIJBY\">Silvia Romero<\/a>), de Comunicaci\u00f3n (con <a href=\"https:\/\/www.linkedin.com\/in\/soniadelvalle-periodista\/\">Sonia del Valle<\/a> al frente) y de Finanzas (<a href=\"https:\/\/youtu.be\/JGTcyhvU8eE?si=9M9l5zix2XWzuex2\">Ariadna Trapote<\/a> y <a href=\"https:\/\/www.linkedin.com\/in\/patriciajacquesm\/\">Paty Jacques<\/a>) han estado trabajando arduamente para el \u00e9xito de este evento en junio de 2025.<\/p>\n\n\n\n<p class=\"wp-block-paragraph\">Finalmente, respecto al desarrollo continuo de MUxED, seguimos efectuando encuentros internos como las <a href=\"https:\/\/www.muxed.mx\/blog\/reencuentros-muxed\">reuniones generales<\/a> realizadas por Zoom en septiembre de 2024, y sosteniendo otros eventos presenciales y virtuales como los del Grupo de Inteligencia Artificial. Tambi\u00e9n cerramos el a\u00f1o con una c\u00e1lida posada decembrina.&nbsp;<\/p>\n\n\n\n<p class=\"wp-block-paragraph\">Pero, sin duda alguna, las coincidencias entre las integrantes en diversos espacios y eventos a lo largo del territorio nacional son los mejores frutos de la participaci\u00f3n en la Red: reconocernos y encontrarnos bajo la identidad MUxED, conectadas en sororidad, compartiendo experiencias y oportunidades.&nbsp;&nbsp;<\/p>\n\n\n\n<p class=\"wp-block-paragraph\">\u00a1Felices fiestas y un pr\u00f3spero, productivo, exitoso y alegre 2025!<\/p>\n\n\n\n<figure class=\"wp-block-embed\"><div class=\"wp-block-embed__wrapper\">\nhttps:\/\/www.muxed.mx\/blog\/recuento-2024\n<\/div><\/figure>\n\n\n\n<p class=\"wp-block-paragraph\"><\/p>\n\n\n\n<p class=\"wp-block-paragraph\"><\/p>\n","protected":false},"excerpt":{"rendered":"<p>Eugenia Gardu\u00f1o* SemM\u00e9xico, Cd. de M\u00e9xico, 18 dic 2024.-La Red de Mujeres Unidas por la Educaci\u00f3n lleva cinco a\u00f1os trabajando para promover la educaci\u00f3n con calidad,\u00a0equidad y perspectiva de g\u00e9nero; mediante grupos de trabajo, espacios de di\u00e1logo, intervenciones, investigaciones, formaci\u00f3n y alianzas, en un marco plural, nacional y global que beneficie a ni\u00f1as, ni\u00f1os, adolescentes [&hellip;]<\/p>\n","protected":false},"author":3,"featured_media":91117,"comment_status":"open","ping_status":"open","sticky":false,"template":"","format":"standard","meta":{"_monsterinsights_skip_tracking":false,"footnotes":""},"categories":[35],"tags":[],"class_list":["post-91116","post","type-post","status-publish","format-standard","has-post-thumbnail","category-opinion"],"_links":{"self":[{"href":"https:\/\/redsemlac.com\/semmexico\/wp-json\/wp\/v2\/posts\/91116","targetHints":{"allow":["GET"]}}],"collection":[{"href":"https:\/\/redsemlac.com\/semmexico\/wp-json\/wp\/v2\/posts"}],"about":[{"href":"https:\/\/redsemlac.com\/semmexico\/wp-json\/wp\/v2\/types\/post"}],"author":[{"embeddable":true,"href":"https:\/\/redsemlac.com\/semmexico\/wp-json\/wp\/v2\/users\/3"}],"replies":[{"embeddable":true,"href":"https:\/\/redsemlac.com\/semmexico\/wp-json\/wp\/v2\/comments?post=91116"}],"version-history":[{"count":0,"href":"https:\/\/redsemlac.com\/semmexico\/wp-json\/wp\/v2\/posts\/91116\/revisions"}],"wp:featuredmedia":[{"embeddable":true,"href":"https:\/\/redsemlac.com\/semmexico\/wp-json\/wp\/v2\/media\/91117"}],"wp:attachment":[{"href":"https:\/\/redsemlac.com\/semmexico\/wp-json\/wp\/v2\/media?parent=91116"}],"wp:term":[{"taxonomy":"category","embeddable":true,"href":"https:\/\/redsemlac.com\/semmexico\/wp-json\/wp\/v2\/categories?post=91116"},{"taxonomy":"post_tag","embeddable":true,"href":"https:\/\/redsemlac.com\/semmexico\/wp-json\/wp\/v2\/tags?post=91116"}],"curies":[{"name":"wp","href":"https:\/\/api.w.org\/{rel}","templated":true}]}}