{"id":91086,"date":"2024-12-17T09:45:51","date_gmt":"2024-12-17T15:45:51","guid":{"rendered":"https:\/\/redsemlac.com\/semmexico\/?p=91086"},"modified":"2024-12-18T09:08:16","modified_gmt":"2024-12-18T15:08:16","slug":"el-gobierno-debilita-la-justicia-laboral-para-hombres-y-mujeres-advierten-lideres-sindicales-y-abobados-laboralistas","status":"publish","type":"post","link":"https:\/\/redsemlac.com\/semmexico\/el-gobierno-debilita-la-justicia-laboral-para-hombres-y-mujeres-advierten-lideres-sindicales-y-abobados-laboralistas\/","title":{"rendered":"El gobierno debilita\u00a0 la justicia laboral para hombres y mujeres,\u00a0 advierten\u00a0 lideres sindicales y abogados laboralistas\u00a0\u00a0"},"content":{"rendered":"\n<p class=\"wp-block-paragraph\">Recorte presupuestal revertir\u00eda seis a\u00f1os de transformaci\u00f3n en el mundo del trabajo<\/p>\n\n\n\n<p class=\"wp-block-paragraph\">El registro sindical se ver\u00e1 da\u00f1ado por falta de recursos econ\u00f3micos&nbsp;<\/p>\n\n\n\n<p class=\"wp-block-paragraph\">Redacci\u00f3n&nbsp;<\/p>\n\n\n\n<p class=\"wp-block-paragraph\"><br>SemM\u00e9xico, Cd. de M\u00e9xico, 17 de diciembre, 2024.- Dirigentes laborales de la CROC, pilotos aviadores,&nbsp; metro, CROM, Radio Educaci\u00f3n y abogados como Manuel Fuentes Mu\u00f1iz, Arturo Alcalde Justiniani, denunciaron ante el Congreso que se ha&nbsp; recortado el presupuesto a la funci\u00f3n esencial de la Secretar\u00eda del Trajo, afectando a miles de hombres y mujeres que laboran en M\u00e9xico y se querr\u00e1n al garete durante los conflictos, los despidos y la justicia laboral.&nbsp;<\/p>\n\n\n\n<p class=\"wp-block-paragraph\">En un comunicado, auto denominado como los l\u00edderes de las organizaciones sindicales m\u00e1s representativas de M\u00e9xico,&nbsp; se sumaron as\u00ed a una demanda&nbsp; firmada este lunes por &nbsp; m\u00e1s de 100 actores del mundo del trabajo, y sostienen que miran con&nbsp; profunda preocupaci\u00f3n el&nbsp; Presupuesto de Egresos de la Federaci\u00f3n 2025 que prev\u00e9 un recorte de funciones primordiales de la Secretar\u00eda del Trabajo como la inspecci\u00f3n.<\/p>\n\n\n\n<p class=\"wp-block-paragraph\">Explican en comunicado que adem\u00e1s, incluye un recorte de una tercera parte (32.5%) para el Centro Federal de Conciliaci\u00f3n y Registro Laboral (CFCyRL), instituci\u00f3n fundamental de la Reforma Laboral de 2019 que impuls\u00f3 el presidente Andr\u00e9s Manuel L\u00f3pez Obrador, y del Cap\u00edtulo Laboral del Tratado entre M\u00e9xico, Estados Unidos y Canad\u00e1 (T-MEC).<\/p>\n\n\n\n<p class=\"wp-block-paragraph\">Explican que el CFCyRL es la autoridad responsable de resguardar el registro sindical nacional y de garantizar la libertad y la democracia en el mundo del trabajo.&nbsp;<\/p>\n\n\n\n<p class=\"wp-block-paragraph\">Adem\u00e1s, es la instancia a la que acuden las personas trabajadoras y empleadoras para solucionar sus conflictos laborales en menos de 45 d\u00edas mediante arreglos conciliatorios sin necesidad de ir a juicio.&nbsp;<\/p>\n\n\n\n<p class=\"wp-block-paragraph\">En tan s\u00f3lo 4 a\u00f1os, esta instituci\u00f3n combati\u00f3 el modelo corporativo y de simulaci\u00f3n en la contrataci\u00f3n colectiva y le dio voz y voto a las personas trabajadoras en las decisiones centrales de sus sindicatos; adem\u00e1s, simplific\u00f3 el acceso a la justicia y redujo significativamente la industria del litigio en beneficio de millones de personas trabajadoras, especialmente las m\u00e1s vulnerables.<\/p>\n\n\n\n<p class=\"wp-block-paragraph\">Advierten que aprobado&nbsp; este recorte, se afectar\u00e1n sensiblemente las capacidades del CFCyRL para resolver conflictos individuales y colectivos de manera expedita, lo que ocasionar\u00e1 la saturaci\u00f3n de los tribunales laborales en medio de una profunda reforma al Poder Judicial. Adem\u00e1s; provocar\u00e1 el incremento de violaciones a los derechos laborales, la incapacidad del Estado Mexicano de identificarlas y sancionarlas y, potencialmente, un aumento exponencial de quejas internacionales y paneles comerciales.<\/p>\n\n\n\n<p class=\"wp-block-paragraph\">En contexto se\u00f1alan que no se puede olvidar que, durante la negociaci\u00f3n del T-MEC, la materia laboral fue crucial para su aprobaci\u00f3n por nuestros socios comerciales, por lo que, de cara a su revisi\u00f3n en 2026, M\u00e9xico debe mantener la fortaleza y solidez institucional del nuevo modelo laboral, acorde a sus compromisos internacionales. Por lo anterior, se hace un respetuoso llamado a las Diputadas y Diputados Federales a dar continuidad a la pol\u00edtica laboral de la Cuarta Transformaci\u00f3n, en la que se invirtieron recursos y esfuerzos significativos durante el sexenio anterior, y que ha permitido a esta instituci\u00f3n contar con la capacidad operativa y la legitimidad nacional e internacional que goza hoy.<\/p>\n\n\n\n<figure class=\"wp-block-image\"><img decoding=\"async\" src=\"https:\/\/lh7-rt.googleusercontent.com\/docsz\/AD_4nXcIlCVUEb5mjNF5FYVPCcqKa9yf97-HZG24sUDZUgHmkhFfHwjmqC-n7tdGV_vBnBGvIKg29OEQwxqt5kgexwOGSFyj0L6thL49NbTDjqrm_vBQItifsUjYuZCfLFontvjPIdbJ17KguQQorkegAN8?key=ZLUDniPwa8eBxT-zh712Zrqd\" alt=\"Texto\n\nDescripci\u00f3n generada autom\u00e1ticamente\"\/><\/figure>\n","protected":false},"excerpt":{"rendered":"<p>Recorte presupuestal revertir\u00eda seis a\u00f1os de transformaci\u00f3n en el mundo del trabajo El registro sindical se ver\u00e1 da\u00f1ado por falta de recursos econ\u00f3micos&nbsp; Redacci\u00f3n&nbsp; SemM\u00e9xico, Cd. de M\u00e9xico, 17 de diciembre, 2024.- Dirigentes laborales de la CROC, pilotos aviadores,&nbsp; metro, CROM, Radio Educaci\u00f3n y abogados como Manuel Fuentes Mu\u00f1iz, Arturo Alcalde Justiniani, denunciaron ante el [&hellip;]<\/p>\n","protected":false},"author":3,"featured_media":91088,"comment_status":"open","ping_status":"open","sticky":false,"template":"","format":"standard","meta":{"_monsterinsights_skip_tracking":false,"footnotes":""},"categories":[702],"tags":[],"class_list":["post-91086","post","type-post","status-publish","format-standard","has-post-thumbnail","category-economia"],"_links":{"self":[{"href":"https:\/\/redsemlac.com\/semmexico\/wp-json\/wp\/v2\/posts\/91086","targetHints":{"allow":["GET"]}}],"collection":[{"href":"https:\/\/redsemlac.com\/semmexico\/wp-json\/wp\/v2\/posts"}],"about":[{"href":"https:\/\/redsemlac.com\/semmexico\/wp-json\/wp\/v2\/types\/post"}],"author":[{"embeddable":true,"href":"https:\/\/redsemlac.com\/semmexico\/wp-json\/wp\/v2\/users\/3"}],"replies":[{"embeddable":true,"href":"https:\/\/redsemlac.com\/semmexico\/wp-json\/wp\/v2\/comments?post=91086"}],"version-history":[{"count":0,"href":"https:\/\/redsemlac.com\/semmexico\/wp-json\/wp\/v2\/posts\/91086\/revisions"}],"wp:featuredmedia":[{"embeddable":true,"href":"https:\/\/redsemlac.com\/semmexico\/wp-json\/wp\/v2\/media\/91088"}],"wp:attachment":[{"href":"https:\/\/redsemlac.com\/semmexico\/wp-json\/wp\/v2\/media?parent=91086"}],"wp:term":[{"taxonomy":"category","embeddable":true,"href":"https:\/\/redsemlac.com\/semmexico\/wp-json\/wp\/v2\/categories?post=91086"},{"taxonomy":"post_tag","embeddable":true,"href":"https:\/\/redsemlac.com\/semmexico\/wp-json\/wp\/v2\/tags?post=91086"}],"curies":[{"name":"wp","href":"https:\/\/api.w.org\/{rel}","templated":true}]}}