{"id":91028,"date":"2024-12-16T14:32:04","date_gmt":"2024-12-16T20:32:04","guid":{"rendered":"https:\/\/redsemlac.com\/semmexico\/?p=91028"},"modified":"2024-12-16T15:45:16","modified_gmt":"2024-12-16T21:45:16","slug":"lamentan-el-sensible-fallecimiento-de-violeta-carolina-parra-reynada","status":"publish","type":"post","link":"https:\/\/redsemlac.com\/semmexico\/lamentan-el-sensible-fallecimiento-de-violeta-carolina-parra-reynada\/","title":{"rendered":"Lamentan el sensible fallecimiento de Violeta Carolina Parra Reynada"},"content":{"rendered":"\n<ul class=\"wp-block-list\">\n<li>Fue una incansable defensora de los derechos humanos de las mujeres<\/li>\n\n\n\n<li>En su vida laboral se encontr\u00f3 un d\u00eda con los Derechos Humanos y ahond\u00f3 en la conciencia humana y la injusticia<\/li>\n<\/ul>\n\n\n\n<p class=\"wp-block-paragraph\">Elda Montiel<\/p>\n\n\n\n<p class=\"wp-block-paragraph\">SemM\u00e9xico. Ciudad de M\u00e9xico. 16 de diciembre 2024.- A quince d\u00edas de finalizar 2024 sorprendi\u00f3 la lamentable noticia del fallecimiento de Violeta Carolina Parra Reynada, una mujer que inspiraba a trabajar con ah\u00ednco a generaciones de mujeres que tuvieron la oportunidad de conocerla, una defensora de los derechos humanos de las mujeres. &nbsp;<\/p>\n\n\n\n<p class=\"wp-block-paragraph\">Nacida en Guerrero hace 62 dej\u00f3 de existir este domingo, le sobreviven un hijo y una hija.<\/p>\n\n\n\n<p class=\"wp-block-paragraph\">Su p\u00e9rdida tras una larga enfermedad es lamentada por servidores p\u00fablicos y amistades entra\u00f1ables, entre ellas la gobernadora de esa entidad, Evelyn Salgado Pineda, la Comisi\u00f3n de Derechos Humanos, la Fiscal\u00eda Especializada en Delitos Electorales (FEDEGRO), ya que fue la primera fiscal electoral; as\u00ed como la feminista Sara Lovera, defensoras de derechos humanos y amistades como Guadalupe del R\u00edo, el periodista activista Igor Pettit, Gaby Carmona Astudillo, Fanny Ruth Lara, Josabeth Barrag\u00e1n Torres y Sol Cuevas, ex titular de la Secretar\u00eda de la Mujer, entre otras. &nbsp;<\/p>\n\n\n\n<p class=\"wp-block-paragraph\">Abogada guerrerense se inici\u00f3 como ministerio p\u00fablico, fue magistrada, procuradora de la Defensa de los Derechos de la Mujer en la Secretar\u00eda de la Mujer, cuatro veces se desempe\u00f1\u00f3 como subprocuradora de Justicia en Guerrero y subsecretaria de Gobierno en 2019. Primera Visitadora de la Comisi\u00f3n de los Derechos Humanos Guerrero en 2016.<\/p>\n\n\n\n<p class=\"wp-block-paragraph\">\u201cEn su vida laboral se encontr\u00f3 un d\u00eda con los Derechos Humanos y ahond\u00f3 en la conciencia humana y la injusticia\u201d, escribi\u00f3 la periodista feminista Sara Lovera L\u00f3pez quien dio cuenta que en el 2020 tambi\u00e9n se descubri\u00f3 como una escritora en ciernes y comenz\u00f3 a escribir relatos y cuentos.<\/p>\n\n\n\n<p class=\"wp-block-paragraph\">Como conferenciante abord\u00f3 los temas de las mujeres ind\u00edgenas y afromexicanas de Guerrero. Fung\u00eda como enlace de la Comisi\u00f3n de Derechos Humanos con el gobierno estatal promoviendo el acceso a la justicia de las mujeres. \u201cComo mujer y abogada siempre habl\u00f3 con determinaci\u00f3n y de t\u00fa a t\u00fa con los funcionarios\u201d.<\/p>\n\n\n\n<p class=\"wp-block-paragraph\">Le preocupaba todo tipo de violencias, en una conferencia en 2020 se refiri\u00f3 a las violencias sutiles de las que se sabe poco y se habla menos, porque no producen v\u00edctimas mortales, pero s\u00ed graves afectaciones a la salud emocional de las mujeres: Los micromachismos cuyos nombres a\u00fan est\u00e1n en ingl\u00e9s: Gaslighting, Mansplaining, Manterrupting, Bropaiting y Manspreading.<\/p>\n\n\n\n<p class=\"wp-block-paragraph\">El 5 de junio en 2020 en el conversatorio en el tema confes\u00f3<strong>&nbsp;<\/strong>\u201ccr\u00e9anme: me cost\u00f3 tiempo, dinero, esfuerzo y muchas, much\u00edsimas horas de terapia, pero aqu\u00ed estoy, sobreviv\u00ed\u201d. &nbsp;<\/p>\n\n\n\n<p class=\"wp-block-paragraph\">Frases sentidas llenas de amor llenan los mensajes compartidos Facebook: \u201cMi coraz\u00f3n se entristece y deseo fervientemente que sus seres queridos pronto tengan resignaci\u00f3n ante su partida. Que descanse en paz la generosa <a href=\"https:\/\/www.facebook.com\/violeta.parrey?__cft__%5b0%5d=AZVXG8xyo3kW8Bc7-CAWEpdW5r728kr23T4wARodoC6Vb-1hxujhVVmYfQ3midhI86AurzzzgGFKDDhWO1Z0jbcLs-cLOv3FeluJ5GFLDkgxdCU9QjRhgVr32JGXkkR6DJZTBwkeQqMGBuxBM5KVtdyGbglcQ_ze5hFEeuznImNKSw&amp;__tn__=-%5dK-R\">Violeta Carolina Parra Reynada<\/a>, mujer inspiraci\u00f3n para m\u00ed y para tantas otras\u201d.<\/p>\n\n\n\n<p class=\"wp-block-paragraph\">\u201cA veces nos arriesgamos tanto cuidando a las otras y nos olvidamos de nosotras mismas. Me dec\u00eda <a href=\"https:\/\/www.facebook.com\/violeta.parrey?__cft__%5b0%5d=AZVnlt-taOeQfDZ6aUQNCogaFbqZnBj_v4dMc8fWcFxC18wphBtBrtWEsm3JXDHIaX7mlR4bqkGn2v2rkLf2ZqYfKT5fPsyg3jjTNR4g6TS0DKdjQU1crt6ldhcfq4CgbpTjGpgOLowSb9HkM8VT7aombG6VRjY59hLf6Z9kOPB2QA&amp;__tn__=-%5dK-R\">Violeta Carolina Parra Reynada<\/a>\u201d: Sol Cuevas<\/p>\n\n\n\n<p class=\"wp-block-paragraph\">\u201cVuela alto y que nada detenga tu hermoso vuelo, perdona las l\u00e1grimas, esto tambi\u00e9n lo hablamos, pero tomar\u00e1 un tiempo acostumbrarse a tu ausencia, te quiero mucho Violeta, hasta siempre\u201d: escribi\u00f3 Arturo del R\u00edo Abarca.<\/p>\n\n\n\n<p class=\"wp-block-paragraph\">SEM\/em\/sj<\/p>\n\n\n\n<figure class=\"wp-block-image size-large\"><a href=\"https:\/\/redsemlac.com\/semmexico\/wp-content\/uploads\/2024\/12\/image-2.png\"><img loading=\"lazy\" decoding=\"async\" width=\"1024\" height=\"461\" src=\"https:\/\/redsemlac.com\/semmexico\/wp-content\/uploads\/2024\/12\/image-2-1024x461.png\" alt=\"\" class=\"wp-image-91030\" srcset=\"https:\/\/redsemlac.com\/semmexico\/wp-content\/uploads\/2024\/12\/image-2-1024x461.png 1024w, https:\/\/redsemlac.com\/semmexico\/wp-content\/uploads\/2024\/12\/image-2-300x135.png 300w, https:\/\/redsemlac.com\/semmexico\/wp-content\/uploads\/2024\/12\/image-2-768x346.png 768w, https:\/\/redsemlac.com\/semmexico\/wp-content\/uploads\/2024\/12\/image-2-150x68.png 150w, https:\/\/redsemlac.com\/semmexico\/wp-content\/uploads\/2024\/12\/image-2-696x313.png 696w, https:\/\/redsemlac.com\/semmexico\/wp-content\/uploads\/2024\/12\/image-2-1068x481.png 1068w, https:\/\/redsemlac.com\/semmexico\/wp-content\/uploads\/2024\/12\/image-2.png 1080w\" sizes=\"auto, (max-width: 1024px) 100vw, 1024px\" \/><\/a><\/figure>\n","protected":false},"excerpt":{"rendered":"<p>Elda Montiel SemM\u00e9xico. Ciudad de M\u00e9xico. 16 de diciembre 2024.- A quince d\u00edas de finalizar 2024 sorprendi\u00f3 la lamentable noticia del fallecimiento de Violeta Carolina Parra Reynada, una mujer que inspiraba a trabajar con ah\u00ednco a generaciones de mujeres que tuvieron la oportunidad de conocerla, una defensora de los derechos humanos de las mujeres. &nbsp; [&hellip;]<\/p>\n","protected":false},"author":3,"featured_media":91029,"comment_status":"open","ping_status":"open","sticky":false,"template":"","format":"standard","meta":{"_monsterinsights_skip_tracking":false,"footnotes":""},"categories":[694,54],"tags":[],"class_list":["post-91028","post","type-post","status-publish","format-standard","has-post-thumbnail","category-destacadas","category-mujeres"],"_links":{"self":[{"href":"https:\/\/redsemlac.com\/semmexico\/wp-json\/wp\/v2\/posts\/91028","targetHints":{"allow":["GET"]}}],"collection":[{"href":"https:\/\/redsemlac.com\/semmexico\/wp-json\/wp\/v2\/posts"}],"about":[{"href":"https:\/\/redsemlac.com\/semmexico\/wp-json\/wp\/v2\/types\/post"}],"author":[{"embeddable":true,"href":"https:\/\/redsemlac.com\/semmexico\/wp-json\/wp\/v2\/users\/3"}],"replies":[{"embeddable":true,"href":"https:\/\/redsemlac.com\/semmexico\/wp-json\/wp\/v2\/comments?post=91028"}],"version-history":[{"count":0,"href":"https:\/\/redsemlac.com\/semmexico\/wp-json\/wp\/v2\/posts\/91028\/revisions"}],"wp:featuredmedia":[{"embeddable":true,"href":"https:\/\/redsemlac.com\/semmexico\/wp-json\/wp\/v2\/media\/91029"}],"wp:attachment":[{"href":"https:\/\/redsemlac.com\/semmexico\/wp-json\/wp\/v2\/media?parent=91028"}],"wp:term":[{"taxonomy":"category","embeddable":true,"href":"https:\/\/redsemlac.com\/semmexico\/wp-json\/wp\/v2\/categories?post=91028"},{"taxonomy":"post_tag","embeddable":true,"href":"https:\/\/redsemlac.com\/semmexico\/wp-json\/wp\/v2\/tags?post=91028"}],"curies":[{"name":"wp","href":"https:\/\/api.w.org\/{rel}","templated":true}]}}