{"id":91013,"date":"2024-12-15T15:53:43","date_gmt":"2024-12-15T21:53:43","guid":{"rendered":"https:\/\/redsemlac.com\/semmexico\/?p=91013"},"modified":"2024-12-15T15:53:44","modified_gmt":"2024-12-15T21:53:44","slug":"senado-aprueba-por-unanimidad-reformas-para-garantizar-acceso-seguro-de-los-menores-a-internet","status":"publish","type":"post","link":"https:\/\/redsemlac.com\/semmexico\/senado-aprueba-por-unanimidad-reformas-para-garantizar-acceso-seguro-de-los-menores-a-internet\/","title":{"rendered":"Senado aprueba por unanimidad reformas para garantizar acceso seguro de los menores a Internet"},"content":{"rendered":"\n<p class=\"wp-block-paragraph\">Urgente legislar ante 2.9 millones de menores que han sido v\u00edctimas de ciberacoso<strong> en 2023<\/strong><\/p>\n\n\n\n<p class=\"wp-block-paragraph\">M\u00e1s de 81 por ciento de la poblaci\u00f3n de seis a\u00f1os o m\u00e1s utiliza el internet y &nbsp;los adolescentes de entre 12 y 17 a\u00f1os<\/p>\n\n\n\n<p class=\"wp-block-paragraph\">Elda Montiel<\/p>\n\n\n\n<p class=\"wp-block-paragraph\">Semm\u00e9xico, Ciudad de M\u00e9xico, 15 de diciembre, &nbsp;2024.- Para asegurar el acceso seguro de los menores a internet, las y los legisladores del Senado de la Rep\u00fablica,&nbsp; aprobaron un dictamen para reformar el Art\u00edculo 101 Bis a la Ley General de los Derechos de Ni\u00f1as, Ni\u00f1os y Adolescentes para que el Estado promueva pol\u00edticas de prevenci\u00f3n, protecci\u00f3n, atenci\u00f3n y sanci\u00f3n del ciberacoso y de todas las formas de violencia mediante el uso de tecnolog\u00edas de la informaci\u00f3n y la comunicaci\u00f3n.<\/p>\n\n\n\n<p class=\"wp-block-paragraph\">&nbsp;Como urgente calificaron la necesidad de contar con un marco normativo para el uso de nuevas tecnolog\u00edas y el internet ante las cifras del 2023 de la Red por los Derechos de la Infancia en M\u00e9xico (Redim), refiere que 2.9 millones de menores entre 12 y 17 a\u00f1os han sido v\u00edctimas de ciberacoso, lo que representa 22.6 por ciento de los usuarios de internet en ese rango de edad.<\/p>\n\n\n\n<p class=\"wp-block-paragraph\">&nbsp;En M\u00e9xico m\u00e1s de 81 por ciento de la poblaci\u00f3n de seis a\u00f1os o m\u00e1s utiliza el internet, con una participaci\u00f3n destacada de los adolescentes de entre 12 y 17 a\u00f1os, quienes representan 92.4 por ciento de los usuarios menores de edad.<\/p>\n\n\n\n<p class=\"wp-block-paragraph\">El dictamen, que se remiti\u00f3 al Ejecutivo Federal, precisa que con el uso de nuevas tecnolog\u00edas e internet, como parte fundamental de la vida de la poblaci\u00f3n, resulta indispensable proteger a la ni\u00f1ez y la adolescencia de agresiones y cualquier tipo de violencia que pudiese da\u00f1ar sus derechos.<\/p>\n\n\n\n<p class=\"wp-block-paragraph\">La senadora sinaloense del PRI, Paloma S\u00e1nchez Ramos celebr\u00f3 la aprobaci\u00f3n de la iniciativa que present\u00f3 cuando era diputada federal, por lo que afirm\u00f3 que las ni\u00f1as y ni\u00f1os van a estar m\u00e1s protegidos contra esas pr\u00e1cticas.<\/p>\n\n\n\n<p class=\"wp-block-paragraph\">Expres\u00f3 que a pesar de que el uso de redes sociales por parte de ni\u00f1as y ni\u00f1os se ha incrementado 30 por ciento en los \u00faltimos a\u00f1os, todav\u00eda no existe el derecho a que sean protegidos y tengan un acceso seguro a internet, \u201cpero hoy estamos dando pasos para que eso cambie\u201d, porque este dictamen garantiza que en las escuelas las y los ni\u00f1os cuenten con la educaci\u00f3n necesaria para entender los riesgos de la violencia digital y el ciberacoso.<\/p>\n\n\n\n<p class=\"wp-block-paragraph\">Ante las cifras alarmantes las senadoras Mar\u00eda del Roci\u00f3 Nakamura del Verde Ecologista, y la panista Laura Esquivel Torres desatacaron que falta mucho por hacer y que la reforma legislativadebe ir acompa\u00f1adade un profundo compromiso de los gobiernos en todos sus niveles, de las instituciones acad\u00e9micas, de la sociedad civil organizada y por supuesto de los padres de familia.<\/p>\n\n\n\n<p class=\"wp-block-paragraph\">La panista Laura Esquivel Torres, se\u00f1al\u00f3: \u201cCreo que debemos hacer cinco cosas fundamentalmente: crear y fortalecer las leyes que tipifican y sancionan el ciberacoso; impulsar permanentemente campa\u00f1as de prevenci\u00f3n; facilitar la protecci\u00f3n y la atenci\u00f3n; realmente sancionar; y, por supuesto innovar\u201d.<\/p>\n\n\n\n<p class=\"wp-block-paragraph\"><strong>Solo 12 minutos toma enganchar a un menor y obtener fotograf\u00edas de \u00edndole er\u00f3tico<\/strong><\/p>\n\n\n\n<p class=\"wp-block-paragraph\">Mientras que Nakamura refiri\u00f3 que un acosador puede tardar tan solo 12 minutos en enganchar a un menor y obtener fotograf\u00edas o videos de contenido er\u00f3tico, seg\u00fan datos de Save the Children. Lo que comienza como una inocente conversaci\u00f3n se transforma en una verdadera pesadilla.<\/p>\n\n\n\n<p class=\"wp-block-paragraph\">El adulto amenaza, chantajea y manipula a su v\u00edctima, el hostigamiento se vuelve insoportable y, en algunos casos, los ni\u00f1os, ni\u00f1as o adolescentes atrapados en el grooming atentan contra su propia vida. Seg\u00fan datos de UNICEF, existen entre 750 mil pederastas en la red. Adem\u00e1s, uno de cada cinco ni\u00f1os ser\u00e1 contactado por un ped\u00f3filo en internet, pero solo el 7 por ciento de ellos se atrever\u00e1 a denunciarlo. Hoy damos un paso importante, falta mucho por hacer.<\/p>\n\n\n\n<p class=\"wp-block-paragraph\">La senadora Liz S\u00e1nchez, del Grupo Parlamentario del Partido del Trabajo,&nbsp; destac\u00f3 que con base a los datos de UNICEF M\u00e9xico, el 50% de las ni\u00f1as y ni\u00f1os entre 6 y 11 a\u00f1os son usuarios de internet o de una computadora, mientras que, en el caso de los adolescentes de 12 a 17 a\u00f1os, es del 80 y 94%.<\/p>\n\n\n\n<p class=\"wp-block-paragraph\">El presidente de la Comisi\u00f3n de Derechos Digitales, Luis Donaldo Colosio Riojas, destac\u00f3 que junto con los beneficios y oportunidades que brinda el Internet, surgen riesgos como el ciber acoso y otras formas de violencia digital que vulneran derechos como la privacidad, la seguridad y la dignidad.<\/p>\n\n\n\n<p class=\"wp-block-paragraph\">La senadora Alejandra Barrales Magdaleno, de Movimiento Ciudadano, advirti\u00f3 que la violencia en internet se caracteriza por acoso sexual infantil, avergonzar en p\u00fablico y espiar, entre otras conductas, por lo que consider\u00f3 que el Estado mexicano tiene la obligaci\u00f3n de garantizar que los menores accedan a las tecnolog\u00edas de la informaci\u00f3n y comunicaci\u00f3n, pero sin que sean v\u00edctimas de violencia.<\/p>\n\n\n\n<p class=\"wp-block-paragraph\">Por Morena, Alejandra Berenice Arias Trevilla expres\u00f3 que el avance de las tecnolog\u00edas ha impulsado grandes oportunidades para el desarrollo de los menores, pero tambi\u00e9n trae consigo riesgos que pueden comprometer su seguridad y que deben atenderse con urgencia, por lo que \u201ces nuestra responsabilidad establecer las condiciones necesarias para que las infancias puedan navegar por Internet de manera segura\u201d.<\/p>\n\n\n\n<p class=\"wp-block-paragraph\"><strong>El Plan Nacional de Desarrollo debe evaluar c\u00f3mo prevenir la violencia digital para menores: Senado<\/strong><\/p>\n\n\n\n<p class=\"wp-block-paragraph\">El pleno del Senado de la Rep\u00fablica aval\u00f3 un dictamen por el que exhorta al Poder Ejecutivo Federal y a las secretar\u00edas de la Administraci\u00f3n P\u00fablica Federal a que, en el marco de la elaboraci\u00f3n del Plan Nacional de Desarrollo, realice una evaluaci\u00f3n sobre las acciones para prevenir, identificar, tratar y sancionar la violencia sexual contra ni\u00f1as, ni\u00f1os y adolescentes.<\/p>\n\n\n\n<p class=\"wp-block-paragraph\">Lo anterior ante las alarmantes cifras de abuso sexual infantil en M\u00e9xico, con m\u00e1s de 4.5 millones de ni\u00f1os y ni\u00f1as afectados anualmente, lo que coloca a nuestro pa\u00eds en el primer lugar por la comisi\u00f3n de este delito, seg\u00fan la Organizaci\u00f3n para la Cooperaci\u00f3n y el Desarrollo Econ\u00f3mico (OCDE).<\/p>\n\n\n\n<p class=\"wp-block-paragraph\">Se exhorta a reforzar la coordinaci\u00f3n interinstitucional entre las dependencias encargadas de implementar las acciones mencionadas y a que la evaluaci\u00f3n contemple las brechas para su implementaci\u00f3n, en cuanto a la vulnerabilidad social y geogr\u00e1fica, a fin de que los resultados se traduzcan en estrategias para fortalecer la protecci\u00f3n integral de ni\u00f1as, ni\u00f1os y adolescentes.<\/p>\n\n\n\n<p class=\"wp-block-paragraph\">Se hace un llamado a la Secretar\u00eda de Educaci\u00f3n P\u00fablica y a sus hom\u00f3logas en el pa\u00eds a emprender las acciones necesarias para atender la recomendaci\u00f3n del Comit\u00e9 de Derechos del Ni\u00f1o de la Organizaci\u00f3n de las Naciones Unidas y reforzar las acciones dirigidas a prevenir, identificar, tratar y monitorear la violencia sexual en los planteles educativos.<\/p>\n\n\n\n<p class=\"wp-block-paragraph\">Se trata de reforzar la prevenci\u00f3n del abuso sexual en el \u00e1mbito educativo mediante la sensibilizaci\u00f3n y apoyo a docentes, profesionales de la salud y trabajadores sociales.<\/p>\n\n\n\n<p class=\"wp-block-paragraph\"><strong>Reflexionan sobre Violencia Digital y Agresi\u00f3n a la Intimidad Sexual en el Senado<\/strong><\/p>\n\n\n\n<p class=\"wp-block-paragraph\">M\u00e9xico se encuentra rezagado en lo que se refiere a la regulaci\u00f3n de la Inteligencia Artificial y lo que tiene que ver con la agresi\u00f3n a la intimidad afirm\u00f3 la abogada feminista&nbsp; Sof\u00eda Jaqueline D\u00edaz Lozano en el Senado de la Rep\u00fablica al participar en el Foro \u201cViolencia Digital y Agresi\u00f3n a la Intimidad Sexual\u201d, que se realiz\u00f3 el pasado 12 de diciembre.<\/p>\n\n\n\n<p class=\"wp-block-paragraph\">Lament\u00f3 que de las 25 iniciativas que se han presentado en esta materia, ninguna se haya aprobado. Adem\u00e1s consider\u00f3 que a pesar de que existe la Ley Olimpia, \u00e9sta no es suficiente, porque presenta lagunas que dan paso a la impunidad e impiden el derecho de las v\u00edctimas a una justicia restaurativa.<\/p>\n\n\n\n<p class=\"wp-block-paragraph\">Las y los panelistas coincidieron en la necesidad de visibilizar la violencia digital pidieron se legisle respecto a los delitos que se comenten con inteligencia artificial. Al respecto destacaron la importancia de capacitar a las autoridades policiales y a los ministerios p\u00fablicos, a fin de que las mujeres que sufren este tipo de violencia puedan ser atendidas por profesionales cuando presentan sus denuncias<\/p>\n\n\n\n<p class=\"wp-block-paragraph\">La senadora Simey Olvera Bautista, de Morena, dijo que los y las legisladoras siempre \u201char\u00e1n equipo\u201d con las juventudes para acompa\u00f1ar sus demandas. En este sentido, destac\u00f3 que los senadores est\u00e1n comprometidos con legislar para regular las tecnolog\u00edas de la informaci\u00f3n y muestra de ello es que se acaba de aprobar una reforma para regular las condiciones laborales de los trabajadores de las plataformas digitales.&nbsp;&nbsp;<\/p>\n\n\n\n<p class=\"wp-block-paragraph\">Ana Karen Hern\u00e1ndez Aceves, presidenta de la Comisi\u00f3n del Deporte, explic\u00f3 que este ejercicio tiene el prop\u00f3sito de dialogar, reflexionar y construir una ruta hacia pol\u00edticas p\u00fablicas m\u00e1s efectivas, leyes m\u00e1s contundentes y una cultura digital que respete y proteja la dignidad humana.<\/p>\n\n\n\n<p class=\"wp-block-paragraph\">Se\u00f1al\u00f3 que la violencia digital y la agresi\u00f3n a la intimidad no son fen\u00f3menos aislados, sino una extensi\u00f3n de desigualdades y de los abusos, por lo que no se puede permitir que los avances tecnol\u00f3gicos dejen de lado los valores esenciales: la \u00e9tica, el respeto y la justicia.<\/p>\n\n\n\n<p class=\"wp-block-paragraph\">Revel\u00f3 que en su carrera se ha dedicado a combatir todo tipo de violencias contra las mujeres, por lo que se comprometi\u00f3 a que desde el Senado impulsar\u00e1 iniciativas que contribuyan a combatir las desigualdades que este sector de la sociedad a\u00fan padece.<\/p>\n","protected":false},"excerpt":{"rendered":"<p>Urgente legislar ante 2.9 millones de menores que han sido v\u00edctimas de ciberacoso en 2023 M\u00e1s de 81 por ciento de la poblaci\u00f3n de seis a\u00f1os o m\u00e1s utiliza el internet y &nbsp;los adolescentes de entre 12 y 17 a\u00f1os Elda Montiel Semm\u00e9xico, Ciudad de M\u00e9xico, 15 de diciembre, &nbsp;2024.- Para asegurar el acceso seguro [&hellip;]<\/p>\n","protected":false},"author":3,"featured_media":91014,"comment_status":"open","ping_status":"open","sticky":false,"template":"","format":"standard","meta":{"_monsterinsights_skip_tracking":false,"footnotes":""},"categories":[703],"tags":[],"class_list":["post-91013","post","type-post","status-publish","format-standard","has-post-thumbnail","category-infancia"],"_links":{"self":[{"href":"https:\/\/redsemlac.com\/semmexico\/wp-json\/wp\/v2\/posts\/91013","targetHints":{"allow":["GET"]}}],"collection":[{"href":"https:\/\/redsemlac.com\/semmexico\/wp-json\/wp\/v2\/posts"}],"about":[{"href":"https:\/\/redsemlac.com\/semmexico\/wp-json\/wp\/v2\/types\/post"}],"author":[{"embeddable":true,"href":"https:\/\/redsemlac.com\/semmexico\/wp-json\/wp\/v2\/users\/3"}],"replies":[{"embeddable":true,"href":"https:\/\/redsemlac.com\/semmexico\/wp-json\/wp\/v2\/comments?post=91013"}],"version-history":[{"count":0,"href":"https:\/\/redsemlac.com\/semmexico\/wp-json\/wp\/v2\/posts\/91013\/revisions"}],"wp:featuredmedia":[{"embeddable":true,"href":"https:\/\/redsemlac.com\/semmexico\/wp-json\/wp\/v2\/media\/91014"}],"wp:attachment":[{"href":"https:\/\/redsemlac.com\/semmexico\/wp-json\/wp\/v2\/media?parent=91013"}],"wp:term":[{"taxonomy":"category","embeddable":true,"href":"https:\/\/redsemlac.com\/semmexico\/wp-json\/wp\/v2\/categories?post=91013"},{"taxonomy":"post_tag","embeddable":true,"href":"https:\/\/redsemlac.com\/semmexico\/wp-json\/wp\/v2\/tags?post=91013"}],"curies":[{"name":"wp","href":"https:\/\/api.w.org\/{rel}","templated":true}]}}