{"id":90969,"date":"2024-12-13T14:01:58","date_gmt":"2024-12-13T20:01:58","guid":{"rendered":"https:\/\/redsemlac.com\/semmexico\/?p=90969"},"modified":"2024-12-13T14:02:00","modified_gmt":"2024-12-13T20:02:00","slug":"urge-irinea-buendia-a-incorporar-perspectiva-de-genero-y-ddhh-en-la-educacion","status":"publish","type":"post","link":"https:\/\/redsemlac.com\/semmexico\/urge-irinea-buendia-a-incorporar-perspectiva-de-genero-y-ddhh-en-la-educacion\/","title":{"rendered":"Urge Irinea Buend\u00eda a incorporar perspectiva de g\u00e9nero y DDHH en la educaci\u00f3n"},"content":{"rendered":"\n<ul class=\"wp-block-list\">\n<li><em>Al visitar la UAQ, la defensora enfatiz\u00f3 que es fundamental cambiar la cultura de hombres y mujeres, ya que donde hay respeto mutuo.<\/em><\/li>\n<\/ul>\n\n\n\n<p class=\"wp-block-paragraph\">&nbsp;Redacci\u00f3n<\/p>\n\n\n\n<p class=\"wp-block-paragraph\">SemM\u00e9xico, Quer\u00e9taro, Qro., 13 de diciembre, 2024.- No se puede erradicar la violencia contra&nbsp; las mujeres sin modificar los planes de estudio. La perspectiva de g\u00e9nero y los derechos humanos (DDHH) deben ser incluidos en las aulas, desde el nivel preescolar hasta el superior; de lo contrario, la verdadera justicia nunca ser\u00e1 posible, declar\u00f3 en su reciente visita a la Universidad Aut\u00f3noma de Quer\u00e9taro (UAQ) la activista Irinea Buend\u00eda Cort\u00e9s, madre de Mariana Lima Buend\u00eda, quien fue v\u00edctima de feminicidio.&nbsp;&nbsp;<\/p>\n\n\n\n<p class=\"wp-block-paragraph\">En este sentido, subray\u00f3 que esta postura es el tercer par\u00e1metro de la propuesta de la \u201cLey Mariana Lima Buend\u00eda\u00bb, que present\u00f3 con el objetivo de integrar una aut\u00e9ntica perspectiva de g\u00e9nero en la normativa mexicana. Asegur\u00f3 que una pol\u00edtica p\u00fablica a largo plazo, impulsada a partir de la educaci\u00f3n en sus primeras etapas, permitir\u00e1 eliminar las agresiones por cuesti\u00f3n de g\u00e9nero, al igual que garantizar una resoluci\u00f3n imparcial y eficaz en favor de las mujeres.<\/p>\n\n\n\n<p class=\"wp-block-paragraph\">La iniciativa incluye otros dos par\u00e1metros fundamentales, basados en la hist\u00f3rica sentencia emitida por la Suprema Corte de Justicia de la Naci\u00f3n (SCJN) el 25 de marzo de 2015, con relaci\u00f3n al caso de su hija: el primero establece que todas las muertes violentas de mujeres, incluyendo suicidios o accidentes, tienen que ser investigadas con perspectiva de g\u00e9nero en las 32 fiscal\u00edas de los estados de la Rep\u00fablica Mexicana.&nbsp;<\/p>\n\n\n\n<p class=\"wp-block-paragraph\">El segundo sostiene que los servidores p\u00fablicos responsables de omisiones, actos de corrupci\u00f3n o negligencia durante las investigaciones y el proceso judicial, sean sancionados ejemplarmente. Adem\u00e1s, se plantea la necesidad de reparar el da\u00f1o causado por las autoridades y promover un cambio cultural a trav\u00e9s de medidas progresivas que fortalezcan el acatamiento a los DDHH.<\/p>\n\n\n\n<p class=\"wp-block-paragraph\">La defensora indic\u00f3 que la formaci\u00f3n y capacitaci\u00f3n adecuada de las personas funcionarias es esencial en el abordaje efectivo de estos casos y que se finquen responsabilidades, de acuerdo con los derechos de las mujeres. Al participar en un conversatorio al interior de la UAQ, Irinea Buend\u00eda relat\u00f3 el dolor de haber visto el cuerpo de su hija sin vida, v\u00edctima de una brutal agresi\u00f3n que marc\u00f3 su destino.<\/p>\n\n\n\n<p class=\"wp-block-paragraph\">Mencion\u00f3 que en el tiempo que dur\u00f3 el proceso para una sentencia por el expediente de su hija Mariana y de acuerdo con datos oficiales de las instancias gubernamentales, en M\u00e9xico se registraron 165 mil 798 defunciones violentas de mujeres; de estas, 108 mil 584 fueron accidentes, 40 mil 915 homicidios, 16 mil 208 suicidios y 91 se clasificaron como feminicidios. Tambi\u00e9n denunci\u00f3 que, de los casos de feminicidio, el nueve por ciento llega a sentencia firme, mientras que el 91 por ciento queda en total impunidad.&nbsp;<\/p>\n","protected":false},"excerpt":{"rendered":"<p>&nbsp;Redacci\u00f3n SemM\u00e9xico, Quer\u00e9taro, Qro., 13 de diciembre, 2024.- No se puede erradicar la violencia contra&nbsp; las mujeres sin modificar los planes de estudio. La perspectiva de g\u00e9nero y los derechos humanos (DDHH) deben ser incluidos en las aulas, desde el nivel preescolar hasta el superior; de lo contrario, la verdadera justicia nunca ser\u00e1 posible, declar\u00f3 [&hellip;]<\/p>\n","protected":false},"author":3,"featured_media":90970,"comment_status":"open","ping_status":"open","sticky":false,"template":"","format":"standard","meta":{"_monsterinsights_skip_tracking":false,"footnotes":""},"categories":[703],"tags":[],"class_list":["post-90969","post","type-post","status-publish","format-standard","has-post-thumbnail","category-infancia"],"_links":{"self":[{"href":"https:\/\/redsemlac.com\/semmexico\/wp-json\/wp\/v2\/posts\/90969","targetHints":{"allow":["GET"]}}],"collection":[{"href":"https:\/\/redsemlac.com\/semmexico\/wp-json\/wp\/v2\/posts"}],"about":[{"href":"https:\/\/redsemlac.com\/semmexico\/wp-json\/wp\/v2\/types\/post"}],"author":[{"embeddable":true,"href":"https:\/\/redsemlac.com\/semmexico\/wp-json\/wp\/v2\/users\/3"}],"replies":[{"embeddable":true,"href":"https:\/\/redsemlac.com\/semmexico\/wp-json\/wp\/v2\/comments?post=90969"}],"version-history":[{"count":0,"href":"https:\/\/redsemlac.com\/semmexico\/wp-json\/wp\/v2\/posts\/90969\/revisions"}],"wp:featuredmedia":[{"embeddable":true,"href":"https:\/\/redsemlac.com\/semmexico\/wp-json\/wp\/v2\/media\/90970"}],"wp:attachment":[{"href":"https:\/\/redsemlac.com\/semmexico\/wp-json\/wp\/v2\/media?parent=90969"}],"wp:term":[{"taxonomy":"category","embeddable":true,"href":"https:\/\/redsemlac.com\/semmexico\/wp-json\/wp\/v2\/categories?post=90969"},{"taxonomy":"post_tag","embeddable":true,"href":"https:\/\/redsemlac.com\/semmexico\/wp-json\/wp\/v2\/tags?post=90969"}],"curies":[{"name":"wp","href":"https:\/\/api.w.org\/{rel}","templated":true}]}}