{"id":90964,"date":"2024-12-13T13:54:50","date_gmt":"2024-12-13T19:54:50","guid":{"rendered":"https:\/\/redsemlac.com\/semmexico\/?p=90964"},"modified":"2024-12-13T13:54:51","modified_gmt":"2024-12-13T19:54:51","slug":"nuevamente-el-presupuesto-2025-para-la-politica-de-genero-es-para-programas-sociales-y-no-para-mujeres","status":"publish","type":"post","link":"https:\/\/redsemlac.com\/semmexico\/nuevamente-el-presupuesto-2025-para-la-politica-de-genero-es-para-programas-sociales-y-no-para-mujeres\/","title":{"rendered":"Nuevamente el presupuesto 2025 para la pol\u00edtica de g\u00e9nero es para programas\u00a0 sociales y no para mujeres"},"content":{"rendered":"\n<p class=\"wp-block-paragraph\">Foto: Cuartoscuro\/Archivo<\/p>\n\n\n\n<p class=\"wp-block-paragraph\">Por sexto a\u00f1o consecutivo se infla el presupuesto de g\u00e9nero vaciando su objetivo y rezaga recursos para la prevenci\u00f3n de la violencia<\/p>\n\n\n\n<p class=\"wp-block-paragraph\">En el Anexo 13, en realidad el&nbsp; 89 por ciento es para los programas sociales y becas para adultos mayores o sembrando vida<\/p>\n\n\n\n<p class=\"wp-block-paragraph\">Sara Lovera<\/p>\n\n\n\n<p class=\"wp-block-paragraph\">SemM\u00e9xico, Cd. de M\u00e9xico, 13 de diciembre, 2024.-&nbsp; Tal como sucedi\u00f3 en el sexenio de Andr\u00e9s Manuel L\u00f3pez Obrador, en el presupuesto de 2025, loque deber\u00edan ser &nbsp;recursos etiquetados en el anexo 13 &nbsp;para la igualdad entre hombres y mujeres, qued\u00f3 rezagado en&nbsp; los gastos aprobados por la C\u00e1mara de diputados.<\/p>\n\n\n\n<p class=\"wp-block-paragraph\">La presidenta&nbsp;<a href=\"https:\/\/www.reporteindigo.com\/reporte\/nunca-vamos-a-agachar-la-cabeza-claudia-sheinbaum-a-donald-trump\/\">Claudia Sheinbaum Pardo<\/a>&nbsp; en un video publicado en redes sociales &nbsp;celebr\u00f3&nbsp;la aprobaci\u00f3n en la&nbsp;C\u00e1mara de Diputados del Presupuesto de Egresos de la Federaci\u00f3n (PEF)&nbsp;que considera un&nbsp;gasto&nbsp;p\u00fablico&nbsp;de 9.3 billones de pesos para 2025.<\/p>\n\n\n\n<p class=\"wp-block-paragraph\">La &nbsp;mandataria destac\u00f3 que con los&nbsp;recursos&nbsp;avalados&nbsp;se garantizan el&nbsp;derecho a la salud&nbsp;y a la educaci\u00f3n, as\u00ed como la&nbsp;ejecuci\u00f3n&nbsp;de todos los&nbsp;programas&nbsp;de&nbsp;Bienestar&nbsp; y los&nbsp; destinados a las secretar\u00edas o programas &nbsp;de nueva creaci\u00f3n, pero no para cerrar la brecha de g\u00e9nero.<\/p>\n\n\n\n<p class=\"wp-block-paragraph\">Los&nbsp;planes&nbsp;de&nbsp;ayuda&nbsp;social&nbsp;implementados por el nuevo&nbsp;Gobierno federal&nbsp;son: la Pensi\u00f3n Mujeres Bienestar, la Beca Universal de&nbsp;Educaci\u00f3n B\u00e1sica \u201cRita Cetina Guti\u00e9rrez\u201d&nbsp;y la estrategia Salud Casa por Casa.<\/p>\n\n\n\n<p class=\"wp-block-paragraph\">En su primer a\u00f1o de gobierno, la administraci\u00f3n de&nbsp;<a href=\"https:\/\/animalpolitico.com\/elecciones-2024\/presidencia\/claudia-sheinbaum-presidenta-mujeres\" target=\"_blank\" rel=\"noreferrer noopener\">Claudia Sheinbaum<\/a> Pardo se repite el vaciado del anexo 13,&nbsp; exactamente &nbsp;la f\u00f3rmula del sexenio pasado y se infl\u00f3 el&nbsp;<a href=\"https:\/\/animalpolitico.com\/genero-y-diversidad\/presupuesto-recortes-refugios-mujeres-violencia\" target=\"_blank\" rel=\"noreferrer noopener\">presupuesto destinado a mujeres<\/a>&nbsp;con&nbsp;programas sociales.&nbsp;<\/p>\n\n\n\n<p class=\"wp-block-paragraph\">El Anexo 13, que incluye aquellos&nbsp;programas&nbsp;que contribuyen a lograr la igualdad entre hombres y&nbsp;mujeres, tendr\u00e1 un&nbsp;presupuesto&nbsp;de 479 mil millones de pesos, lo que significa un m\u00e1ximo hist\u00f3rico. Sin embargo, 89 % de ese total corresponde a 13 programas sociales que no distinguen a hombres y mujeres y que se pensaron exclusivos para cerrar la&nbsp;brecha de g\u00e9nero.&nbsp;<\/p>\n\n\n\n<p class=\"wp-block-paragraph\">En este anexo 13, legalizado en la ley de presupuesto, se han colocado , por ejemplo, el programa de Fertilizantes, que consiste en la entrega de dicho insumo a productores de todo el pa\u00eds, y que tiene 5 mil 137 millones de pesos etiquetados; tambi\u00e9n est\u00e1 Precios de Garant\u00eda y Producci\u00f3n para el Bienestar, con 3 mil y 5 mil millones de pesos, respectivamente. En los tres&nbsp;programas, a cargo de la Secretar\u00eda de Agricultura y Desarrollo Rural, los beneficiarios son hombres y&nbsp;mujeres&nbsp;sin distingo.&nbsp;<\/p>\n\n\n\n<figure class=\"wp-block-image size-large\"><a href=\"https:\/\/redsemlac.com\/semmexico\/wp-content\/uploads\/2024\/12\/presupuesto-2025-02.jpg\"><img loading=\"lazy\" decoding=\"async\" width=\"1024\" height=\"683\" src=\"https:\/\/redsemlac.com\/semmexico\/wp-content\/uploads\/2024\/12\/presupuesto-2025-02-1024x683.jpg\" alt=\"\" class=\"wp-image-90965\" srcset=\"https:\/\/redsemlac.com\/semmexico\/wp-content\/uploads\/2024\/12\/presupuesto-2025-02-1024x683.jpg 1024w, https:\/\/redsemlac.com\/semmexico\/wp-content\/uploads\/2024\/12\/presupuesto-2025-02-300x200.jpg 300w, https:\/\/redsemlac.com\/semmexico\/wp-content\/uploads\/2024\/12\/presupuesto-2025-02-768x512.jpg 768w, https:\/\/redsemlac.com\/semmexico\/wp-content\/uploads\/2024\/12\/presupuesto-2025-02-150x100.jpg 150w, https:\/\/redsemlac.com\/semmexico\/wp-content\/uploads\/2024\/12\/presupuesto-2025-02-696x464.jpg 696w, https:\/\/redsemlac.com\/semmexico\/wp-content\/uploads\/2024\/12\/presupuesto-2025-02-1068x712.jpg 1068w, https:\/\/redsemlac.com\/semmexico\/wp-content\/uploads\/2024\/12\/presupuesto-2025-02.jpg 1200w\" sizes=\"auto, (max-width: 1024px) 100vw, 1024px\" \/><\/a><\/figure>\n\n\n\n<p class=\"wp-block-paragraph\">Foto: Cuartoscuro\/Archivo<\/p>\n\n\n\n<p class=\"wp-block-paragraph\">El&nbsp;Anexo 13&nbsp;naci\u00f3 como una demanda de las mujeres &nbsp;para asegurar que en el&nbsp;presupuesto&nbsp;existiera financiamiento para las acciones encaminadas a cerrar la brecha de g\u00e9nero. Esto, a trav\u00e9s de&nbsp;programas&nbsp;que no s\u00f3lo eran para atender &nbsp;las problem\u00e1ticas espec\u00edficas &nbsp;de las&nbsp;mujeres,&nbsp; sino para atender &nbsp;a la &nbsp;&nbsp;salud materna, sexual y reproductiva.&nbsp;<\/p>\n\n\n\n<p class=\"wp-block-paragraph\">Sin embargo, este programa que busca disminuir la muerte materna y proveer m\u00e9todos anticonceptivos, apenas tendr\u00e1 2 mil 405 millones de pesos; en contraste, Sembrando Vida, tendr\u00e1 cinco veces m\u00e1s, con un&nbsp;presupuesto&nbsp;de 12 mil 512 millones de pesos. \u00c9ste programa que supuestamente busca reforestar terrenos, tambi\u00e9n lo reciben hombres y&nbsp;mujeres&nbsp;y no atienden una problem\u00e1tica espec\u00edfica de las mujeres &nbsp;y aun as\u00ed, est\u00e1 enlistado en el Anexo 13.&nbsp;<\/p>\n\n\n\n<p class=\"wp-block-paragraph\">En cambio, el Programa de Apoyo a las Instancias de Mujeres en las Entidades Federativas (PAIMEF), el \u00fanico programa que dio resultados para prevenir la violencia, &nbsp;tendr\u00e1 334 millones de pesos, sin&nbsp; crecer. No se sabe, si lo operar\u00e1 la Secretar\u00eda de las Mujeres, ya que se diluy\u00f3 en la Secretar\u00eda de Gobernaci\u00f3n, el personal asignado, qued\u00f3 en otras \u00e1reas. Este programa &nbsp;se atiende a&nbsp;<a href=\"https:\/\/animalpolitico.com\/politica\/sheinbaum-recursos-salud-programas-sociales-2025\" target=\"_blank\" rel=\"noreferrer noopener\">mujeres&nbsp;<\/a>de todas las entidades del pa\u00eds con&nbsp;programas&nbsp;de prevenci\u00f3n de violencia, principalmente.<\/p>\n\n\n\n<p class=\"wp-block-paragraph\">Y el Programa de Apoyo para Refugios Especializados para Mujeres V\u00edctimas de Violencia de G\u00e9nero, sus hijas e hijos, tendr\u00e1 s\u00f3lo 484 millones de pesos, con un crecimiento que no consider\u00f3 la inflaci\u00f3n a pesar de ser el \u00fanico mecanismo del Estado que puede salvar la vida de&nbsp;mujeres&nbsp;que huyen de sus agresores.<\/p>\n\n\n\n<p class=\"wp-block-paragraph\">De estos dos&nbsp;programas&nbsp;que s\u00ed atienden problem\u00e1ticas exclusivamente de&nbsp;mujeres, significan el 0.17% del&nbsp;presupuesto&nbsp;de g\u00e9nero.&nbsp;<\/p>\n\n\n\n<p class=\"wp-block-paragraph\">En contraste, la Pensi\u00f3n para el Bienestar de las Personas Adultas Mayores, tendr\u00e1 252 mil millones de pesos etiquetados en el&nbsp;presupuesto&nbsp;de g\u00e9nero; aunque m\u00e1s bien se trate de la principal estrategia de pol\u00edtica social del&nbsp;expresidente Andr\u00e9s Manuel L\u00f3pez Obrador&nbsp;y no de una pol\u00edtica de igualdad de g\u00e9nero.<\/p>\n\n\n\n<p class=\"wp-block-paragraph\">En el Anexo que supuestamente debe estar dirigido a las&nbsp;mujeres, el gobierno de&nbsp;Sheinbaum Pardo &nbsp;tambi\u00e9n enlist\u00f3&nbsp;programas&nbsp;como La Escuela es Nuestra, que consiste en entregar dinero a los comit\u00e9s de padres de familia para mejorar la infraestructura de escuelas, y que tendr\u00e1 11 mil millones de pesos.&nbsp;&nbsp;<\/p>\n\n\n\n<figure class=\"wp-block-image size-large\"><a href=\"https:\/\/redsemlac.com\/semmexico\/wp-content\/uploads\/2024\/12\/presupuesto-2025-03.jpg\"><img loading=\"lazy\" decoding=\"async\" width=\"1024\" height=\"683\" src=\"https:\/\/redsemlac.com\/semmexico\/wp-content\/uploads\/2024\/12\/presupuesto-2025-03-1024x683.jpg\" alt=\"\" class=\"wp-image-90966\" srcset=\"https:\/\/redsemlac.com\/semmexico\/wp-content\/uploads\/2024\/12\/presupuesto-2025-03-1024x683.jpg 1024w, https:\/\/redsemlac.com\/semmexico\/wp-content\/uploads\/2024\/12\/presupuesto-2025-03-300x200.jpg 300w, https:\/\/redsemlac.com\/semmexico\/wp-content\/uploads\/2024\/12\/presupuesto-2025-03-768x512.jpg 768w, https:\/\/redsemlac.com\/semmexico\/wp-content\/uploads\/2024\/12\/presupuesto-2025-03-150x100.jpg 150w, https:\/\/redsemlac.com\/semmexico\/wp-content\/uploads\/2024\/12\/presupuesto-2025-03-696x464.jpg 696w, https:\/\/redsemlac.com\/semmexico\/wp-content\/uploads\/2024\/12\/presupuesto-2025-03-1068x712.jpg 1068w, https:\/\/redsemlac.com\/semmexico\/wp-content\/uploads\/2024\/12\/presupuesto-2025-03.jpg 1200w\" sizes=\"auto, (max-width: 1024px) 100vw, 1024px\" \/><\/a><\/figure>\n\n\n\n<p class=\"wp-block-paragraph\">Foto: Cuartoscuro\/Archivo<\/p>\n\n\n\n<p class=\"wp-block-paragraph\">Igualmente en el Anexo 13 se incluy\u00f3 &nbsp;el programa J\u00f3venes construyendo el futuro, con 12 mil 905 millones de pesos, pese a que se trata de una estrategia de entrega de recursos a j\u00f3venes que no estudian ni trabajan y que se inscriben como aprendices en empresas y comercios.&nbsp;<\/p>\n\n\n\n<p class=\"wp-block-paragraph\">A estos tambi\u00e9n sumaron los dos&nbsp;programas&nbsp;que comenzar\u00e1n a operar en el gobierno de&nbsp;Sheinbaum Pardo : el programa de Vivienda Social, que construir\u00e1 viviendas para personas sin seguridad social, y que tendr\u00e1 19 mil millones de pesos; tambi\u00e9n la&nbsp;<a href=\"https:\/\/animalpolitico.com\/tendencias\/estilo-de-vida\/beca-rita-cetina-gutierrez-educacion-basica\" target=\"_blank\" rel=\"noreferrer noopener\">Beca universal de educaci\u00f3n b\u00e1sica Rita Cetina<\/a>, dirigido a estudiantes de preescolar, primaria y secundaria, con 61 mil millones de pesos.&nbsp;<\/p>\n\n\n\n<p class=\"wp-block-paragraph\">Sheinbaum desmiente disminuci\u00f3n de presupuesto a sectores clave<\/p>\n\n\n\n<p class=\"wp-block-paragraph\">En el video en redes sociales, la presidenta&nbsp; &nbsp;desminti\u00f3&nbsp;que su gobierno&nbsp; haya&nbsp;propuesto&nbsp;disminuir&nbsp;el presupuesto&nbsp;a sectores clave de la administraci\u00f3n p\u00fablica como la atenci\u00f3n a la&nbsp;salud.<\/p>\n\n\n\n<p class=\"wp-block-paragraph\">\u201cEst\u00e1 garantizada la&nbsp;salud, el IMSS&nbsp;Bienestar, el&nbsp;IMSS&nbsp;(Instituto Mexicano del Seguro Social), el&nbsp;ISSSTE&nbsp;(Instituto de Seguridad y Servicios Sociales de los Trabajadores del Estado).<\/p>\n\n\n\n<p class=\"wp-block-paragraph\">\u201cPorque&nbsp;por ah\u00ed anduvieron diciendo, ya ven que no hay quien&nbsp;siga&nbsp;diciendo&nbsp;mentiras&nbsp;y calumnias, que se baj\u00f3 el&nbsp;presupuesto&nbsp;de salud, es falso, tiene garantizado la salud y su mejora de las instituciones\u201d, detall\u00f3.<\/p>\n\n\n\n<p class=\"wp-block-paragraph\"><a href=\"https:\/\/www.reporteindigo.com\/reporte\/sheinbaum-una-de-las-25-mujeres-mas-influyentes-de-2024-financial-times\/\">Claudia Sheinbaum<\/a> Pardo&nbsp;tambi\u00e9n mencion\u00f3 que no solo se&nbsp;asegura&nbsp;el recurso para&nbsp;educaci\u00f3n, sino la creaci\u00f3n de&nbsp;nuevas&nbsp;universidades; la construcci\u00f3n de&nbsp;infraestructura&nbsp;mediante los&nbsp;proyectos&nbsp;de trenes&nbsp;y carreteras; la mejora del&nbsp;abastecimiento&nbsp;de&nbsp;agua&nbsp;potable en el pa\u00eds; y la&nbsp;elecci\u00f3n&nbsp;de&nbsp;jueces, ministros y magistrados del&nbsp;Poder Judicial&nbsp;en 2025.<\/p>\n\n\n\n<p class=\"wp-block-paragraph\">En este sentido, detall\u00f3 que el&nbsp;PEF&nbsp;responde a las pol\u00edticas de&nbsp;austeridad&nbsp;republicana, del humanismo mexicano y del \u201cSegundo piso de la Cuarta Transformaci\u00f3n\u201d de la vida p\u00fablica de M\u00e9xico.<\/p>\n\n\n\n<p class=\"wp-block-paragraph\">Celebramos la aprobaci\u00f3n del Presupuesto de Egresos de la Federaci\u00f3n 2025, que garantiza los Programas para el Bienestar, incluidos los tres nuevos; los derechos a la salud y educaci\u00f3n, as\u00ed como la elecci\u00f3n en el Poder Judicial. Vamos acorde con la austeridad republicana y con el\u2026&nbsp;<a href=\"https:\/\/t.co\/rBcrN6nwt0\">pic.twitter.com\/rBcrN6nwt0<\/a><\/p>\n","protected":false},"excerpt":{"rendered":"<p>Foto: Cuartoscuro\/Archivo Por sexto a\u00f1o consecutivo se infla el presupuesto de g\u00e9nero vaciando su objetivo y rezaga recursos para la prevenci\u00f3n de la violencia En el Anexo 13, en realidad el&nbsp; 89 por ciento es para los programas sociales y becas para adultos mayores o sembrando vida Sara Lovera SemM\u00e9xico, Cd. de M\u00e9xico, 13 de [&hellip;]<\/p>\n","protected":false},"author":3,"featured_media":90967,"comment_status":"open","ping_status":"open","sticky":false,"template":"","format":"standard","meta":{"_monsterinsights_skip_tracking":false,"footnotes":""},"categories":[694,903],"tags":[],"class_list":["post-90964","post","type-post","status-publish","format-standard","has-post-thumbnail","category-destacadas","category-presidenta-y-mas"],"_links":{"self":[{"href":"https:\/\/redsemlac.com\/semmexico\/wp-json\/wp\/v2\/posts\/90964","targetHints":{"allow":["GET"]}}],"collection":[{"href":"https:\/\/redsemlac.com\/semmexico\/wp-json\/wp\/v2\/posts"}],"about":[{"href":"https:\/\/redsemlac.com\/semmexico\/wp-json\/wp\/v2\/types\/post"}],"author":[{"embeddable":true,"href":"https:\/\/redsemlac.com\/semmexico\/wp-json\/wp\/v2\/users\/3"}],"replies":[{"embeddable":true,"href":"https:\/\/redsemlac.com\/semmexico\/wp-json\/wp\/v2\/comments?post=90964"}],"version-history":[{"count":0,"href":"https:\/\/redsemlac.com\/semmexico\/wp-json\/wp\/v2\/posts\/90964\/revisions"}],"wp:featuredmedia":[{"embeddable":true,"href":"https:\/\/redsemlac.com\/semmexico\/wp-json\/wp\/v2\/media\/90967"}],"wp:attachment":[{"href":"https:\/\/redsemlac.com\/semmexico\/wp-json\/wp\/v2\/media?parent=90964"}],"wp:term":[{"taxonomy":"category","embeddable":true,"href":"https:\/\/redsemlac.com\/semmexico\/wp-json\/wp\/v2\/categories?post=90964"},{"taxonomy":"post_tag","embeddable":true,"href":"https:\/\/redsemlac.com\/semmexico\/wp-json\/wp\/v2\/tags?post=90964"}],"curies":[{"name":"wp","href":"https:\/\/api.w.org\/{rel}","templated":true}]}}