{"id":90944,"date":"2024-12-12T09:42:15","date_gmt":"2024-12-12T15:42:15","guid":{"rendered":"https:\/\/redsemlac.com\/semmexico\/?p=90944"},"modified":"2024-12-12T09:42:16","modified_gmt":"2024-12-12T15:42:16","slug":"senado-aprueba-escribir-en-el-muro-de-honor-la-leyenda-ifigenia-martinez-una-mujer-de-estado","status":"publish","type":"post","link":"https:\/\/redsemlac.com\/semmexico\/senado-aprueba-escribir-en-el-muro-de-honor-la-leyenda-ifigenia-martinez-una-mujer-de-estado\/","title":{"rendered":"Senado aprueba escribir en el muro de honor la leyenda \u201cIfigenia Mart\u00ednez, una mujer de Estado\u201d"},"content":{"rendered":"\n<p class=\"wp-block-paragraph\">Ifigenia conceb\u00eda que la soberan\u00eda hab\u00eda que defenderla no rompiendo relaciones con el resto del mundo, sino tejiendo relaciones beneficiosas\u00a0\/\u00a0Cuartoscuro.com<\/p>\n\n\n\n<p class=\"wp-block-paragraph\">La inscripci\u00f3n es el reconocimiento por parte del Senado a Ifigenia Mart\u00ednez por su compromiso con la justicia social y la defensa de pol\u00edticas econ\u00f3micas<\/p>\n\n\n\n<p class=\"wp-block-paragraph\">Javier&nbsp;Divany<\/p>\n\n\n\n<p class=\"wp-block-paragraph\">SemM\u00e9xico\/El Sol de M\u00e9xico, 12 de diciembre, 2024.- El Pleno del\u00a0Senado de la Rep\u00fablica\u00a0aprob\u00f3 por unanimidad\u00a0escribir en el muro de honor con letras de oro la leyenda\u00a0\u201cIfigenia Mart\u00ednez, una mujer de Estado\u201d, para honrar la\u00a0memoria de la pol\u00edtica, acad\u00e9mica\u00a0y mujer de Estado.<\/p>\n\n\n\n<p class=\"wp-block-paragraph\">Tras la votaci\u00f3n por unanimidad de 107 votos a favor, el presidente de la Mesa Directiva del Senado,&nbsp;Gerardo Fern\u00e1ndez Noro\u00f1a&nbsp;mencion\u00f3 que \u201cse trata de un&nbsp;acto de plena justicia&nbsp;a una gran compa\u00f1era, cuya ausencia es no s\u00f3lo al movimiento, sino como consta a todos quienes nos dedicamos a la pol\u00edtica.&nbsp;Larga vida, Ifigenia Mart\u00ednez Hern\u00e1ndez\u201d.<\/p>\n\n\n\n<p class=\"wp-block-paragraph\">Por unanimidad de 107 votos a favor, el Pleno determin\u00f3 que se&nbsp;escriba con letras doradas, la leyenda&nbsp;\u201cIfigenia Mart\u00ednez, mujer de Estado\u201d&nbsp;en el muro de&nbsp;honor del Senado&nbsp;a fin de que Ifigenia sea reconocida y recordada como una&nbsp;figura clave en la historia&nbsp;contempor\u00e1nea de M\u00e9xico.<\/p>\n\n\n\n<p class=\"wp-block-paragraph\">Se busca conmemorar su&nbsp;contribuci\u00f3n a la pol\u00edtica, su legado en el&nbsp;\u00e1mbito econ\u00f3mico&nbsp;y el impacto de sus logros, los cuales continuar\u00e1n presentes en la&nbsp;memoria de M\u00e9xico.<\/p>\n\n\n\n<p class=\"wp-block-paragraph\">A nombre de la Comisi\u00f3n de Gobernaci\u00f3n, la senadora&nbsp;Olga Patricia Sosa Ru\u00edz, al presentar el dictamen, asegur\u00f3 que&nbsp;Ifigenia Mart\u00ednez&nbsp;fue una&nbsp;mujer \u201cextraordinaria\u201d&nbsp;que con su pensamiento y su acci\u00f3n abri\u00f3 caminos para la&nbsp;participaci\u00f3n p\u00fablica&nbsp;de las&nbsp;mujeres.<\/p>\n\n\n\n<p class=\"wp-block-paragraph\">Record\u00f3 que a mediados del siglo pasado, promovi\u00f3 el&nbsp;fortalecimiento de las empresas p\u00fablicas&nbsp;del Estado y la equidad en el financiamiento del gasto.<\/p>\n\n\n\n<p class=\"wp-block-paragraph\">Pero tambi\u00e9n fue&nbsp;investigadora, primera directora de la Facultad de Econom\u00eda de la UNAM, primera mexicana graduada en&nbsp;maestr\u00eda y doctorado por la Universidad de Harvard&nbsp;y aport\u00f3 a la transici\u00f3n democr\u00e1tica con el llamado que hizo a incluir la&nbsp;\u00e9tica en el ejercicio del poder p\u00fablico, haci\u00e9ndolo con integridad, con entereza, con car\u00e1cter y con argumentos.<\/p>\n\n\n\n<p class=\"wp-block-paragraph\">La senadora&nbsp;Mayuli Latifa&nbsp;Sim\u00f3n, en nombre de la Comisi\u00f3n de Reglamentos y Pr\u00e1cticas Parlamentarias, resalt\u00f3 que la inscripci\u00f3n en el Muro de Honor del Senado es el&nbsp;reconocimiento que los senadores hacen a una mujer&nbsp;que m\u00e1s all\u00e1 de partidos pol\u00edticos, estuvo&nbsp;comprometida con la justicia social&nbsp;y la&nbsp;defensa de pol\u00edticas&nbsp;econ\u00f3micas para reducir las desigualdades.<\/p>\n\n\n\n<p class=\"wp-block-paragraph\">Sasil de Le\u00f3n Villard, del partido Morena record\u00f3 que&nbsp;Ifigenia Mart\u00ednez fue una mujer de convicciones claras, pues su&nbsp;trayectoria inspir\u00f3 a generaciones&nbsp;enteras para romper los techos de cristal y conquistar espacios que alguna vez le fueron negados a las mujeres.<\/p>\n\n\n\n<p class=\"wp-block-paragraph\">Del PVEM,&nbsp;Juanita Guerra Mena, subray\u00f3 que su&nbsp;participaci\u00f3n en Morena&nbsp;fue fundamental para la consolidaci\u00f3n del proyecto de naci\u00f3n y que (ella)&nbsp;\u201cinaugur\u00f3 el segundo piso de la Cuarta Transformaci\u00f3n&nbsp;al entregar la&nbsp;banda presidencial a Claudia Sheinbaum&nbsp;Pardo, en su calidad de presidenta del Congreso de la Uni\u00f3n\u201d.<\/p>\n\n\n\n<p class=\"wp-block-paragraph\">Amalia Dolores Garc\u00eda Medina, de MC, se\u00f1al\u00f3 que&nbsp;Ifigenia Mart\u00ednez&nbsp;es de aquellas personalidades que no s\u00f3lo son un&nbsp;s\u00edmbolo,&nbsp;sino que al hablar de ella nos convocan a asumir un compromiso, a&nbsp;luchar, trabajar y dedicarnos a construir un M\u00e9xico mejor.<\/p>\n\n\n\n<p class=\"wp-block-paragraph\">Adem\u00e1s, destac\u00f3 que&nbsp;Ifigenia conceb\u00eda que la soberan\u00eda&nbsp;hab\u00eda que&nbsp;defenderla no rompiendo relaciones con el resto del mundo,&nbsp;sino tejiendo relaciones beneficiosas. Es una visi\u00f3n que, urge en estos tiempos.<\/p>\n","protected":false},"excerpt":{"rendered":"<p>Ifigenia conceb\u00eda que la soberan\u00eda hab\u00eda que defenderla no rompiendo relaciones con el resto del mundo, sino tejiendo relaciones beneficiosas\u00a0\/\u00a0Cuartoscuro.com La inscripci\u00f3n es el reconocimiento por parte del Senado a Ifigenia Mart\u00ednez por su compromiso con la justicia social y la defensa de pol\u00edticas econ\u00f3micas Javier&nbsp;Divany SemM\u00e9xico\/El Sol de M\u00e9xico, 12 de diciembre, 2024.- El [&hellip;]<\/p>\n","protected":false},"author":3,"featured_media":90945,"comment_status":"open","ping_status":"open","sticky":false,"template":"","format":"standard","meta":{"_monsterinsights_skip_tracking":false,"footnotes":""},"categories":[50,694],"tags":[],"class_list":["post-90944","post","type-post","status-publish","format-standard","has-post-thumbnail","category-congreso","category-destacadas"],"_links":{"self":[{"href":"https:\/\/redsemlac.com\/semmexico\/wp-json\/wp\/v2\/posts\/90944","targetHints":{"allow":["GET"]}}],"collection":[{"href":"https:\/\/redsemlac.com\/semmexico\/wp-json\/wp\/v2\/posts"}],"about":[{"href":"https:\/\/redsemlac.com\/semmexico\/wp-json\/wp\/v2\/types\/post"}],"author":[{"embeddable":true,"href":"https:\/\/redsemlac.com\/semmexico\/wp-json\/wp\/v2\/users\/3"}],"replies":[{"embeddable":true,"href":"https:\/\/redsemlac.com\/semmexico\/wp-json\/wp\/v2\/comments?post=90944"}],"version-history":[{"count":0,"href":"https:\/\/redsemlac.com\/semmexico\/wp-json\/wp\/v2\/posts\/90944\/revisions"}],"wp:featuredmedia":[{"embeddable":true,"href":"https:\/\/redsemlac.com\/semmexico\/wp-json\/wp\/v2\/media\/90945"}],"wp:attachment":[{"href":"https:\/\/redsemlac.com\/semmexico\/wp-json\/wp\/v2\/media?parent=90944"}],"wp:term":[{"taxonomy":"category","embeddable":true,"href":"https:\/\/redsemlac.com\/semmexico\/wp-json\/wp\/v2\/categories?post=90944"},{"taxonomy":"post_tag","embeddable":true,"href":"https:\/\/redsemlac.com\/semmexico\/wp-json\/wp\/v2\/tags?post=90944"}],"curies":[{"name":"wp","href":"https:\/\/api.w.org\/{rel}","templated":true}]}}