{"id":90864,"date":"2024-12-11T09:46:28","date_gmt":"2024-12-11T15:46:28","guid":{"rendered":"https:\/\/redsemlac.com\/semmexico\/?p=90864"},"modified":"2024-12-11T09:46:29","modified_gmt":"2024-12-11T15:46:29","slug":"bellas-y-airosas-tres-rockeras-mexicanas-para-disfrutar-en-diciembre","status":"publish","type":"post","link":"https:\/\/redsemlac.com\/semmexico\/bellas-y-airosas-tres-rockeras-mexicanas-para-disfrutar-en-diciembre\/","title":{"rendered":"Bellas y Airosas | Tres rockeras mexicanas para disfrutar en diciembre"},"content":{"rendered":"\n<ul class=\"wp-block-list\">\n<li><\/li>\n<\/ul>\n\n\n\n<p class=\"wp-block-paragraph\">Elvira Hern\u00e1ndez Carballido<\/p>\n\n\n\n<p class=\"wp-block-paragraph\">SemM\u00e9xico, Pachuca, Hgo., 11 de diciembre, 2024.- Si tienen vacaciones, si desean regalar algo, pasar d\u00edas tranquilos en casa o trabajar mientras muchos m\u00e1s descansan, escuchar voces de mujeres que han destacado en el rcok nacional, har\u00e1n de diciembre ese mes lleno de magia porque creemos en ella y con estas compositoras, lo comprobaremos:<\/p>\n\n\n\n<p class=\"wp-block-paragraph\"><strong>Teresa Estrada<\/strong><\/p>\n\n\n\n<p class=\"wp-block-paragraph\">Estudi\u00f3 en la Facultad de Ciencias Pol\u00edticas y Sociales, en la UNAM. Su tesis de licenciatura marc\u00f3 su pasi\u00f3n por analizar el rock y recupera la presencia femenina en ese g\u00e9nero musical. En un n\u00famero representativo de sus canciones existe una verdadera riqueza en tem\u00e1ticas y una gran pluralidad de visiones sobre la vida cotidiana, sobre las mujeres y sobre ellas misma. As\u00ed, la autocontemplaci\u00f3n, una conciencia de finitud, el rechazo social as\u00ed como la pasi\u00f3n y el deseo son una constante en sus letras. Ella misma reconoce que sus tem\u00e1ticas son el erotismo, la soledad y el hostigamiento sexual as\u00ed como cuestiones urbanas-er\u00f3ticas. La certidumbre sobre ella misma y la b\u00fasqueda de su misma subjetividad es una preocupaci\u00f3n o inspiraci\u00f3n latente en sus canciones, donde intenta responderse qui\u00e9n soy y qui\u00e9n quiero ser:<\/p>\n\n\n\n<p class=\"wp-block-paragraph\"><em>Juglar de las galaxias, viajera alucinada, esponja que se empapa de veneno o de elixir de amor, trovadora de leyendas callejeras, amante de los cantos nocturnos y de susurros de sirenas Cuando intento echar ra\u00edces\/ Un nuevo viaje lo impide\/ Mi hogar es mi propio cuerpo\/ Mi pa\u00eds son mis recuerdos\/ Mi piel es mi frontera\/ La lira mi trinchera\/ Si en tierra ajena muriera\/ Que solo ser\u00eda el funeral\/ Al andar me encuentro\/ Me miro en un espejo\/ Al andar me fatigo\/ Pero descubro el camino. (Encuentros cercanos conmigo)<\/em><\/p>\n\n\n\n<p class=\"wp-block-paragraph\"><strong>Rita Guerrero<\/strong><\/p>\n\n\n\n<p class=\"wp-block-paragraph\">Fue apenas en 2011 que ella muri\u00f3, pero sus composiciones ya le dieron la eternidad:<\/p>\n\n\n\n<p class=\"wp-block-paragraph\"><em>Veo una luz que rebasa mi muerte, siento el amor que me invita a ser fuerte. Y desde la esperanza, quiero mirar al otro lado de la noche. El \u00e1rbol de la rabia, quiero gritar al otro lado de la noche. Buscar, buscando la luz detr\u00e1s de esta mordaza, y de un nombre inventado, cu\u00e1ntos a\u00f1os han pasado, cu\u00e1nto dolor anidado. Qu\u00e9 importa si ya nos han olvidado, que importan mis pasos en este mundo olvidado\u201d. (Olvido)<\/em><\/p>\n\n\n\n<p class=\"wp-block-paragraph\">Mujer honesta, santa y guerrera, enorme voz, soprano rockera oscura y g\u00f3toca, pluma valiente y sincera, comprometida e inteligente. Mujer que profes\u00f3 el teatro, la m\u00fasica, el amor y la amistad. Durante los homenajes p\u00f3stumos que se le han hecho, cada amistad y colega no dej\u00f3 de reconocer su calidad humana y musical. Artista prol\u00edfica. Vamp\u00edrica y multidisciplinaria. Tapat\u00eda de nacimiento, fue una joven m\u00e1s que emigr\u00f3 a la ciudad de M\u00e9xico para estudiar en la UNAM, donde form\u00f3 parte del Centro Universitario de teatro. Fue en esos espacios que conoci\u00f3 a Pablo Valero, Poncho Figueroa y Jacobo Leiberman, con quienes poco despu\u00e9s crear\u00eda el grupo \u201cSanta Sabina\u201d. Su creatividad, conocimiento e inspiraci\u00f3n poco a poco le dieron estilo e imagen a su grupo que entre jazz y rock, entre lo g\u00f3tico y el performance, tendencia underground, el teatro y lo m\u00edstico, logr\u00f3 ganarse un lugar privilegiado en el rock nacional. Adem\u00e1s de ser la fundadora, l\u00edder y vocalista del grupo, Rita fue la compositora de las canciones m\u00e1s significativas del grupo.&nbsp;<\/p>\n\n\n\n<p class=\"wp-block-paragraph\"><strong>Ely Guerra<\/strong><\/p>\n\n\n\n<p class=\"wp-block-paragraph\">Elizabeth Guerra V\u00e1zquez (1972), prefiri\u00f3 ser Ely Guerra. Su primer disco se dio a conocer en 1992 pero fue con su segunda producci\u00f3n cuando fue reconocida como una gran representante de rock femenino en M\u00e9xico. En sus composiciones destaca que adem\u00e1s del amor y el deseo, haga una referencia al reconocimiento de s\u00ed misma, de su finitud y de su propio cuerpo as\u00ed como da a conocer su postura ante cuestiones m\u00e1s sociales que impactan en la vida cotidiana. Reconoce la imposibilidad del amor pero intenta comprometerse con la persona amada, con promesas y advertencias, con generosidad y sin tragedia:<\/p>\n\n\n\n<p class=\"wp-block-paragraph\"><em>Te regalo la sal de mis historias\/ Te comparto mi fuerza y mi debilidad\/ Te muestro el cielo al que tambi\u00e9n llamamos gloria\/ Te regalo mi voz, mi libertad\u2026\/Te regalo mis fotos preferidas\/ Te comparto mi humana condici\u00f3n\/ Te llevo m\u00e1s all\u00e1 del l\u00edmite y medida\/ Me convierto en tu amiga, la mejor. (Mi playa)<\/em><\/p>\n\n\n\n<p class=\"wp-block-paragraph\">En su canto el hombre amado es amado pero tambi\u00e9n muy deseado, es cuerpo y erotismo, representa la posibilidad de aceptarse o de cambiar, la oportunidad de sentir y de transformarse, lo llama \u00e1ngel o demonio, lo reconoce como poeta o hechicero, y metaf\u00f3ricamente representa la sensualidad que siente, que le hace sentir y que representa. Su discurso delata su pasi\u00f3n, describe su deseo, detalla la pasi\u00f3n que le inspira el deseo, no solamente el amor.&nbsp;<\/p>\n","protected":false},"excerpt":{"rendered":"<p>Elvira Hern\u00e1ndez Carballido SemM\u00e9xico, Pachuca, Hgo., 11 de diciembre, 2024.- Si tienen vacaciones, si desean regalar algo, pasar d\u00edas tranquilos en casa o trabajar mientras muchos m\u00e1s descansan, escuchar voces de mujeres que han destacado en el rcok nacional, har\u00e1n de diciembre ese mes lleno de magia porque creemos en ella y con estas compositoras, [&hellip;]<\/p>\n","protected":false},"author":3,"featured_media":70197,"comment_status":"open","ping_status":"open","sticky":false,"template":"","format":"standard","meta":{"_monsterinsights_skip_tracking":false,"footnotes":""},"categories":[201,202,35],"tags":[],"class_list":["post-90864","post","type-post","status-publish","format-standard","has-post-thumbnail","category-bellas-y-airosas","category-elvira-hernandez-carballido","category-opinion"],"_links":{"self":[{"href":"https:\/\/redsemlac.com\/semmexico\/wp-json\/wp\/v2\/posts\/90864","targetHints":{"allow":["GET"]}}],"collection":[{"href":"https:\/\/redsemlac.com\/semmexico\/wp-json\/wp\/v2\/posts"}],"about":[{"href":"https:\/\/redsemlac.com\/semmexico\/wp-json\/wp\/v2\/types\/post"}],"author":[{"embeddable":true,"href":"https:\/\/redsemlac.com\/semmexico\/wp-json\/wp\/v2\/users\/3"}],"replies":[{"embeddable":true,"href":"https:\/\/redsemlac.com\/semmexico\/wp-json\/wp\/v2\/comments?post=90864"}],"version-history":[{"count":0,"href":"https:\/\/redsemlac.com\/semmexico\/wp-json\/wp\/v2\/posts\/90864\/revisions"}],"wp:featuredmedia":[{"embeddable":true,"href":"https:\/\/redsemlac.com\/semmexico\/wp-json\/wp\/v2\/media\/70197"}],"wp:attachment":[{"href":"https:\/\/redsemlac.com\/semmexico\/wp-json\/wp\/v2\/media?parent=90864"}],"wp:term":[{"taxonomy":"category","embeddable":true,"href":"https:\/\/redsemlac.com\/semmexico\/wp-json\/wp\/v2\/categories?post=90864"},{"taxonomy":"post_tag","embeddable":true,"href":"https:\/\/redsemlac.com\/semmexico\/wp-json\/wp\/v2\/tags?post=90864"}],"curies":[{"name":"wp","href":"https:\/\/api.w.org\/{rel}","templated":true}]}}