{"id":90838,"date":"2024-12-09T19:14:10","date_gmt":"2024-12-10T01:14:10","guid":{"rendered":"https:\/\/redsemlac.com\/semmexico\/?p=90838"},"modified":"2024-12-09T19:14:35","modified_gmt":"2024-12-10T01:14:35","slug":"palabra-de-antigona-mujeres-sin-derechos-humanos","status":"publish","type":"post","link":"https:\/\/redsemlac.com\/semmexico\/palabra-de-antigona-mujeres-sin-derechos-humanos\/","title":{"rendered":"Palabra de Ant\u00edgona| Mujeres sin\u00a0derechos humanos"},"content":{"rendered":"\n<p class=\"wp-block-paragraph\">Sara Lovera<\/p>\n\n\n\n<p class=\"wp-block-paragraph\">SemM\u00e9xico, Cd. de M\u00e9xico, 9 de diciembre, 2024.- Incre\u00edble,&nbsp; tuvieron que pasar 45 a\u00f1os, tras la Declaraci\u00f3n Universal de los Derechos Humanos de 1948 para que se reconocieran los derechos humanos de las mujeres como parte de los&nbsp; derechos&nbsp; universales. Ocasi\u00f3n que reconoci\u00f3&nbsp; a la violencia contra las mujeres como una violaci\u00f3n&nbsp; a sus derechos humanos equiparable a la tortura y la esclavitud.<\/p>\n\n\n\n<p class=\"wp-block-paragraph\">La convicci\u00f3n de que somos humanas con derechos sucedi\u00f3 hace apenas 27 a\u00f1os, luego de miles de a\u00f1os desde que la humanidad apareci\u00f3&nbsp; en la tierra, milenios tras el establecimiento de las naciones, sus rep\u00fablicas y toda la base filos\u00f3fica y&nbsp; pol\u00edtica de la democracia. \u00bfCiencia ficci\u00f3n?<\/p>\n\n\n\n<p class=\"wp-block-paragraph\">Durante la Conferencia Mundial de Derechos Humanos de 1993, celebrada en Viena, Austria, tras&nbsp; un tribunal de hechos&nbsp; y denuncias, examen feminista,&nbsp; de lo que eran los cr\u00edmenes contra las mujeres,&nbsp; los gobiernos se hicieron cargo, pero no hicieron&nbsp; su tarea.<\/p>\n\n\n\n<p class=\"wp-block-paragraph\">En 1993 ya hab\u00edan pasado 22 a\u00f1os desde la creaci\u00f3n de El D\u00eda Internacional para la Eliminaci\u00f3n de la Violencia contra las Mujeres,&nbsp; y 12&nbsp; desde que se instrument\u00f3 la Campa\u00f1a <em>16 d\u00edas de Activismo contra la violencia de g\u00e9nero<\/em>, que se realiza entre el 25 de noviembre y el 10 de diciembre D\u00eda Internacional de los Derechos Humanos, esa carta universal para dar fin al Holocausto nazi, para nunca m\u00e1s repetirlo.<\/p>\n\n\n\n<p class=\"wp-block-paragraph\">Pero en 2024 enfrentamos el&nbsp; peligro de una guerra mundial nuclear, 80 a\u00f1os despu\u00e9s&nbsp; del exterminio nazi. Se hiela el alma porque en Ucrania&nbsp; miles de ni\u00f1os y ni\u00f1as han sido asesinadas,&nbsp; miles y miles de mujeres han sido&nbsp; ultrajadas y tienen&nbsp; hambre y miedo.<\/p>\n\n\n\n<p class=\"wp-block-paragraph\">Mientras&nbsp; la Comisi\u00f3n Econ\u00f3mica para Am\u00e9rica Latina y el Caribe declar\u00f3 hace unos d\u00edas,&nbsp; que al menos 3 mil 897 mujeres latinoamericanas y caribe\u00f1as fueron v\u00edctimas de femicidio en 27 pa\u00edses de la regi\u00f3n, al menos 11 muertes violentas de mujeres cada d\u00eda.<\/p>\n\n\n\n<p class=\"wp-block-paragraph\">Si los 16 d\u00edas buscan toma de conciencia,&nbsp; reflexi\u00f3n, y&nbsp; ocasi\u00f3n&nbsp; para rendir cuentas, en todo el mundo,&nbsp; que dir\u00e1 M\u00e9xico.<\/p>\n\n\n\n<p class=\"wp-block-paragraph\">Hace&nbsp; 5 d\u00edas publicamos que tras la&nbsp; ola de violencia iniciada el 9 de septiembre&nbsp;&nbsp; en Sinaloa, 22 mujeres fueron violentamente&nbsp; asesinadas, dato de&nbsp; la&nbsp; Secretaria&nbsp; de las Mujeres, Ana Francis Chiquete&nbsp; Elizalde.<\/p>\n\n\n\n<p class=\"wp-block-paragraph\">Amnist\u00eda Internacional document\u00f3 c\u00f3mo a las mujeres que protestan se les han&nbsp; violado sus derechos a lalibertad de expresi\u00f3n y a la reuni\u00f3n pac\u00edfica&nbsp;y hubo&nbsp; uso&nbsp; excesivo de la fuerza,&nbsp;&nbsp; detenciones arbitrarias e incluso violencia sexual. No hay justicia 4 a\u00f1os despu\u00e9s, en Guanajuato, Sinaloa, Quintana Roo,&nbsp; Estado de M\u00e9xico y&nbsp; Ciudad de M\u00e9xico.<\/p>\n\n\n\n<p class=\"wp-block-paragraph\">Encima&nbsp; hace una&nbsp; semana est\u00e1 en huelga el personal del Centro de Justicia para las Mujeres en Tlapa, Guerrero, porque su personal tiene&nbsp; 7 meses sin recibir salario, la pregunta es \u00bfsi no habr\u00e1 rectificaci\u00f3n en la propuesta de presupuesto? que recorta recursos para enfrentar la violencia feminicida.<\/p>\n\n\n\n<p class=\"wp-block-paragraph\">Apenas&nbsp; tres&nbsp; ejemplos del enorme&nbsp; reto para la administraci\u00f3n de Claudia Sheineaum Pardo.<\/p>\n\n\n\n<p class=\"wp-block-paragraph\">Las iniciativas&nbsp; por la promoci\u00f3n y la defensa&nbsp; los derechos humanos&nbsp; de las mujeres son insuficientes y&nbsp; aunque existan&nbsp; algunos&nbsp; avances notables para dar visibilidad a la violencia feminicida&nbsp; y la respuesta concomitante,&nbsp; nada parece suficiente.<\/p>\n\n\n\n<p class=\"wp-block-paragraph\">Estos hechos y los que no contamos son una conclusi\u00f3n lamentable este 10 de diciembre, en que concluye la campa\u00f1a y se cumple un aniversario m\u00e1s de la Carta Universal de los Derechos Humanos. Qu\u00e9 cuentas rendiremos&nbsp; en 2025 cuando&nbsp; se cumplen 30 a\u00f1os de la Declaraci\u00f3n y la Plataforma de Acci\u00f3n de Beijing que firm\u00f3 M\u00e9xico&nbsp; o en&nbsp; la pr\u00f3xima conferencia de CEPAL. Veremos<\/p>\n\n\n\n<p class=\"wp-block-paragraph\">*Periodista. Editora de G\u00e9nero de la OEM y directora del portal informativo <a href=\"http:\/\/www\/semmexico.mx\">http:\/\/www\/\/redsemlac.com\/semmexico<\/a><\/p>\n","protected":false},"excerpt":{"rendered":"<p>Sara Lovera SemM\u00e9xico, Cd. de M\u00e9xico, 9 de diciembre, 2024.- Incre\u00edble,&nbsp; tuvieron que pasar 45 a\u00f1os, tras la Declaraci\u00f3n Universal de los Derechos Humanos de 1948 para que se reconocieran los derechos humanos de las mujeres como parte de los&nbsp; derechos&nbsp; universales. Ocasi\u00f3n que reconoci\u00f3&nbsp; a la violencia contra las mujeres como una violaci\u00f3n&nbsp; a [&hellip;]<\/p>\n","protected":false},"author":3,"featured_media":70950,"comment_status":"open","ping_status":"open","sticky":false,"template":"","format":"standard","meta":{"_monsterinsights_skip_tracking":false,"footnotes":""},"categories":[35,95,69],"tags":[],"class_list":["post-90838","post","type-post","status-publish","format-standard","has-post-thumbnail","category-opinion","category-palabra-de-antigona","category-sara-lovera"],"_links":{"self":[{"href":"https:\/\/redsemlac.com\/semmexico\/wp-json\/wp\/v2\/posts\/90838","targetHints":{"allow":["GET"]}}],"collection":[{"href":"https:\/\/redsemlac.com\/semmexico\/wp-json\/wp\/v2\/posts"}],"about":[{"href":"https:\/\/redsemlac.com\/semmexico\/wp-json\/wp\/v2\/types\/post"}],"author":[{"embeddable":true,"href":"https:\/\/redsemlac.com\/semmexico\/wp-json\/wp\/v2\/users\/3"}],"replies":[{"embeddable":true,"href":"https:\/\/redsemlac.com\/semmexico\/wp-json\/wp\/v2\/comments?post=90838"}],"version-history":[{"count":0,"href":"https:\/\/redsemlac.com\/semmexico\/wp-json\/wp\/v2\/posts\/90838\/revisions"}],"wp:featuredmedia":[{"embeddable":true,"href":"https:\/\/redsemlac.com\/semmexico\/wp-json\/wp\/v2\/media\/70950"}],"wp:attachment":[{"href":"https:\/\/redsemlac.com\/semmexico\/wp-json\/wp\/v2\/media?parent=90838"}],"wp:term":[{"taxonomy":"category","embeddable":true,"href":"https:\/\/redsemlac.com\/semmexico\/wp-json\/wp\/v2\/categories?post=90838"},{"taxonomy":"post_tag","embeddable":true,"href":"https:\/\/redsemlac.com\/semmexico\/wp-json\/wp\/v2\/tags?post=90838"}],"curies":[{"name":"wp","href":"https:\/\/api.w.org\/{rel}","templated":true}]}}