{"id":90835,"date":"2024-12-09T19:11:23","date_gmt":"2024-12-10T01:11:23","guid":{"rendered":"https:\/\/redsemlac.com\/semmexico\/?p=90835"},"modified":"2024-12-09T19:11:24","modified_gmt":"2024-12-10T01:11:24","slug":"ley-silla-es-un-reconocimiento-a-la-dignidad-laboral","status":"publish","type":"post","link":"https:\/\/redsemlac.com\/semmexico\/ley-silla-es-un-reconocimiento-a-la-dignidad-laboral\/","title":{"rendered":"Ley silla es un reconocimiento a la dignidad laboral"},"content":{"rendered":"\n<ul class=\"wp-block-list\">\n<li>El senador del PAN, Juan Antonio Mart\u00edn del Campo Mart\u00edn del Campo destaca las bondades de la reforma<\/li>\n\n\n\n<li>Pa\u00edses de la regi\u00f3n tienen d\u00e9cadas de haber implementado esa ley<\/li>\n<\/ul>\n\n\n\n<p class=\"wp-block-paragraph\">Redacci\u00f3n<\/p>\n\n\n\n<p class=\"wp-block-paragraph\">SemM\u00e9xico, Cd. de M\u00e9xico, 9 de diciembre, 2024.- La aprobaci\u00f3n de la Ley Silla es un reconocimiento a la dignidad laboral y el bienestar humano, sostuvo el senador del PAN, Juan Antonio Mart\u00edn del Campo Mart\u00edn del Campo.<\/p>\n\n\n\n<p class=\"wp-block-paragraph\">Tras la aprobaci\u00f3n a la reforma a la Ley Federal del Trabajo, el panista asegur\u00f3 que estamos ante una oportunidad hist\u00f3rica, para dar un paso significativo en la protecci\u00f3n de la salud y de los derechos de los trabajadores de nuestro pa\u00eds\u201d.<\/p>\n\n\n\n<p class=\"wp-block-paragraph\">Miles de personas, agreg\u00f3, pasan largas horas de trabajo de pie, particularmente en sectores como comercio y servicios, lo cual tiene consecuencias muy graves en la salud, como dolor de espalda, v\u00e1rices, lesiones en las rodillas y hasta enfermedades cardiovasculares, como infartos y derrames cerebrales.<\/p>\n\n\n\n<p class=\"wp-block-paragraph\">\u201cImag\u00ednense el impacto de saber que la empresa para la cual trabajas no valora ni tu salud ni tu bienestar, esta falta de atenci\u00f3n es una falla en derechos humanos y tambi\u00e9n un problema econ\u00f3mico porque afecta la productividad y genera altos \u00edndices de ausentismo laboral\u201d, expuso.<\/p>\n\n\n\n<p class=\"wp-block-paragraph\">La \u201cLey silla\u201d busca cambiar esto, ya que con esta reforma \u201clos empleadores estar\u00e1n obligados a proporcionar un n\u00famero adecuado de sillas con respaldo, ubicadas en \u00e1reas espec\u00edficas de descanso; adem\u00e1s, no podr\u00e1n exigir que los trabajadores permanezcan tanto tiempo de pie en jornadas laborales muy largas\u201d.<\/p>\n\n\n\n<p class=\"wp-block-paragraph\">Mart\u00edn del Campo remarc\u00f3 que esas medidas, que ya se implementan desde hace algunas d\u00e9cadas en pa\u00edses como Argentina, Chile, Espa\u00f1a, resguardan la salud f\u00edsica y promueven la satisfacci\u00f3n laboral, as\u00ed como un ambiente de trabajo m\u00e1s humano y colaborativo.<\/p>\n\n\n\n<p class=\"wp-block-paragraph\">Esta ley, consider\u00f3, debe de ser tomada como una inversi\u00f3n por parte de los empleadores, cuando un trabajador tiene la oportunidad de descansar y alternar posturas durante el d\u00eda reduce significativamente su nivel de estr\u00e9s y tambi\u00e9n lo que es la ausencia, lo que mejora en su actitud y por supuesto lo que es su desempe\u00f1o.<\/p>\n\n\n\n<p class=\"wp-block-paragraph\">\u201cA quienes han se\u00f1alado posibles dificultades de implementaci\u00f3n, les digo que toda transformaci\u00f3n requiere esfuerzo, habr\u00e1 que trabajar en la adaptaci\u00f3n de espacios y la red de ecuaci\u00f3n de reglamentos internos de las empresas, pero debemos reconocer y tambi\u00e9n debemos de recordar que el bienestar de las personas trabajadoras no es negociable\u201d, acot\u00f3.<\/p>\n\n\n\n<p class=\"wp-block-paragraph\">&nbsp;SEM\/sj&nbsp;<\/p>\n","protected":false},"excerpt":{"rendered":"<p>Redacci\u00f3n SemM\u00e9xico, Cd. de M\u00e9xico, 9 de diciembre, 2024.- La aprobaci\u00f3n de la Ley Silla es un reconocimiento a la dignidad laboral y el bienestar humano, sostuvo el senador del PAN, Juan Antonio Mart\u00edn del Campo Mart\u00edn del Campo. Tras la aprobaci\u00f3n a la reforma a la Ley Federal del Trabajo, el panista asegur\u00f3 que [&hellip;]<\/p>\n","protected":false},"author":3,"featured_media":90836,"comment_status":"open","ping_status":"open","sticky":false,"template":"","format":"standard","meta":{"_monsterinsights_skip_tracking":false,"footnotes":""},"categories":[50],"tags":[],"class_list":["post-90835","post","type-post","status-publish","format-standard","has-post-thumbnail","category-congreso"],"_links":{"self":[{"href":"https:\/\/redsemlac.com\/semmexico\/wp-json\/wp\/v2\/posts\/90835","targetHints":{"allow":["GET"]}}],"collection":[{"href":"https:\/\/redsemlac.com\/semmexico\/wp-json\/wp\/v2\/posts"}],"about":[{"href":"https:\/\/redsemlac.com\/semmexico\/wp-json\/wp\/v2\/types\/post"}],"author":[{"embeddable":true,"href":"https:\/\/redsemlac.com\/semmexico\/wp-json\/wp\/v2\/users\/3"}],"replies":[{"embeddable":true,"href":"https:\/\/redsemlac.com\/semmexico\/wp-json\/wp\/v2\/comments?post=90835"}],"version-history":[{"count":0,"href":"https:\/\/redsemlac.com\/semmexico\/wp-json\/wp\/v2\/posts\/90835\/revisions"}],"wp:featuredmedia":[{"embeddable":true,"href":"https:\/\/redsemlac.com\/semmexico\/wp-json\/wp\/v2\/media\/90836"}],"wp:attachment":[{"href":"https:\/\/redsemlac.com\/semmexico\/wp-json\/wp\/v2\/media?parent=90835"}],"wp:term":[{"taxonomy":"category","embeddable":true,"href":"https:\/\/redsemlac.com\/semmexico\/wp-json\/wp\/v2\/categories?post=90835"},{"taxonomy":"post_tag","embeddable":true,"href":"https:\/\/redsemlac.com\/semmexico\/wp-json\/wp\/v2\/tags?post=90835"}],"curies":[{"name":"wp","href":"https:\/\/api.w.org\/{rel}","templated":true}]}}