{"id":90723,"date":"2024-12-06T16:53:39","date_gmt":"2024-12-06T22:53:39","guid":{"rendered":"https:\/\/redsemlac.com\/semmexico\/?p=90723"},"modified":"2024-12-06T17:06:53","modified_gmt":"2024-12-06T23:06:53","slug":"oaxaca-propondra-diputada-que-proxima-gubernatura-sea-por-cinco-anos","status":"publish","type":"post","link":"https:\/\/redsemlac.com\/semmexico\/oaxaca-propondra-diputada-que-proxima-gubernatura-sea-por-cinco-anos\/","title":{"rendered":"Oaxaca: Propondr\u00e1 diputada que pr\u00f3xima gubernatura sea por cinco a\u00f1os"},"content":{"rendered":"\n<ul class=\"wp-block-list\">\n<li>Cony Rueda busca enderezar la plana a la propuesta aprobada por la pasada legislatura y validada por la SCJN<\/li>\n<\/ul>\n\n\n\n<ul class=\"wp-block-list\">\n<li>Menos gastos por dos elecciones en poco tiempo y se salva la paridad<\/li>\n<\/ul>\n\n\n\n<p class=\"wp-block-paragraph\">Soledad Jarqu\u00edn Edgar<\/p>\n\n\n\n<p class=\"wp-block-paragraph\">SemM\u00e9xico, Oaxaca, 6 de diciembre, 2024.- A ra\u00edz de que la Suprema Corte de Justicia de la Naci\u00f3n validara el decreto n\u00famero 1624, con lo que da luz verde a la elecci\u00f3n del o la titular de la gubernatura en 2028, cuyo periodo gubernamental tendr\u00e1 una duraci\u00f3n de dos a\u00f1os, la diputada Cony Rueda G\u00f3mez se\u00f1al\u00f3 que la pr\u00f3xima semana podr\u00eda proponer que la elecci\u00f3n no por dos a\u00f1os sino por cinco.<\/p>\n\n\n\n<p class=\"wp-block-paragraph\">En entrevista explic\u00f3 que el objetivo de esta reducci\u00f3n del periodo gubernamental de seis a dos a\u00f1os es empatar la elecci\u00f3n gubernamental con la presidencial, para reducir gastos electorales, sin embargo, dijo que entonces Oaxaca tendr\u00eda dos elecciones consecutivas, una en 2028 y otra en 2030, entonces no habr\u00eda ninguna reducci\u00f3n.<\/p>\n\n\n\n<p class=\"wp-block-paragraph\">Adem\u00e1s, sostuvo que tambi\u00e9n se reducir\u00eda a solo dos a\u00f1os el pr\u00f3ximo periodo de gobierno, entre 2028-2030, lo que no dar\u00eda tiempo a ning\u00fan gobierno, sea encabezado por un hombre o una mujer para hacer alguna obra determinada, \u201ccuando estar\u00edan acabando sus dos a\u00f1os de gobierno, a quien le toque gobernar apenas ir\u00e1 avanzando en la curva de aprendizaje\u201d, dijo.<\/p>\n\n\n\n<p class=\"wp-block-paragraph\">Y en tercer lugar sostuvo que ser\u00eda lamentable que para cumplir con la paridad de g\u00e9nero se designara a una mujer, la primera gobernadora de Oaxaca, para gobernar solo por dos a\u00f1os.<\/p>\n\n\n\n<p class=\"wp-block-paragraph\">De ah\u00ed que, para desenredar el entuerto, la diputada morenista propondr\u00e1 en el congreso local que la pr\u00f3xima gubernatura no sea de dos a\u00f1os, como aprobaron las y los legisladores de mayor\u00eda morenista de la pasada 65 Legislatura local, sino por cinco a\u00f1os, lo que tendr\u00eda diversas ventajas, pues no ser\u00edan dos sino una sola la elecci\u00f3n lo que implicar\u00eda menos gastos y segundo quien gobierne Oaxaca en el pr\u00f3ximo periodo, lo har\u00eda por cinco a\u00f1os.<\/p>\n\n\n\n<p class=\"wp-block-paragraph\">Por otra parte, la organizaci\u00f3n no gubernamental Consorcio Oaxaca rechaz\u00f3 la decisi\u00f3n de la Suprema Corte de Justicia de la Naci\u00f3n, quien el pasado lunes valid\u00f3 el Decreto n\u00famero 1624, por el que se reform\u00f3 el art\u00edculo 25 de la Constituci\u00f3n Pol\u00edtica del Estado de Oaxaca, que establece que las tres elecciones locales se celebrar\u00e1n a la par de los comicios federales, por lo que quien gan\u00e9 la gubernatura estar\u00e1 en el cargo por dos a\u00f1os.<\/p>\n\n\n\n<p class=\"wp-block-paragraph\">\u201cEsta decisi\u00f3n toma relevancia toda vez que coincide con que, por alternancia de g\u00e9nero, en el a\u00f1o 2028 debe haber una mujer como titular del Poder Ejecutivo Estatal.<\/p>\n\n\n\n<p class=\"wp-block-paragraph\">\u201cConsideramos que atenta de manera vil y mis\u00f3gina contra los derechos pol\u00edticos de las mujeres y constituye violencia pol\u00edtica en raz\u00f3n de g\u00e9nero porque busca bloquear y limitar nuestra participaci\u00f3n en uno de los poderes p\u00fablicos m\u00e1s importantes, como lo es la gubernatura, al reducir a la tercera parte el tiempo de administraci\u00f3n que le corresponder\u00eda, en contraste con los seis a\u00f1os que hist\u00f3ricamente lo han hecho los candidatos hombres\u201d.<\/p>\n\n\n\n<p class=\"wp-block-paragraph\">Tambi\u00e9n recuerdan que esta modificaci\u00f3n fue una iniciativa del gobernador Salom\u00f3n Jara Cruz, aprobada por la LXV Legislatura en diciembre del a\u00f1o pasado.<\/p>\n\n\n\n<p class=\"wp-block-paragraph\">SEM\/sj<\/p>\n\n\n\n<figure class=\"wp-block-image size-full\"><a href=\"https:\/\/redsemlac.com\/semmexico\/wp-content\/uploads\/2024\/12\/WhatsApp-Image-2024-12-05-at-12.42.02-PM.jpeg\"><img loading=\"lazy\" decoding=\"async\" width=\"720\" height=\"720\" src=\"https:\/\/redsemlac.com\/semmexico\/wp-content\/uploads\/2024\/12\/WhatsApp-Image-2024-12-05-at-12.42.02-PM.jpeg\" alt=\"\" class=\"wp-image-90725\" srcset=\"https:\/\/redsemlac.com\/semmexico\/wp-content\/uploads\/2024\/12\/WhatsApp-Image-2024-12-05-at-12.42.02-PM.jpeg 720w, https:\/\/redsemlac.com\/semmexico\/wp-content\/uploads\/2024\/12\/WhatsApp-Image-2024-12-05-at-12.42.02-PM-300x300.jpeg 300w, https:\/\/redsemlac.com\/semmexico\/wp-content\/uploads\/2024\/12\/WhatsApp-Image-2024-12-05-at-12.42.02-PM-150x150.jpeg 150w, https:\/\/redsemlac.com\/semmexico\/wp-content\/uploads\/2024\/12\/WhatsApp-Image-2024-12-05-at-12.42.02-PM-696x696.jpeg 696w\" sizes=\"auto, (max-width: 720px) 100vw, 720px\" \/><\/a><\/figure>\n","protected":false},"excerpt":{"rendered":"<p>Soledad Jarqu\u00edn Edgar SemM\u00e9xico, Oaxaca, 6 de diciembre, 2024.- A ra\u00edz de que la Suprema Corte de Justicia de la Naci\u00f3n validara el decreto n\u00famero 1624, con lo que da luz verde a la elecci\u00f3n del o la titular de la gubernatura en 2028, cuyo periodo gubernamental tendr\u00e1 una duraci\u00f3n de dos a\u00f1os, la diputada [&hellip;]<\/p>\n","protected":false},"author":3,"featured_media":90724,"comment_status":"open","ping_status":"open","sticky":false,"template":"","format":"standard","meta":{"_monsterinsights_skip_tracking":false,"footnotes":""},"categories":[700],"tags":[],"class_list":["post-90723","post","type-post","status-publish","format-standard","has-post-thumbnail","category-estados"],"_links":{"self":[{"href":"https:\/\/redsemlac.com\/semmexico\/wp-json\/wp\/v2\/posts\/90723","targetHints":{"allow":["GET"]}}],"collection":[{"href":"https:\/\/redsemlac.com\/semmexico\/wp-json\/wp\/v2\/posts"}],"about":[{"href":"https:\/\/redsemlac.com\/semmexico\/wp-json\/wp\/v2\/types\/post"}],"author":[{"embeddable":true,"href":"https:\/\/redsemlac.com\/semmexico\/wp-json\/wp\/v2\/users\/3"}],"replies":[{"embeddable":true,"href":"https:\/\/redsemlac.com\/semmexico\/wp-json\/wp\/v2\/comments?post=90723"}],"version-history":[{"count":0,"href":"https:\/\/redsemlac.com\/semmexico\/wp-json\/wp\/v2\/posts\/90723\/revisions"}],"wp:featuredmedia":[{"embeddable":true,"href":"https:\/\/redsemlac.com\/semmexico\/wp-json\/wp\/v2\/media\/90724"}],"wp:attachment":[{"href":"https:\/\/redsemlac.com\/semmexico\/wp-json\/wp\/v2\/media?parent=90723"}],"wp:term":[{"taxonomy":"category","embeddable":true,"href":"https:\/\/redsemlac.com\/semmexico\/wp-json\/wp\/v2\/categories?post=90723"},{"taxonomy":"post_tag","embeddable":true,"href":"https:\/\/redsemlac.com\/semmexico\/wp-json\/wp\/v2\/tags?post=90723"}],"curies":[{"name":"wp","href":"https:\/\/api.w.org\/{rel}","templated":true}]}}