{"id":90707,"date":"2024-12-06T14:42:22","date_gmt":"2024-12-06T20:42:22","guid":{"rendered":"https:\/\/redsemlac.com\/semmexico\/?p=90707"},"modified":"2024-12-06T14:42:37","modified_gmt":"2024-12-06T20:42:37","slug":"opinion-reencuentros-muxed-cronica-de-la-reunion-de-septiembre","status":"publish","type":"post","link":"https:\/\/redsemlac.com\/semmexico\/opinion-reencuentros-muxed-cronica-de-la-reunion-de-septiembre\/","title":{"rendered":"Opini\u00f3n| Reencuentros MUxED: cr\u00f3nica de la reuni\u00f3n de septiembre"},"content":{"rendered":"\n<ul class=\"wp-block-list\">\n<li>A finales de 2019, un grupo de 20 colegas comenz\u00f3 a dar forma a un espacio dedicado a la reflexi\u00f3n y al trabajo en la intersecci\u00f3n de g\u00e9nero y educaci\u00f3n.<\/li>\n\n\n\n<li>Desde entonces, esta Red de Mujeres Unidas por la Educaci\u00f3n (MUxED) ha crecido exponencialmente, reuniendo a 211 mujeres especialistas provenientes de diversos \u00e1mbitos de la educaci\u00f3n<\/li>\n<\/ul>\n\n\n\n<p class=\"wp-block-paragraph\">Anaid Reyes*<\/p>\n\n\n\n<p class=\"wp-block-paragraph\">SemM\u00e9xico, Cd. de M\u00e9xico, 6 de diciembre, 2024.- El a\u00f1o pasado tuvimos un encuentro presencial de las integrantes de la Red y este a\u00f1o, el pasado septiembre, celebramos un nuevo encuentro virtual dividido en dos sesiones, dise\u00f1ado para evaluar los logros alcanzados, reafirmar nuestras prioridades y compartir opiniones sobre los pasos hacia el futuro. En esta breve cr\u00f3nica intentar\u00e9 transmitir al menos un poco de la pasi\u00f3n, compromiso y esp\u00edritu colaborativo que he encontrado en MUxED; del tesoro que es el <em>expertise<\/em> y sororidad que se re\u00fane en ella; y de la camarader\u00eda que hemos procurado a lo largo de estos a\u00f1os para seguir tejiendo con nuestra diversidad de formaciones, ocupaciones, opiniones, geograf\u00edas y enfoques, una red de mujeres especialistas en educaci\u00f3n, unida por esta vocaci\u00f3n en com\u00fan.<\/p>\n\n\n\n<p class=\"wp-block-paragraph\"><strong>Diversidad en acci\u00f3n<\/strong><\/p>\n\n\n\n<p class=\"wp-block-paragraph\">El eje principal de las sesiones convocadas por el Comit\u00e9 organizador fue la actualizaci\u00f3n y reconexi\u00f3n entre las integrantes. En peque\u00f1os grupos, compartimos nuestro estado actual, las motivaciones que nos mantienen activas en la Red y los proyectos en los que hemos participado. Este ejercicio, fue especialmente valioso para fortalecer v\u00ednculos y conocer nuevas perspectivas.<\/p>\n\n\n\n<p class=\"wp-block-paragraph\">La revisi\u00f3n de nuestras principales actividades y logros permiti\u00f3 visibilizar el alcance de la Red en poco m\u00e1s de cuatro a\u00f1os. Entre estos, destacan proyectos como \u00abEl Morral\u00bb, y su sitio web a\u00fan disponible, que se conform\u00f3 como una caja de herramientas clave para docentes y familias durante la pandemia; Data g\u00e9nero; \u00abLa Centena<strong>\u00ab<\/strong>, que resalta el papel de las mujeres en los 100 a\u00f1os de historia de la SEP; y el proceso editorial de <strong>\u00ab<\/strong>Las Forjadoras<strong>\u00ab<\/strong>, un libro que recoge las trayectorias de mujeres que han desempe\u00f1ado roles fundamentales en la pol\u00edtica educativa de M\u00e9xico.<\/p>\n\n\n\n<p class=\"wp-block-paragraph\">Estos proyectos reflejan no s\u00f3lo nuestra capacidad organizativa, sino tambi\u00e9n la resonancia concreta de iniciativas clave. A trav\u00e9s del blog semanal\u00bbPluma P\u00farpura\u00bb y el \u201cBolet\u00edn P\u00farpura\u00bb, de emisi\u00f3n quincenal, hemos logrado conectar con alrededor de 80,000 personas de manera org\u00e1nica, visibilizando temas relevantes de la agenda educativa local, nacional y global.<\/p>\n\n\n\n<p class=\"wp-block-paragraph\"><strong>Reflexi\u00f3n colectiva: nuestras prioridades<\/strong><\/p>\n\n\n\n<p class=\"wp-block-paragraph\">En un sondeo reciente entre las integrantes se identificaron tanto nuestras fortalezas como \u00e1reas de oportunidad. Los resultados muestran que la Red es vista por sus integrantes como un espacio de colaboraci\u00f3n, sororidad y aprendizaje continuo. Sin embargo, tambi\u00e9n se destac\u00f3 la importancia de fortalecer la coordinaci\u00f3n interna y optimizar los mecanismos de comunicaci\u00f3n.<\/p>\n\n\n\n<p class=\"wp-block-paragraph\">Durante las sesiones, se enfatiz\u00f3 el inter\u00e9s en consolidar las actividades de mentor\u00eda, una herramienta valiosa para empoderarnos en nuestro desarrollo profesional y personal y de la cual, particularmente, me siento muy agradecida. Asimismo, se plante\u00f3 la necesidad de reforzar el desarrollo de capacidades en materia de perspectiva de g\u00e9nero, estableci\u00e9ndose como un principio gu\u00eda para todas nuestras acciones.<\/p>\n\n\n\n<p class=\"wp-block-paragraph\">Un tema recurrente fue la inquietud por incursionar en nuevos proyectos, al tiempo que se hizo la invitaci\u00f3n para activar grupos de trabajos como los de: comunicaci\u00f3n, inteligencia artificial, presupuesto educativo, ense\u00f1anza de las matem\u00e1ticas, entre otros, ampliando los liderazgos, el di\u00e1logo, la divulgaci\u00f3n de ideas, y la incidencia de la Red en los diferentes \u00e1mbitos del sector.<\/p>\n\n\n\n<p class=\"wp-block-paragraph\"><strong>Los siguientes pasos: el Congreso MUxED 2025<\/strong><\/p>\n\n\n\n<p class=\"wp-block-paragraph\">Entre las actividades m\u00e1s notables que se expusieron para el pr\u00f3ximo a\u00f1o destaca la organizaci\u00f3n del Congreso de MUxED, previsto para 2025 en la ciudad de Quer\u00e9taro. Este evento ser\u00e1 no solo una oportunidad para el reencuentro presencial, sino tambi\u00e9n una plataforma de exposici\u00f3n de ideas, an\u00e1lisis, debate y construcci\u00f3n colectiva. La invitaci\u00f3n al pleno a sumarse a los equipos de trabajo relacionados con el congreso refleja el compromiso de la Red con la participaci\u00f3n de todas sus integrantes.<\/p>\n\n\n\n<p class=\"wp-block-paragraph\">Adem\u00e1s, subrayamos la relevancia de continuar impulsando proyectos como la sistematizaci\u00f3n de buenas pr\u00e1cticas docentes, que este ciclo celebrar\u00e1 su 5a edici\u00f3n, y la inclusi\u00f3n de m\u00e1s mujeres en espacios de reconocimiento p\u00fablico, como el pasillo de las y los maestros de la SEP.<\/p>\n\n\n\n<p class=\"wp-block-paragraph\"><strong>La Red como un espacio transformador y de transformaci\u00f3n<\/strong><\/p>\n\n\n\n<p class=\"wp-block-paragraph\">Desde mi perspectiva como integrante de la Red, estoy muy orgullosa de que sigamos buscando formas de coincidir y colaborar aun cuando la din\u00e1mica post pandemia volc\u00f3 a la mayor\u00eda al trabajo presencial de tiempo completo. Por ello, estos encuentros virtuales son tan relevantes, pues es a trav\u00e9s del compartir de ideas y sentires que se reafirma nuestra intenci\u00f3n y potencial de sinergia y&nbsp; b\u00fasqueda de incidencia.<\/p>\n\n\n\n<p class=\"wp-block-paragraph\">En sus aportaciones las colegas destacaron el compromiso por acompa\u00f1ar nuevos liderazgos internos y fortalecer los lazos entre nosotras. Tambi\u00e9n fue inspirador escuchar el llamado a reconocer los proyectos que han surgido de la vinculaci\u00f3n profesional, respondiendo con ello tanto a nuestra necesidad de nuevas l\u00edneas de exploraci\u00f3n, como a las actuales del sector educativo desde sus diferentes aristas, por ejemplo los concretados en materia de alfabetizaci\u00f3n inicial, sistematizaci\u00f3n de acciones educativas y expansi\u00f3n de la educaci\u00f3n socioemocional.<\/p>\n\n\n\n<figure class=\"wp-block-image size-large\"><a href=\"https:\/\/redsemlac.com\/semmexico\/wp-content\/uploads\/2024\/12\/03122024-BlogMUxED-Reencuentro.jpeg\"><img loading=\"lazy\" decoding=\"async\" width=\"1024\" height=\"569\" src=\"https:\/\/redsemlac.com\/semmexico\/wp-content\/uploads\/2024\/12\/03122024-BlogMUxED-Reencuentro-1024x569.jpeg\" alt=\"\" class=\"wp-image-90708\" srcset=\"https:\/\/redsemlac.com\/semmexico\/wp-content\/uploads\/2024\/12\/03122024-BlogMUxED-Reencuentro-1024x569.jpeg 1024w, https:\/\/redsemlac.com\/semmexico\/wp-content\/uploads\/2024\/12\/03122024-BlogMUxED-Reencuentro-300x167.jpeg 300w, https:\/\/redsemlac.com\/semmexico\/wp-content\/uploads\/2024\/12\/03122024-BlogMUxED-Reencuentro-768x427.jpeg 768w, https:\/\/redsemlac.com\/semmexico\/wp-content\/uploads\/2024\/12\/03122024-BlogMUxED-Reencuentro-150x83.jpeg 150w, https:\/\/redsemlac.com\/semmexico\/wp-content\/uploads\/2024\/12\/03122024-BlogMUxED-Reencuentro-696x387.jpeg 696w, https:\/\/redsemlac.com\/semmexico\/wp-content\/uploads\/2024\/12\/03122024-BlogMUxED-Reencuentro.jpeg 1036w\" sizes=\"auto, (max-width: 1024px) 100vw, 1024px\" \/><\/a><\/figure>\n\n\n\n<p class=\"wp-block-paragraph\"><strong>Cr\u00e9dito:<\/strong> Mentimeter<\/p>\n\n\n\n<p class=\"wp-block-paragraph\">Ojal\u00e1 a las nuevas integrantes y a quienes buscamos seguir conectando, las reuniones nos hayan permitido recordar c\u00f3mo nuestras distintas trayectorias y \u00e1mbitos de acci\u00f3n enriquecen el trabajo colectivo. Es a trav\u00e9s de nuestro propio aprendizaje, intercambio de experiencias y conocimientos, que logramos tejer ideas e impulsar propuestas transformadoras para profundizar y ampliar la necesaria mirada sobre las ni\u00f1as, las j\u00f3venes y las mujeres, sus oportunidades, trayectorias y experiencias educativas.<\/p>\n\n\n\n<p class=\"wp-block-paragraph\">La diversidad de la Red no solo ampl\u00eda su alcance, sino que tambi\u00e9n garantiza que nuestras iniciativas reflejan un entendimiento profundo de las m\u00faltiples realidades que afectan la educaci\u00f3n y a las mujeres en particular. En un contexto en el que los desaf\u00edos educativos son cada vez m\u00e1s complejos, la colaboraci\u00f3n entre docentes, investigadoras, gestoras, emprendedoras, servidoras p\u00fablicas y especialistas en pol\u00edticas educativas es esencial para generar cambios positivos, incluyentes, equitativos y duraderos.<\/p>\n\n\n\n<p class=\"wp-block-paragraph\"><a href=\"https:\/\/www.muxed.mx\/blog\/reencuentros-muxed\">https:\/\/www.muxed.mx\/blog\/reencuentros-muxed<\/a><\/p>\n\n\n\n<p class=\"wp-block-paragraph\"><strong>\u2026\u2026\u2026\u2026\u2026\u2026\u2026\u2026.<\/strong><\/p>\n\n\n\n<p class=\"wp-block-paragraph\"><strong>Anaid Reyes* <\/strong>Integrante de MUxED. Polit\u00f3loga e internacionalista por el CIDE, con m\u00e1s de 14 a\u00f1os de experiencia en el sector educativo. A trav\u00e9s de su pr\u00e1ctica se ha especializado en el an\u00e1lisis, dise\u00f1o, implementaci\u00f3n de pol\u00edticas educativas con un enfoque de equidad. Fue coordinadora de an\u00e1lisis de proyectos y programas prioritarios de la SEP, consultora para la UNESCO- M\u00e9xico, y actualmente su enfoque est\u00e1 en las pol\u00edticas de desarrollo de habilidades y futuro del trabajo desde la SHCP.&nbsp;<\/p>\n\n\n\n<p class=\"wp-block-paragraph\"><a href=\"mailto:anaid.reyesh@gmail.com\">anaid.reyesh@gmail.com<\/a>&nbsp;<\/p>\n\n\n\n<p class=\"wp-block-paragraph\"><strong>X<\/strong>:<a href=\"https:\/\/twitter.com\/anaidescribe\"> <\/a><a href=\"https:\/\/twitter.com\/anaidescribe\">@anaidescribe<\/a><\/p>\n\n\n\n<p class=\"wp-block-paragraph\"><strong>Palabras clave<\/strong><\/p>\n\n\n\n<p class=\"wp-block-paragraph\">#MUxED #PlumaPurpura #Reuni\u00f3nMUxED #logros alcanzados&nbsp;#pasos hacia el futuro<\/p>\n","protected":false},"excerpt":{"rendered":"<p>Anaid Reyes* SemM\u00e9xico, Cd. de M\u00e9xico, 6 de diciembre, 2024.- El a\u00f1o pasado tuvimos un encuentro presencial de las integrantes de la Red y este a\u00f1o, el pasado septiembre, celebramos un nuevo encuentro virtual dividido en dos sesiones, dise\u00f1ado para evaluar los logros alcanzados, reafirmar nuestras prioridades y compartir opiniones sobre los pasos hacia el [&hellip;]<\/p>\n","protected":false},"author":3,"featured_media":90709,"comment_status":"open","ping_status":"open","sticky":false,"template":"","format":"standard","meta":{"_monsterinsights_skip_tracking":false,"footnotes":""},"categories":[82,110,35],"tags":[],"class_list":["post-90707","post","type-post","status-publish","format-standard","has-post-thumbnail","category-la-opinion","category-la-opinion-columnas","category-opinion"],"_links":{"self":[{"href":"https:\/\/redsemlac.com\/semmexico\/wp-json\/wp\/v2\/posts\/90707","targetHints":{"allow":["GET"]}}],"collection":[{"href":"https:\/\/redsemlac.com\/semmexico\/wp-json\/wp\/v2\/posts"}],"about":[{"href":"https:\/\/redsemlac.com\/semmexico\/wp-json\/wp\/v2\/types\/post"}],"author":[{"embeddable":true,"href":"https:\/\/redsemlac.com\/semmexico\/wp-json\/wp\/v2\/users\/3"}],"replies":[{"embeddable":true,"href":"https:\/\/redsemlac.com\/semmexico\/wp-json\/wp\/v2\/comments?post=90707"}],"version-history":[{"count":0,"href":"https:\/\/redsemlac.com\/semmexico\/wp-json\/wp\/v2\/posts\/90707\/revisions"}],"wp:featuredmedia":[{"embeddable":true,"href":"https:\/\/redsemlac.com\/semmexico\/wp-json\/wp\/v2\/media\/90709"}],"wp:attachment":[{"href":"https:\/\/redsemlac.com\/semmexico\/wp-json\/wp\/v2\/media?parent=90707"}],"wp:term":[{"taxonomy":"category","embeddable":true,"href":"https:\/\/redsemlac.com\/semmexico\/wp-json\/wp\/v2\/categories?post=90707"},{"taxonomy":"post_tag","embeddable":true,"href":"https:\/\/redsemlac.com\/semmexico\/wp-json\/wp\/v2\/tags?post=90707"}],"curies":[{"name":"wp","href":"https:\/\/api.w.org\/{rel}","templated":true}]}}