{"id":90699,"date":"2024-12-06T13:42:07","date_gmt":"2024-12-06T19:42:07","guid":{"rendered":"https:\/\/redsemlac.com\/semmexico\/?p=90699"},"modified":"2024-12-06T13:42:25","modified_gmt":"2024-12-06T19:42:25","slug":"entresemana-y-las-dio-el-senador-yunes","status":"publish","type":"post","link":"https:\/\/redsemlac.com\/semmexico\/entresemana-y-las-dio-el-senador-yunes\/","title":{"rendered":"Entresemana| \u00bfY las dio el senador Yunes?"},"content":{"rendered":"\n<p class=\"wp-block-paragraph\">\u201cB\u00e9same, b\u00e9same mucho\/ que tengo miedo perderte\/ perderte despu\u00e9s\u2026\u201d<\/p>\n\n\n\n<p class=\"wp-block-paragraph\">Consuelito Vel\u00e1zquez<\/p>\n\n\n\n<p class=\"wp-block-paragraph\">Mois\u00e9s S\u00e1nchez Lim\u00f3n<\/p>\n\n\n\n<p class=\"wp-block-paragraph\">SemM\u00e9xico, Cd. de M\u00e9xico, 6 de diciembre, 2024.- Eso de&nbsp;<em>darlas<\/em>&nbsp;o no, es un asunto de sem\u00e1ntica popular, \u00bfa poco no? Pero\u2026<\/p>\n\n\n\n<p class=\"wp-block-paragraph\">M\u00e1xima reiterada en la praxis pol\u00edtica: entre legisladores podr\u00e1n hacerse pedazos, pero nunca se har\u00e1n da\u00f1o\u2026<\/p>\n\n\n\n<p class=\"wp-block-paragraph\">Y s\u00ed.<\/p>\n\n\n\n<p class=\"wp-block-paragraph\">Una escena es en las sesiones de la C\u00e1mara de Diputados y del Senado de la Rep\u00fablica, entre esca\u00f1os y curules, desde la tribuna y en pasillos.<\/p>\n\n\n\n<p class=\"wp-block-paragraph\">Otra es la que ocurre al t\u00e9rmino de las sesiones, cuando la calentura de la votaci\u00f3n llev\u00f3 a extremos f\u00edsicos y verbales, sobre todo verbales, que lindan entre la mentada de madre y hasta el reto a los madrazos.<\/p>\n\n\n\n<p class=\"wp-block-paragraph\">Se abrazan; palmadas en la espalda, sonrisas y no pasa nada. Pero, pero\u2026<\/p>\n\n\n\n<p class=\"wp-block-paragraph\">\u201c\u00a1Hey, hey, hey, ah\u00ed! \u00a1Hey, senadores, senadores!\u201d, exclam\u00f3 el intelectual y presidente de la Mesa Directiva del Senado, Gerardo Fern\u00e1ndez Noro\u00f1a, ayer en vano intento de calmar los \u00e1nimos. Lo ignoraron y de plano declar\u00f3 un receso, cuando los \u00e1nimos se encendieron entre senadores del PAN y de Morena, con asistencia pacifista del honesto chiapaneco Manolo Velasco.<\/p>\n\n\n\n<p class=\"wp-block-paragraph\">\u201cAqu\u00ed o donde quieras\u2026\u201d, ret\u00f3 al senador panista Mario V\u00e1zquez Robles el pulcro dem\u00f3crata Ad\u00e1n Augusto L\u00f3pez Hern\u00e1ndez \u2013\u201cmi hermano\u201d, lo llam\u00f3 en su momento Su Alteza Seren\u00edsima&#8211; pastor del reba\u00f1o sagrado y sobrerrepresentado de Morena en el Senado.<\/p>\n\n\n\n<p class=\"wp-block-paragraph\">No, no es nuevo ni asombra la forma en que se maltratan senadores y senadoras, diputados y diputadas federales. Usted lo sabe: es parte del folclor pol\u00edtico. No es, por supuesto, asunto privativo de M\u00e9xico.<\/p>\n\n\n\n<p class=\"wp-block-paragraph\">S\u00ed, aqu\u00ed como en cualquier parte del mundo los pol\u00edticos de todo nivel suelen agarrarse incluso a madrazos en el recinto de pleno. \u00bfDuelen las mentadas de madre en cualquier idioma? Mire usted.<\/p>\n\n\n\n<p class=\"wp-block-paragraph\">Todo comenz\u00f3 ayer cuando el senador panista Mario V\u00e1zquez Robles dijo desde la tribuna que, a diferencia de Javier Corral \u2013quien igualmente estuvo a punto de darse una madriza con el ling\u00fcista Gerardo Fern\u00e1ndez Noro\u00f1a&#8211; Morena hab\u00eda cooptado y amenazado al senador Miguel \u00c1ngel Yunes M\u00e1rquez para que \u201clas diera\u201d a cambio de que le retiraran \u00f3rdenes de aprehensi\u00f3n.<\/p>\n\n\n\n<p class=\"wp-block-paragraph\">\u201cResulta de un cinismo inconcebible que digan que el senador Yunes, es un ejemplo de suma generosa a la causa de ustedes cuando todo mundo sabe perfectamente que le han eliminado las \u00f3rdenes de aprehensi\u00f3n que ten\u00eda previamente a que&nbsp;<strong>ustedes lo cooptaran y lo amenazaran y \u00e9l concediera y cediera \u00a1y las dio!\u201d,<\/strong>&nbsp;acus\u00f3 el chihuahuense V\u00e1zquez Robles.<\/p>\n\n\n\n<p class=\"wp-block-paragraph\">Y que se le van encima Ad\u00e1n Augusto L\u00f3pez Hern\u00e1ndez y Miguel \u00c1ngel Yunes M\u00e1rquez quien lo amenaz\u00f3:&nbsp;\u201cte voy a romper tu madre, aqu\u00ed o all\u00e1 afuera\u201d.<\/p>\n\n\n\n<p class=\"wp-block-paragraph\">Y que interviene Enrique Vargas del Villar, vicecoordinador de los senadores panistas. Yunes, como buen ling\u00fcista, en pulcro castellano le espet\u00f3: \u201c\u00a1t\u00fa no te metas, hijo de la chingada\u201d.<\/p>\n\n\n\n<p class=\"wp-block-paragraph\">En esas andaban cuando el ex panista Luis Fernando Salazar, ejemplo de convicciones que hoy es senador de Morena, agarr\u00f3 del pescuezo a Enrique Vargas, quien pudo haber imitado la queja de Derbez: \u201c\u00a1mihorc\u00f3!, \u00a1mihorc\u00f3!\u201d, pero el atildado Manolo Velasco, coordinador de los senadores del Verde, jal\u00f3 el brazo de Luis Fer.<\/p>\n\n\n\n<p class=\"wp-block-paragraph\">Enrique Vargas confirmar\u00eda que el muchach\u00f3n Yunes M\u00e1rquez amenaz\u00f3 de muerte a Mario V\u00e1zquez y lo ret\u00f3 a salir del sal\u00f3n de sesiones para agarrarse a madrazos. Imag\u00ednese la escena.<\/p>\n\n\n\n<p class=\"wp-block-paragraph\">Bueno, bueno, bueno.<\/p>\n\n\n\n<p class=\"wp-block-paragraph\">\u201cLes afect\u00f3 sus castos o\u00eddo &#8211;dijo V\u00e1zquez Robles en entrevista&#8211; y amenazaron con madrearme, \u00e9se fue el t\u00e9rmino: madrearme. Voy a poner una denuncia, tengo el apoyo de mi grupo parlamentario y voy a hacer responsable tanto a Yunes como a Ad\u00e1n Augusto L\u00f3pez de lo que me pase a m\u00ed o a mi familia\u201d.<\/p>\n\n\n\n<p class=\"wp-block-paragraph\">Antes, cuando las aguas volv\u00edan a su cauce, desde su esca\u00f1o, el senador chihuahuense advirti\u00f3:<\/p>\n\n\n\n<p class=\"wp-block-paragraph\">\u201cY no nos van a amedrentar, as\u00ed agredan, as\u00ed amenacen como lo han hecho hasta de muerte, a quien sea de nosotros, insisto, se\u00f1or presidente aqu\u00ed ha habido amenazas, hay grabaciones de ello, testimonios de ello, amenazas contra mi persona\u201d.<\/p>\n\n\n\n<p class=\"wp-block-paragraph\">Por supuesto, los patriotas Yunes y L\u00f3pez respondieron. \u00a1Faltaba m\u00e1s!<\/p>\n\n\n\n<p class=\"wp-block-paragraph\">\u201cQue el que me falte al respeto, senador o no senador, aqu\u00ed o afuera tendr\u00e1 una respuesta. Yo tom\u00e9 una decisi\u00f3n de apoyar a la presidenta Claudia Sheinbaum, apoyar a M\u00e9xico y nadie me puede criticar por ello. No me voy a dejar\u201d, ret\u00f3 el valiente y nacionalista Yunes M\u00e1rquez.<\/p>\n\n\n\n<p class=\"wp-block-paragraph\">En su turno, desde su esca\u00f1o Ad\u00e1n Augusto respondi\u00f3:<\/p>\n\n\n\n<p class=\"wp-block-paragraph\">\u201cDesde luego que hay una diferencia con el se\u00f1or senador y aqu\u00ed, afuera o donde \u00e9l quiera nosotros estamos dispuestos, al menos yo a sosten\u00e9rselo en su cara y desde ahora le digo: yo renuncio a cualquier fuero, que el se\u00f1or vaya y que me denuncie y que me diga nada m\u00e1s a d\u00f3nde tengo que presentarme.<\/p>\n\n\n\n<p class=\"wp-block-paragraph\">\u201cPor sostener mi palabra yo no voy a doblar y no le tengo miedo a nada\u201d, refut\u00f3 Ad\u00e1n, envalentonado con la mano izquierda oculta en la bolsa derecha del pantal\u00f3n.<\/p>\n\n\n\n<p class=\"wp-block-paragraph\">\u00a1Rec\u00e1spita, C\u00e1nelo!<\/p>\n\n\n\n<p class=\"wp-block-paragraph\">Pero el cierre es de pel\u00edcula.<\/p>\n\n\n\n<p class=\"wp-block-paragraph\">S\u00ed, j\u00f3venes y j\u00f3venas, por la noche, mediante comunicado Gerardo Fern\u00e1ndez Noro\u00f1a se sum\u00f3 al pleito y junto con Ad\u00e1n Augusto L\u00f3pez Hern\u00e1ndez, los coordinadores parlamentarios del PVEM, Manuel Velasco Coello, y del PT, Alberto Anaya Guti\u00e9rrez, se solidarizaron con Miguel \u00c1ngel Yunes M\u00e1rquez y el senador titular Miguel \u00c1ngel Yunes Linares.<\/p>\n\n\n\n<p class=\"wp-block-paragraph\">Demandaron investigar agresiones en contra de Yunes M\u00e1rquez. Y hasta \u201creprobaron con firmeza las agresiones sufridas en su contra y de su familia en un restaurante\u201d.<\/p>\n\n\n\n<p class=\"wp-block-paragraph\">\u00a1Caray!, piden \u201ca las autoridades correspondientes y a la Fiscal\u00eda General de la Rep\u00fablica dar seguimiento puntual a la investigaci\u00f3n sobre la agresi\u00f3n en contra del senador de la Rep\u00fablica\u201d.<\/p>\n\n\n\n<p class=\"wp-block-paragraph\">No, pos s\u00ed, la victimizaci\u00f3n es lo suyo, olvidan que el que se r\u00ede se lleva. \u00bfNo que muy machitos? Tienen la piel delgada, pero, ver\u00e1 usted c\u00f3mo el bochornoso caso pasar\u00e1 al olvido y se perdonar\u00e1n. La patria en sus manos, el futuro de usted, de sus hijos, de todos quienes morenos o no, tricolores albiazules, verdes o rojos o naranjas, en la decisi\u00f3n de estos personajes.<\/p>\n\n\n\n<p class=\"wp-block-paragraph\">\u00bfY qu\u00e9 tal si ofrecen disculpas y piden perd\u00f3n a quienes creyeron en ellos y votaron por ellos? Imposible, imposible, Drakko. L\u00e1stima. Digo.<\/p>\n\n\n\n<p class=\"wp-block-paragraph\"><a href=\"mailto:sanchezlimon@gmail.com\" target=\"_blank\" rel=\"noreferrer noopener\">sanchezlimon@gmail.com<\/a>&nbsp;&nbsp;&nbsp;<a href=\"http:\/\/www.entresemana.mx\/\" target=\"_blank\" rel=\"noreferrer noopener\">www.entresemana.mx<\/a>&nbsp;&nbsp; @sanchezlimon1<\/p>\n","protected":false},"excerpt":{"rendered":"<p>\u201cB\u00e9same, b\u00e9same mucho\/ que tengo miedo perderte\/ perderte despu\u00e9s\u2026\u201d Consuelito Vel\u00e1zquez Mois\u00e9s S\u00e1nchez Lim\u00f3n SemM\u00e9xico, Cd. de M\u00e9xico, 6 de diciembre, 2024.- Eso de&nbsp;darlas&nbsp;o no, es un asunto de sem\u00e1ntica popular, \u00bfa poco no? Pero\u2026 M\u00e1xima reiterada en la praxis pol\u00edtica: entre legisladores podr\u00e1n hacerse pedazos, pero nunca se har\u00e1n da\u00f1o\u2026 Y s\u00ed. Una escena [&hellip;]<\/p>\n","protected":false},"author":3,"featured_media":41799,"comment_status":"open","ping_status":"open","sticky":false,"template":"","format":"standard","meta":{"_monsterinsights_skip_tracking":false,"footnotes":""},"categories":[105,83,35],"tags":[],"class_list":["post-90699","post","type-post","status-publish","format-standard","has-post-thumbnail","category-entresemana","category-moises-sanchez-limon","category-opinion"],"_links":{"self":[{"href":"https:\/\/redsemlac.com\/semmexico\/wp-json\/wp\/v2\/posts\/90699","targetHints":{"allow":["GET"]}}],"collection":[{"href":"https:\/\/redsemlac.com\/semmexico\/wp-json\/wp\/v2\/posts"}],"about":[{"href":"https:\/\/redsemlac.com\/semmexico\/wp-json\/wp\/v2\/types\/post"}],"author":[{"embeddable":true,"href":"https:\/\/redsemlac.com\/semmexico\/wp-json\/wp\/v2\/users\/3"}],"replies":[{"embeddable":true,"href":"https:\/\/redsemlac.com\/semmexico\/wp-json\/wp\/v2\/comments?post=90699"}],"version-history":[{"count":0,"href":"https:\/\/redsemlac.com\/semmexico\/wp-json\/wp\/v2\/posts\/90699\/revisions"}],"wp:featuredmedia":[{"embeddable":true,"href":"https:\/\/redsemlac.com\/semmexico\/wp-json\/wp\/v2\/media\/41799"}],"wp:attachment":[{"href":"https:\/\/redsemlac.com\/semmexico\/wp-json\/wp\/v2\/media?parent=90699"}],"wp:term":[{"taxonomy":"category","embeddable":true,"href":"https:\/\/redsemlac.com\/semmexico\/wp-json\/wp\/v2\/categories?post=90699"},{"taxonomy":"post_tag","embeddable":true,"href":"https:\/\/redsemlac.com\/semmexico\/wp-json\/wp\/v2\/tags?post=90699"}],"curies":[{"name":"wp","href":"https:\/\/api.w.org\/{rel}","templated":true}]}}