{"id":90619,"date":"2024-12-05T09:33:24","date_gmt":"2024-12-05T15:33:24","guid":{"rendered":"https:\/\/redsemlac.com\/semmexico\/?p=90619"},"modified":"2024-12-05T09:34:00","modified_gmt":"2024-12-05T15:34:00","slug":"los-capitales-aumenta-el-poder-adquisitivo-de-los-trabajadores-y-se-reduce-la-desigualdad-economica","status":"publish","type":"post","link":"https:\/\/redsemlac.com\/semmexico\/los-capitales-aumenta-el-poder-adquisitivo-de-los-trabajadores-y-se-reduce-la-desigualdad-economica\/","title":{"rendered":"Los Capitales | Aumenta el poder adquisitivo de los trabajadores y se reduce la desigualdad econ\u00f3mica"},"content":{"rendered":"\n<ul class=\"wp-block-list\">\n<li><\/li>\n<\/ul>\n\n\n\n<p class=\"wp-block-paragraph\">Edgar Gonz\u00e1lez Mart\u00ednez<\/p>\n\n\n\n<p class=\"wp-block-paragraph\">SemM\u00e9xico, Cd. de M\u00e9xico, 5 de diciembre, 2024.- Patrones, trabajadores y gobierno acordaron, por unanimidad, incrementar 12 por el salario m\u00ednimo durante 2025. La Comisi\u00f3n Nacional de los Salarios M\u00ednimos (CONASAMI) pact\u00f3 un aumento del salario m\u00ednimo (SM) que entrar\u00e1 en vigor a partir del 1 de enero de 2025. As\u00ed, el Salario M\u00ednimo General Nacional pasar\u00e1 de 248.93 a 278.80 pesos diarios.<\/p>\n\n\n\n<p class=\"wp-block-paragraph\">Nuevamente, el aumento estar\u00e1 segmentado en dos partes: (1) Un ajuste en pesos, que proviene del Monto Independiente de Recuperaci\u00f3n (MIR), dirigido a proteger el poder adquisitivo de los hogares; y (2) un aumento porcentual sobre la base actualizada, ligado a la inflaci\u00f3n. Esto se traduce en un avance total de 12 por ciento. Cabe mencionar que la inflaci\u00f3n anual promedio en lo que va del 2024 (hasta la 1\u00aa quincena de noviembre) ha sido de 4.8 por ciento. Por lo tanto, implicar\u00eda una expansi\u00f3n en t\u00e9rminos reales inclusive si vemos m\u00e1s presiones en lo que resta del periodo. Por otra parte, el Salario M\u00ednimo de la Zona Libre de la Frontera Norte (ZLFN) \u2013que se introdujo desde 2019\u2013 tambi\u00e9n aumentar\u00e1 en la misma magnitud (12 %) derivado de un MIR m\u00e1s alto en 19.36 pesos al cual se le aplica el mismo aumento de 6.5 por ciento.<\/p>\n\n\n\n<p class=\"wp-block-paragraph\">Al respecto, la presidenta Claudia Sheinbaum expres\u00f3 dos metas espec\u00edficas sobre el avance de la percepci\u00f3n m\u00ednima: (1) Para 2026, que el salario sea el doble de la L\u00ednea de Pobreza por Ingresos Urbanos (LPIU); y (2) para el 2030, que el SM cubra 2.5 veces dicha l\u00ednea. Con datos a octubre de 2024, la LPIU se encontraba en cuatro mil 592.47 y el salario m\u00ednimo mensual en siete mil 467.90 pesos. Por lo tanto, este \u00faltimo equivale a 1.6 veces la LPIU.<\/p>\n\n\n\n<p class=\"wp-block-paragraph\">Se estima que la inflaci\u00f3n en el 2025 sea de 4.4 por ciento al cierre. Es importante se\u00f1alar que aumentos de una magnitud relevante en el salario m\u00ednimo parecen haber sido asimilados ya en las expectativas inflacionarias, tanto de los analistas como de la poblaci\u00f3n en general. En este contexto, reiter\u00f3 el gobierno, nuestro pron\u00f3stico de inflaci\u00f3n al cierre de 2025 en 4.4 por ciento, mismo que ya incorporaba una revisi\u00f3n del SM en una magnitud similar a la anunciada hoy. A pesar de esto, reconocemos que el proceso desinflacionario se mantiene sujeto a riesgos al alza, no pudiendo desestimar distorsiones adicionales en este frente si las condiciones en el mercado laboral y\/o comercial cambian significativamente.<\/p>\n\n\n\n<p class=\"wp-block-paragraph\">Gana el INEGI primer lugar al mejor estand en su categor\u00eda en la Feria Internacional del Libro.<\/p>\n\n\n\n<p class=\"wp-block-paragraph\">El Instituto Nacional de Estad\u00edstica y Geograf\u00eda (inegi) recibi\u00f3 el galard\u00f3n a mejor estand en la categor\u00eda \u00abEspacios de entre 28 y 81 metros cuadrados\u00bb, en la edici\u00f3n 2024 de la Feria Internacional del Libro (fil) de Guadalajara. Entre los criterios que el jurado evalu\u00f3 para la selecci\u00f3n estuvieron: accesibilidad, dise\u00f1o, distribuci\u00f3n del espacio, funcionalidad, impacto visual, originalidad y sustentabilidad. El jurado se integr\u00f3 por profesionales del dise\u00f1o y la arquitectura, as\u00ed como personas empresarias y acad\u00e9micas.<\/p>\n\n\n\n<p class=\"wp-block-paragraph\">Marisol Schulz, directora general de la FIL, entreg\u00f3 al Instituto el reconocimiento que consisti\u00f3 en una pieza con motivos de arte Wix\u00e1rika, propio de la cultura huichol. De acuerdo con el jurado, el equipo de INEGI recibi\u00f3 la distinci\u00f3n, entre otras consideraciones, por \u00abla labor que hacen de mostrarnos n\u00fameros y [\u2026] que nos parece a nosotros correcta, porque facilitan algo [\u2026] que com\u00fanmente no es f\u00e1cil digerir\u00bb.<\/p>\n\n\n\n<p class=\"wp-block-paragraph\">Por su parte, Ricardo Delgado, subdirector de dise\u00f1o del INEGI, mencion\u00f3 que la participaci\u00f3n en la feria es parte de los esfuerzos de la Instituci\u00f3n para ciudadanizar la informaci\u00f3n, as\u00ed como lograr que sea entendible y accesible para todas y todos.<\/p>\n\n\n\n<p class=\"wp-block-paragraph\">En el estand del INEGI, las y los visitantes podr\u00e1n realizar diversas actividades l\u00fadicas, como juegos de memoria, simulaci\u00f3n de paso de tiempo, laberintos para conocer las distintas regiones geogr\u00e1ficas de M\u00e9xico, y escanear c\u00f3digos qr para visualizar datos en realidad aumentada.<\/p>\n\n\n\n<p class=\"wp-block-paragraph\">La FIL, que organiza la Universidad de Guadalajara, espera recibir en esta edici\u00f3n a m\u00e1s de 850 escritoras y escritores de 43 pa\u00edses y una afluencia de m\u00e1s de 800 mil personas. El INEGI extiende una invitaci\u00f3n a visitar su estand en el pasillo I n\u00famero 25 de la Feria, misma que estar\u00e1 abierta al p\u00fablico hasta el 8 de diciembre en la Expo Guadalajara.<\/p>\n\n\n\n<p class=\"wp-block-paragraph\"><a href=\"mailto:loscapitales@yahoo.com.mx\">loscapitales@yahoo.com.mx<\/a><\/p>\n\n\n\n<p class=\"wp-block-paragraph\"><a href=\"http:\/\/www.agendadeinversiones.com.mx\/\">www.agendadeinversiones.com.mx<\/a><\/p>\n\n\n\n<p class=\"wp-block-paragraph\">Twiter: Edgar4712<\/p>\n","protected":false},"excerpt":{"rendered":"<p>Edgar Gonz\u00e1lez Mart\u00ednez SemM\u00e9xico, Cd. de M\u00e9xico, 5 de diciembre, 2024.- Patrones, trabajadores y gobierno acordaron, por unanimidad, incrementar 12 por el salario m\u00ednimo durante 2025. La Comisi\u00f3n Nacional de los Salarios M\u00ednimos (CONASAMI) pact\u00f3 un aumento del salario m\u00ednimo (SM) que entrar\u00e1 en vigor a partir del 1 de enero de 2025. As\u00ed, el [&hellip;]<\/p>\n","protected":false},"author":3,"featured_media":75979,"comment_status":"open","ping_status":"open","sticky":false,"template":"","format":"standard","meta":{"_monsterinsights_skip_tracking":false,"footnotes":""},"categories":[750,35],"tags":[],"class_list":["post-90619","post","type-post","status-publish","format-standard","has-post-thumbnail","category-edgar-gonzalez-martinez","category-opinion"],"_links":{"self":[{"href":"https:\/\/redsemlac.com\/semmexico\/wp-json\/wp\/v2\/posts\/90619","targetHints":{"allow":["GET"]}}],"collection":[{"href":"https:\/\/redsemlac.com\/semmexico\/wp-json\/wp\/v2\/posts"}],"about":[{"href":"https:\/\/redsemlac.com\/semmexico\/wp-json\/wp\/v2\/types\/post"}],"author":[{"embeddable":true,"href":"https:\/\/redsemlac.com\/semmexico\/wp-json\/wp\/v2\/users\/3"}],"replies":[{"embeddable":true,"href":"https:\/\/redsemlac.com\/semmexico\/wp-json\/wp\/v2\/comments?post=90619"}],"version-history":[{"count":0,"href":"https:\/\/redsemlac.com\/semmexico\/wp-json\/wp\/v2\/posts\/90619\/revisions"}],"wp:featuredmedia":[{"embeddable":true,"href":"https:\/\/redsemlac.com\/semmexico\/wp-json\/wp\/v2\/media\/75979"}],"wp:attachment":[{"href":"https:\/\/redsemlac.com\/semmexico\/wp-json\/wp\/v2\/media?parent=90619"}],"wp:term":[{"taxonomy":"category","embeddable":true,"href":"https:\/\/redsemlac.com\/semmexico\/wp-json\/wp\/v2\/categories?post=90619"},{"taxonomy":"post_tag","embeddable":true,"href":"https:\/\/redsemlac.com\/semmexico\/wp-json\/wp\/v2\/tags?post=90619"}],"curies":[{"name":"wp","href":"https:\/\/api.w.org\/{rel}","templated":true}]}}