{"id":90598,"date":"2024-12-04T10:53:34","date_gmt":"2024-12-04T16:53:34","guid":{"rendered":"https:\/\/redsemlac.com\/semmexico\/?p=90598"},"modified":"2024-12-04T11:05:58","modified_gmt":"2024-12-04T17:05:58","slug":"mirada-violeta-secretaria-de-educacion-jalisco","status":"publish","type":"post","link":"https:\/\/redsemlac.com\/semmexico\/mirada-violeta-secretaria-de-educacion-jalisco\/","title":{"rendered":"Mirada Violeta | Secretar\u00eda de Educaci\u00f3n Jalisco"},"content":{"rendered":"\n<p class=\"wp-block-paragraph\">Guadalupe Ramos Ponce<\/p>\n\n\n\n<p class=\"wp-block-paragraph\"><br><\/p>\n\n\n\n<p class=\"wp-block-paragraph\">SemM\u00e9xico, Guadalajara, Jalisco, 4 de diciembre, 2024.-\u00a1Ah!,Recientemente, el gobernador electo Pablo Lemus, ratific\u00f3 en su cargo al Secretario de Educaci\u00f3n en Jalisco Juan Carlos Flores Miramontes, sin embargo, resulta preocupante que se ratifique en su cargo a quien no ha atendido de manera adecuada las m\u00e1s de 70 denuncias en contra de docentes que est\u00e1n en un proceso administrativo y judicial por el delito de abuso sexual infantil. Adem\u00e1s, entre 2021 y 2023, un total de 329 estudiantes de educaci\u00f3n b\u00e1sica en el Estado reportaron ante las autoridades educativas haber vivido abuso sexual infantil (ASI) en sus propias escuelas, de acuerdo con datos brindados v\u00eda transparencia por la propia Secretar\u00eda de Educaci\u00f3n Jalisco (SEJ).<\/p>\n\n\n\n<p class=\"wp-block-paragraph\">Es inadmisible la violencia sexual en un entorno que deber\u00eda ser seguro para las ni\u00f1as y ni\u00f1os que acuden a los planteles educativos. Tambi\u00e9n preocupa a organizaciones de la sociedad civil como el Comit\u00e9 de Am\u00e9rica Latina y el Caribe para la defensa de los derechos humanos de las mujeres, CLADEM, que se ratifique a un funcionario que ha manifestado abiertamente su rechazo a la progresividad de los derechos humanos de las mujeres.<\/p>\n\n\n\n<p class=\"wp-block-paragraph\"> De acuerdo con CLADEM, el funcionario ha participado en actos y declaraciones que contravienen el principio de laicidad. La laicidad es un pilar fundamental de nuestra democracia y del sistema educativo, ya que garantiza que las instituciones p\u00fablicas sean espacios neutrales, respetuosos de todas las creencias y comprometidos con la inclusi\u00f3n. <\/p>\n\n\n\n<p class=\"wp-block-paragraph\">La posible influencia de posturas personales o ideol\u00f3gicas en la educaci\u00f3n p\u00fablica, es especialmente alarmante ya que este funcionario, en diversos momentos, ha promovido iniciativas y discursos que privilegian posturas religiosas y sobre todo contra los derechos humanos de las mujeres y ni\u00f1as en espacios que deber\u00edan ser estrictamente laicos. Esto no solo contraviene el marco normativo establecido en el art\u00edculo 3\u00b0 constitucional, sino que tambi\u00e9n vulnera los derechos de las y los estudiantes y de la comunidad educativa que esperan un sistema educativo imparcial y respetuoso de la diversidad cultural y respetuoso de los derechos humanos de todas las personas. <\/p>\n\n\n\n<p class=\"wp-block-paragraph\">Desde CLADEM se hace un llamado a Pablo Lemus, a reconsiderar esta decisi\u00f3n y que valore que las posibles personas candidatas no solo cumplan con los requisitos legales, sino que tambi\u00e9n demuestren un compromiso real con los derechos humanos de todas las personas. Es indispensable que la Secretar\u00eda de Educaci\u00f3n Jalisco sea liderada por una persona que garantice la imparcialidad del sistema educativo y la protecci\u00f3n de los principios que fortalecen nuestra convivencia como sociedad.&nbsp;<\/p>\n\n\n\n<p class=\"wp-block-paragraph\"><\/p>\n\n\n\n<p class=\"wp-block-paragraph\">Coordinadora de CLADEM en M\u00e9xico<\/p>\n\n\n\n<p class=\"wp-block-paragraph\">Profesora Investigadora de la UdeG.<\/p>\n\n\n\n<p class=\"wp-block-paragraph\">@dralupitaramosp<\/p>\n\n\n\n<p class=\"wp-block-paragraph\"><a href=\"mailto:lupitaramosponce@gmail.com\">lupitaramosponce@gmail.com<\/a><\/p>\n\n\n\n<p class=\"wp-block-paragraph\">Canal de Youtoube Dra. Lupita Ramos.<\/p>\n\n\n\n<figure class=\"wp-block-embed\"><div class=\"wp-block-embed__wrapper\">\nhttps:\/\/www.youtube.com\/channel\/UCQ_bKrt9f4rkb7VST7-sYrg\n<\/div><\/figure>\n\n\n\n<p class=\"wp-block-paragraph\">&nbsp;<a href=\"http:\/\/www.cladem.org\/\">www.cladem.org<\/a><\/p>\n\n\n\n<p class=\"wp-block-paragraph\"><a href=\"mailto:clademjalsc@gmail.com.mx\">clademjalsc@gmail.com<\/a><\/p>\n","protected":false},"excerpt":{"rendered":"<p>Guadalupe Ramos Ponce SemM\u00e9xico, Guadalajara, Jalisco, 4 de diciembre, 2024.-\u00a1Ah!,Recientemente, el gobernador electo Pablo Lemus, ratific\u00f3 en su cargo al Secretario de Educaci\u00f3n en Jalisco Juan Carlos Flores Miramontes, sin embargo, resulta preocupante que se ratifique en su cargo a quien no ha atendido de manera adecuada las m\u00e1s de 70 denuncias en contra de [&hellip;]<\/p>\n","protected":false},"author":3,"featured_media":69833,"comment_status":"open","ping_status":"open","sticky":false,"template":"","format":"standard","meta":{"_monsterinsights_skip_tracking":false,"footnotes":""},"categories":[91,35],"tags":[],"class_list":["post-90598","post","type-post","status-publish","format-standard","has-post-thumbnail","category-lupita-ramos-ponce","category-opinion"],"_links":{"self":[{"href":"https:\/\/redsemlac.com\/semmexico\/wp-json\/wp\/v2\/posts\/90598","targetHints":{"allow":["GET"]}}],"collection":[{"href":"https:\/\/redsemlac.com\/semmexico\/wp-json\/wp\/v2\/posts"}],"about":[{"href":"https:\/\/redsemlac.com\/semmexico\/wp-json\/wp\/v2\/types\/post"}],"author":[{"embeddable":true,"href":"https:\/\/redsemlac.com\/semmexico\/wp-json\/wp\/v2\/users\/3"}],"replies":[{"embeddable":true,"href":"https:\/\/redsemlac.com\/semmexico\/wp-json\/wp\/v2\/comments?post=90598"}],"version-history":[{"count":0,"href":"https:\/\/redsemlac.com\/semmexico\/wp-json\/wp\/v2\/posts\/90598\/revisions"}],"wp:featuredmedia":[{"embeddable":true,"href":"https:\/\/redsemlac.com\/semmexico\/wp-json\/wp\/v2\/media\/69833"}],"wp:attachment":[{"href":"https:\/\/redsemlac.com\/semmexico\/wp-json\/wp\/v2\/media?parent=90598"}],"wp:term":[{"taxonomy":"category","embeddable":true,"href":"https:\/\/redsemlac.com\/semmexico\/wp-json\/wp\/v2\/categories?post=90598"},{"taxonomy":"post_tag","embeddable":true,"href":"https:\/\/redsemlac.com\/semmexico\/wp-json\/wp\/v2\/tags?post=90598"}],"curies":[{"name":"wp","href":"https:\/\/api.w.org\/{rel}","templated":true}]}}