{"id":90590,"date":"2024-12-04T10:46:43","date_gmt":"2024-12-04T16:46:43","guid":{"rendered":"https:\/\/redsemlac.com\/semmexico\/?p=90590"},"modified":"2024-12-04T10:46:44","modified_gmt":"2024-12-04T16:46:44","slug":"mujeres-analizan-mexico-en-la-feria-internacional-del-libro-de-guadalajara-mujeres-en-el-poder-el-rumbo-de-mexico-en-fil-pensamiento","status":"publish","type":"post","link":"https:\/\/redsemlac.com\/semmexico\/mujeres-analizan-mexico-en-la-feria-internacional-del-libro-de-guadalajara-mujeres-en-el-poder-el-rumbo-de-mexico-en-fil-pensamiento\/","title":{"rendered":"Mujeres analizan M\u00e9xico en la Feria Internacional del Libro de Guadalajara,\u00a0 \u201cMujeres en el poder: El rumbo de M\u00e9xico\u201d en\u00a0 FIL Pensamiento\u00a0"},"content":{"rendered":"\n<p class=\"wp-block-paragraph\">Ver\u00f3nica Ju\u00e1rez, Patricia Mercado , Ana Lilia Ibarra y Luc\u00eda Micher, encabezaron tres paneles sobre las mujeres en la pol\u00edtica nacional actual<\/p>\n\n\n\n<p class=\"wp-block-paragraph\">M\u00e9xico tiene un potencial inmenso para atraer inversi\u00f3n externa<\/p>\n\n\n\n<p class=\"wp-block-paragraph\">&nbsp;Redacci\u00f3n<\/p>\n\n\n\n<p class=\"wp-block-paragraph\">SemM\u00e9xico, Cd. de M\u00e9xico, 4 de diciembre, 2024.-En el marco de la Feria Internacional del Libro de Guadalajara se celebra FIL pensamiento con mesas de an\u00e1lisis de mujeres en la pol\u00edtica,<\/p>\n\n\n\n<p class=\"wp-block-paragraph\"><strong>El primer panel titulado \u201cFuerza y Visi\u00f3n: Mujeres revolucionando y transformando la econom\u00eda nacional\u201d<\/strong>, cont\u00f3 con la participaci\u00f3n de Consuelo S\u00e1izar, exfuncionaria cultural, editora, soci\u00f3loga y l\u00edder social; Martha Delgado Peralta, presidenta del APCO ambientalista y funcionaria p\u00fablica; Valeria Moy, directora general del Instituto Mexicano para la Competitividad e Isabel Prieto, Presidenta del Patronato de&nbsp;<em>Save the Children.<\/em><\/p>\n\n\n\n<p class=\"wp-block-paragraph\">Estas mujeres plantearon diferentes ideas y estrategias para lograr un pa\u00eds m\u00e1s igualitario, se resalt\u00f3, por ejemplo, c\u00f3mo, la cual est\u00e1 enfocada principalmente en energ\u00edas renovables, talento humano, sin embargo y por desgracia, consideraron que el pa\u00eds no cuenta con la pol\u00edticas p\u00fablicas para garantizar, por ejemplo, la igualdad de salarios y el desarrollo de programas que apoyen la educaci\u00f3n laboral con el fin de fomentar la competitividad.&nbsp;<\/p>\n\n\n\n<p class=\"wp-block-paragraph\">&nbsp;Seg\u00fan las panelistas, a pesar de las grandes mujeres que trabajan en este pa\u00eds, existen brechas de g\u00e9nero que debilitan la mano de obra de estas, por lo que se necesita insertar a las mujeres en cadenas de valor, crear espacios de cuidado como guarder\u00edas y escuelas de tiempo completo que sean un apoyo para que las madres puedan seguir desarrollando su carrera laboral.&nbsp;<\/p>\n\n\n\n<p class=\"wp-block-paragraph\">\u201cEl sistema debe garantizar que las mujeres no abandonen su carrera laboral por dedicarse al cuidado, debe generar lugares seguros para ni\u00f1os y ni\u00f1as, debe garantizar la equidad de g\u00e9nero y el rompimiento de la brecha salarial, as\u00ed como la inclusi\u00f3n de mujeres a los puestos de poder\u201d, mencion\u00f3 Isabel Prieto.&nbsp;<\/p>\n\n\n\n<p class=\"wp-block-paragraph\">\u201c<strong>Mujeres a la vanguardia: Enfrentando desaf\u00edos en materia de justicia, transparencia y libertad de expresi\u00f3n\u201d,<\/strong>&nbsp;<strong>fue el nombre del segundo panel<\/strong>, el cu\u00e1l fue encabezado por Denise Dresser, acad\u00e9mica, polit\u00f3loga y columnista mexicana; X\u00f3chitl G\u00e1lvez, ex candidata a la Presidencia de M\u00e9xico por la coalici\u00f3n Fuerza y Coraz\u00f3n en el a\u00f1o 2024; Denisse Meade, doctora en psicolog\u00eda, pol\u00edtica, activista social y conductora en Telef\u00f3rmula y Lilia M\u00f3nica L\u00f3pez, jurista, acad\u00e9mica, escritora y servidora p\u00fablica.<\/p>\n\n\n\n<p class=\"wp-block-paragraph\">&nbsp;Este panel tuvo como objetivo plantear los retos que enfrentan las mujeres en nuestro pa\u00eds y busc\u00f3 plantear estrategias contra la impunidad y la violencia desde el \u00e1mbito judicial, pol\u00edtico y social para garantizar una justicia inclusiva en todos los niveles de gobierno que conforman el Estado.&nbsp;<\/p>\n\n\n\n<p class=\"wp-block-paragraph\">&nbsp;Durante el di\u00e1logo, se plante\u00f3 que el feminismo ayud\u00f3 a las mujeres a llegar a ciertos niveles de poder, sin embargo, seg\u00fan las panelistas, es necesario recordar que las mujeres tambi\u00e9n pueden estar alineadas a la intolerancia, a la corrupci\u00f3n y a las ideolog\u00edas machistas que debilitan la democracia.<\/p>\n\n\n\n<p class=\"wp-block-paragraph\">&nbsp;De igual manera, se habl\u00f3 de los cambios sistem\u00e1ticos que est\u00e1 teniendo el pa\u00eds, como la Reforma al Poder Judicial, la cual, opinaron, no traer\u00e1 consigo una lucha contra la impunidad y podr\u00eda generar una ola de desigualdad en nuestro pa\u00eds que afectar\u00eda directamente a las personas m\u00e1s marginadas de la sociedad, como las mujeres, por lo que solicitaron reflexionar en los da\u00f1os que puede generar en la vida de los ciudadanos.<\/p>\n\n\n\n<p class=\"wp-block-paragraph\">&nbsp;La ex candidata a la presidencia de M\u00e9xico, X\u00f3chitl G\u00e1lvez, mencion\u00f3 que es necesaria la independencia de las mujeres que est\u00e1n en puestos de poder para fortalecer el apoyo para mujeres que est\u00e1n en situaciones deplorables, adem\u00e1s pidi\u00f3 que la ley mexicana garantice leyes y recursos que amparen el cuidado para que puedan desarrollarse, adem\u00e1s del apoyo a colectivos sociales compuestos y liderados por mujeres, tales como las Madres Buscadoras.<\/p>\n\n\n\n<p class=\"wp-block-paragraph\">&nbsp;Sobre la libertad de expresi\u00f3n, en este segundo panel, plantearon la protecci\u00f3n de los periodistas y el apoyo de cadenas de informaci\u00f3n independientes que fomenten la reflexi\u00f3n y no est\u00e9n alineados con ning\u00fan partido pol\u00edtico y solicitaron al Estado el fortalecimiento de las leyes que protejan la libertad de prensa y eviten la difamaci\u00f3n, sin persecuci\u00f3n judicial ni ataques directos contra los periodistas.<\/p>\n\n\n\n<figure class=\"wp-block-image\"><img decoding=\"async\" src=\"https:\/\/lh7-rt.googleusercontent.com\/docsz\/AD_4nXcUrxmhFQNw1INx6Es-LTiP-8edaHdNf28IkL2MDZqK5jBb-Wjv2Y-xh2GnbojivCuNmCqJ4ky39--vXQPOgHfcfqMocazyMolM7yEeRKtIrtqTnYjjUSv6N3RY4ud82fpfZc2i2tyMJikFQoSm7MQ?key=8pYrCXUqlF_9kBTUYCPhIGwj\" alt=\"FIL sede del Foro \u201cMujeres en el poder: El rumbo de M\u00e9xico\u201d | Centro  Universitario de Ciencias Econ\u00f3mico Administrativas\"\/><\/figure>\n\n\n\n<p class=\"wp-block-paragraph\"><strong>La tercera parte del Foro, se gener\u00f3 bajo el t\u00edtulo<\/strong>&nbsp;\u201c<strong>Mujeres al mando: Redefiniendo la democracia, avances y desaf\u00edos de M\u00e9xico y Espa\u00f1a\u201d<\/strong>&nbsp;y fue encabezado por Blanca Lilia Ibarra, quien fue presidenta de la Red de Radiodifusoras y Televisoras Educativas de M\u00e9xico y Consejera Directiva de la Asociaci\u00f3n de las Televisiones Educativas; Patricia Mercado, pol\u00edtica y economista mexicana y, la senadora Martha Luc\u00eda Micher, Presidenta de la Comisi\u00f3n por la Igualdad de G\u00e9nero en el Congreso de la Uni\u00f3n.<\/p>\n\n\n\n<p class=\"wp-block-paragraph\">Este \u00faltimo panel plante\u00f3 la transparencia, polarizaci\u00f3n pol\u00edtica y la desigualdad y la pregunta: \u00bfC\u00f3mo han contribuido las mujeres en altos cargos pol\u00edticos a fortalecer las instituciones democr\u00e1ticas? Todo esto con el fin de reflexionar sobre los enfoques de progreso en los derechos de las mujeres, desafiando los roles de g\u00e9nero.&nbsp;<\/p>\n\n\n\n<p class=\"wp-block-paragraph\">Partiendo de aqu\u00ed, las panelistas enfatizaron el avance de las mujeres al tomar cargos de liderazgo, y aplaudieron la llegada de una mujer a la silla presidencial de nuestro pa\u00eds y el cargo del 49 por ciento de las mujeres dentro del Congreso de la Uni\u00f3n; sin embargo, los retos y desaf\u00edos contin\u00faan, por lo que dijeron que es necesario defender y propiciar el di\u00e1logo para que el papel de las mujeres, dentro de los puestos de poder resalten y beneficien los derechos sociales.&nbsp;<\/p>\n\n\n\n<figure class=\"wp-block-image\"><img decoding=\"async\" src=\"https:\/\/lh7-rt.googleusercontent.com\/docsz\/AD_4nXf_QQvOMzupcnuxGhRdraxoZSxij0dQjl0zj9JlJMhAnqUYgvuyoRsqxVzps0vUDHpvVNIdhp8datJPBFaIsCOAOBK8Wfr0Nispqv2jqXwIWqjJIt0qgHM8Yt9lzTWtltwi8YnJ-arBR_kYjBWHkco?key=8pYrCXUqlF_9kBTUYCPhIGwj\" alt=\"FIL sede del Foro \u201cMujeres en el poder: El rumbo de M\u00e9xico\u201d | Centro  Universitario de los Altos\"\/><\/figure>\n\n\n\n<p class=\"wp-block-paragraph\">\u201cLa participaci\u00f3n de las mujeres en el poder afecta de manera positiva en la sociedad, y resalta claramente que las mujeres somos capaces de estar ah\u00ed, en los lugares de poder. No nos regalan nada, es nuestro derecho, por lo tanto, hemos venido impulsando una agenda feminista de manera formal desde hace m\u00e1s de 50 a\u00f1os. Este poder que ejercemos, transforma. La ONU hace bien en seguir impulsando a las naciones en lograr una igualdad sustantiva que beneficie a la sociedad. Las mujeres en el poder tejen alianzas para que otras mujeres vayan alcanzando poderes. Si desde esos puestos no transformamos la vida de las mujeres, no tiene ning\u00fan sentido ocupar estos espacios\u201d, declar\u00f3 Martha Luc\u00eda.<\/p>\n\n\n\n<p class=\"wp-block-paragraph\">El maestro Luis Gustavo Padilla Montes, Rector del CUCEA, brind\u00f3 un discurso de bienvenida, y resalt\u00f3 la importancia cultural y pol\u00edtica del pa\u00eds invitado a la FIL, Espa\u00f1a al mencionar que este foro tiene como fin la discusi\u00f3n y reflexi\u00f3n en torno a la igualdad, las pol\u00edticas p\u00fablicas de inclusi\u00f3n y el papel de las mujeres en la toma de decisiones que construyen la naci\u00f3n mexicana.<\/p>\n\n\n\n<p class=\"wp-block-paragraph\">Los tres paneles fueron moderados por Ver\u00f3nica Ju\u00e1rez Pi\u00f1a, ex diputada del Congreso de la Uni\u00f3n.<\/p>\n","protected":false},"excerpt":{"rendered":"<p>Ver\u00f3nica Ju\u00e1rez, Patricia Mercado , Ana Lilia Ibarra y Luc\u00eda Micher, encabezaron tres paneles sobre las mujeres en la pol\u00edtica nacional actual M\u00e9xico tiene un potencial inmenso para atraer inversi\u00f3n externa &nbsp;Redacci\u00f3n SemM\u00e9xico, Cd. de M\u00e9xico, 4 de diciembre, 2024.-En el marco de la Feria Internacional del Libro de Guadalajara se celebra FIL pensamiento con [&hellip;]<\/p>\n","protected":false},"author":3,"featured_media":90591,"comment_status":"open","ping_status":"open","sticky":false,"template":"","format":"standard","meta":{"_monsterinsights_skip_tracking":false,"footnotes":""},"categories":[748,54],"tags":[],"class_list":["post-90590","post","type-post","status-publish","format-standard","has-post-thumbnail","category-cultura-feminista","category-mujeres"],"_links":{"self":[{"href":"https:\/\/redsemlac.com\/semmexico\/wp-json\/wp\/v2\/posts\/90590","targetHints":{"allow":["GET"]}}],"collection":[{"href":"https:\/\/redsemlac.com\/semmexico\/wp-json\/wp\/v2\/posts"}],"about":[{"href":"https:\/\/redsemlac.com\/semmexico\/wp-json\/wp\/v2\/types\/post"}],"author":[{"embeddable":true,"href":"https:\/\/redsemlac.com\/semmexico\/wp-json\/wp\/v2\/users\/3"}],"replies":[{"embeddable":true,"href":"https:\/\/redsemlac.com\/semmexico\/wp-json\/wp\/v2\/comments?post=90590"}],"version-history":[{"count":0,"href":"https:\/\/redsemlac.com\/semmexico\/wp-json\/wp\/v2\/posts\/90590\/revisions"}],"wp:featuredmedia":[{"embeddable":true,"href":"https:\/\/redsemlac.com\/semmexico\/wp-json\/wp\/v2\/media\/90591"}],"wp:attachment":[{"href":"https:\/\/redsemlac.com\/semmexico\/wp-json\/wp\/v2\/media?parent=90590"}],"wp:term":[{"taxonomy":"category","embeddable":true,"href":"https:\/\/redsemlac.com\/semmexico\/wp-json\/wp\/v2\/categories?post=90590"},{"taxonomy":"post_tag","embeddable":true,"href":"https:\/\/redsemlac.com\/semmexico\/wp-json\/wp\/v2\/tags?post=90590"}],"curies":[{"name":"wp","href":"https:\/\/api.w.org\/{rel}","templated":true}]}}