{"id":90505,"date":"2024-12-02T19:59:49","date_gmt":"2024-12-03T01:59:49","guid":{"rendered":"https:\/\/redsemlac.com\/semmexico\/?p=90505"},"modified":"2024-12-02T19:59:50","modified_gmt":"2024-12-03T01:59:50","slug":"cuba-primera-agenda-de-masculinidades-con-enfoque-feminista","status":"publish","type":"post","link":"https:\/\/redsemlac.com\/semmexico\/cuba-primera-agenda-de-masculinidades-con-enfoque-feminista\/","title":{"rendered":"Cuba: Primera agenda de masculinidades con enfoque feminista"},"content":{"rendered":"\n<ul class=\"wp-block-list\">\n<li>Representa un hito significativo, especialmente porque ha sido desarrollada desde una perspectiva feminista<\/li>\n\n\n\n<li>Un aporte en funci\u00f3n de la igualdad de derechos, la equidad y la justicia social<\/li>\n<\/ul>\n\n\n\n<p class=\"wp-block-paragraph\">Leyanis Infante Curbelo<\/p>\n\n\n\n<p class=\"wp-block-paragraph\">SemM\u00e9xico\/SEMlac, La Habana, Cuba, 2 de diciembre, 2024.- Construir una nueva propuesta de masculinidades, donde los hombres se reconozcan como sujetos de violencia y puedan cambiar los designios patriarcales que los colocan en esta posici\u00f3n, a partir de una perspectiva feminista e interdisciplinar, es el principio que gu\u00eda al proyecto \u00abPropuesta metodol\u00f3gica para la formaci\u00f3n de masculinidades liberadoras\u00bb.<\/p>\n\n\n\n<p class=\"wp-block-paragraph\"><br>La iniciativa ha sido&nbsp;<a href=\"https:\/\/www.redsemlac-cuba.net\/redsemlac\/sociedad-y-cultura\/iniciativa-promueve-masculinidades-no-violentas\/\" target=\"_blank\" rel=\"noreferrer noopener\">concebida por el Centro F\u00e9lix Varela<\/a>, art\u00edfice en los \u00faltimos dos a\u00f1os de diferentes acciones formativas donde han participado hombres diversos de todo el pa\u00eds y tambi\u00e9n mujeres.<\/p>\n\n\n\n<p class=\"wp-block-paragraph\"><br>Para Mirlena Rojas Piedrahita, directora del Centro F\u00e9lix Varela y coordinadora general del proyecto, la propuesta representa un hito significativo, especialmente porque ha sido desarrollada desde una perspectiva feminista y una concepci\u00f3n que reconoce las m\u00faltiples dimensiones relacionadas con la edad, el g\u00e9nero, el color de piel y la espiritualidad de las personas.<\/p>\n\n\n\n<p class=\"wp-block-paragraph\"><br>Una de las acciones comunicativas asociadas a este proyecto es la confecci\u00f3n de la primera agenda de masculinidades con enfoque feminista, presentada el pasado 28 de noviembre en el Sal\u00f3n de Mayo del Pabell\u00f3n Cuba, en la capital cubana, como parte de la jornada por la No Violencia contra las mujeres y las ni\u00f1as.<\/p>\n\n\n\n<p class=\"wp-block-paragraph\"><br>Seg\u00fan explic\u00f3 Rojas Piedrahita, el material incorpora experiencias de los dos a\u00f1os de trabajo del proyecto.<\/p>\n\n\n\n<p class=\"wp-block-paragraph\"><br>Producida con apoyos de la embajada del Reino de los Pa\u00edses Bajos, Diakon\u00eda, la Agencia Italiana de Cooperaci\u00f3n para el Desarrollo y Cospe, la agenda se concibi\u00f3 como \u00abherramienta de sensibilizaci\u00f3n sobre estos temas\u00bb, en un contexto donde prevalecen l\u00f3gicas patriarcales y machistas, y uno de los mayores desaf\u00edos es involucrar a m\u00e1s j\u00f3venes, se\u00f1al\u00f3 Rojas.<\/p>\n\n\n\n<p class=\"wp-block-paragraph\"><br>Consider\u00f3 que esta acci\u00f3n de comunicaci\u00f3n es un peque\u00f1o aporte en funci\u00f3n de la igualdad de derechos, la equidad y la justicia social.<\/p>\n\n\n\n<p class=\"wp-block-paragraph\"><br>Con ella coincidi\u00f3 Roberto S\u00e1nchez Medina, especialista del Centro F\u00e9lix Varela y quien particip\u00f3 en los talleres formativos. En su opini\u00f3n, la agenda es resultado de un proceso de formaci\u00f3n que se ha nutrido de muchos de los postulados del feminismo cubano, transversaliza los derechos e invita a los hombres a cuestionarse si est\u00e1n violando esos derechos, si est\u00e1n respetando al otro, reflexion\u00f3.<\/p>\n\n\n\n<p class=\"wp-block-paragraph\"><br>Para Jorge Gonz\u00e1lez N\u00fa\u00f1ez, presidente del Movimiento Estudiantil Cristiano de Cuba y tambi\u00e9n participante en los talleres, el proceso pasa por&nbsp;<a href=\"https:\/\/www.redsemlac-cuba.net\/download\/violencia-fisica-entre-adolescentes-masculinos-en-el-ambito-publico-su-relacion-con-las-masculinidades\/\" target=\"_blank\" rel=\"noreferrer noopener\">reconocernos como sujetos que ejercemos opresi\u00f3n<\/a>. Es \u00abun compromiso para organizarnos, para acompa\u00f1ar la lucha feminista y entender nuestro rol como hombres en este proceso\u00bb, agreg\u00f3.<\/p>\n\n\n\n<p class=\"wp-block-paragraph\"><br>\u00abEsta transformaci\u00f3n de roles patriarcales preestablecidos en alianza con las mujeres, es una lucha donde estamos tratando de desmontar un sistema de opresi\u00f3n\u00bb, reconoci\u00f3 Frank David Rodr\u00edguez Ruiz, parte del equipo de formadores.<br>\u00abEs una lucha que, si la entendemos y la abrazamos, puede llevarnos a lograr los mayores avances en la equidad y la justicia social\u00bb, dijo.<\/p>\n\n\n\n<p class=\"wp-block-paragraph\"><br>\u00abEl hecho de que los hombres trans vengamos del otro lado no nos libra de replicar la violencia y el machismo\u00bb, afirm\u00f3 por su parte Larian Arias, activista de la comunidad trans, para quien uno de los aciertos del proyecto es la diversidad de posibles masculinidades que reconoce.<\/p>\n\n\n\n<p class=\"wp-block-paragraph\"><br>Su aspiraci\u00f3n es poder aplicar lo aprendido con sus amistades y replicar la experiencia formativa con otros hombres, mediante herramientas de educaci\u00f3n popular aprendidas.<\/p>\n\n\n\n<p class=\"wp-block-paragraph\"><br>La agenda abarca variedad de aspiraciones, se ha construido en colectivo, ofrece datos relevantes sobre equidad de g\u00e9nero y masculinidades, y tiene como eje fundamental desaf\u00edos y llamados a la acci\u00f3n compartidos por los hombres y mujeres involucrados en la experiencia.<\/p>\n\n\n\n<p class=\"wp-block-paragraph\"><br>El material aspira a ser una gu\u00eda en la ruta propia hacia masculinidades liberadoras, ofrece informaci\u00f3n sobre el proyecto y su propuesta formativa, comparte im\u00e1genes de los talleres realizados y reflexiones que all\u00ed emergieron.<br>Asimismo, aborda temas como los cuidados y el uso del tiempo por hombres y mujeres, presenta&nbsp;<a href=\"https:\/\/www.redsemlac-cuba.net\/redsemlac\/violencia\/ck84-opinan-especialistas\/el-cuidado-de-la-salud-de-los-hombres-vinculos-con-la-violencia-y-la-construccion-de-las-masculinidades\/\" target=\"_blank\" rel=\"noreferrer noopener\">estad\u00edsticas comparativas de salud teniendo en cuenta la variable g\u00e9nero<\/a>, y hace referencia a qu\u00e9 dicen los datos sobre la violencia que se ejerce hacia las mujeres y las ni\u00f1as.<\/p>\n\n\n\n<p class=\"wp-block-paragraph\"><br>La agenda presenta tambi\u00e9n conceptos como violencia sexual, acoso sexual, androcentrismo, binarismo sexual, brechas de g\u00e9nero, empoderamiento, femicidio, feminismos, patriarcado, roles de g\u00e9nero, entre otros; y propone una pr\u00e1ctica diaria de autoevaluaci\u00f3n en este camino de transformaci\u00f3n, ante preguntas como: \u00bfqu\u00e9 he logrado mejorar este mes?, \u00bfqu\u00e9 quiero mejorar en este?<\/p>\n\n\n\n<p class=\"wp-block-paragraph\"><br>Para Ania Mirabal Patterson, una de las autoras de la propuesta metodol\u00f3gica, entre los retos para avanzar hacia masculinidades no hegem\u00f3nicas est\u00e1n establecer alianzas y conexiones con otras plataformas, activistas y proyectos que trabajan&nbsp;<a href=\"https:\/\/www.redsemlac-cuba.net\/redsemlac\/sociedad-y-cultura\/la-nota-nuevas-masculinidades-un-camino-posible-podcast\/\" target=\"_blank\" rel=\"noreferrer noopener\">las nuevas masculinidades<\/a>, acceder a grupos como las primeras infancias y poder replicar las experiencias de estos dos a\u00f1os a partir de hombres y mujeres formados en estos espacios.<\/p>\n\n\n\n<p class=\"wp-block-paragraph\">SEM-SEMlac\/lic<\/p>\n","protected":false},"excerpt":{"rendered":"<p>Leyanis Infante Curbelo SemM\u00e9xico\/SEMlac, La Habana, Cuba, 2 de diciembre, 2024.- Construir una nueva propuesta de masculinidades, donde los hombres se reconozcan como sujetos de violencia y puedan cambiar los designios patriarcales que los colocan en esta posici\u00f3n, a partir de una perspectiva feminista e interdisciplinar, es el principio que gu\u00eda al proyecto \u00abPropuesta metodol\u00f3gica [&hellip;]<\/p>\n","protected":false},"author":3,"featured_media":90506,"comment_status":"open","ping_status":"open","sticky":false,"template":"","format":"standard","meta":{"_monsterinsights_skip_tracking":false,"footnotes":""},"categories":[53],"tags":[],"class_list":["post-90505","post","type-post","status-publish","format-standard","has-post-thumbnail","category-internacional"],"_links":{"self":[{"href":"https:\/\/redsemlac.com\/semmexico\/wp-json\/wp\/v2\/posts\/90505","targetHints":{"allow":["GET"]}}],"collection":[{"href":"https:\/\/redsemlac.com\/semmexico\/wp-json\/wp\/v2\/posts"}],"about":[{"href":"https:\/\/redsemlac.com\/semmexico\/wp-json\/wp\/v2\/types\/post"}],"author":[{"embeddable":true,"href":"https:\/\/redsemlac.com\/semmexico\/wp-json\/wp\/v2\/users\/3"}],"replies":[{"embeddable":true,"href":"https:\/\/redsemlac.com\/semmexico\/wp-json\/wp\/v2\/comments?post=90505"}],"version-history":[{"count":0,"href":"https:\/\/redsemlac.com\/semmexico\/wp-json\/wp\/v2\/posts\/90505\/revisions"}],"wp:featuredmedia":[{"embeddable":true,"href":"https:\/\/redsemlac.com\/semmexico\/wp-json\/wp\/v2\/media\/90506"}],"wp:attachment":[{"href":"https:\/\/redsemlac.com\/semmexico\/wp-json\/wp\/v2\/media?parent=90505"}],"wp:term":[{"taxonomy":"category","embeddable":true,"href":"https:\/\/redsemlac.com\/semmexico\/wp-json\/wp\/v2\/categories?post=90505"},{"taxonomy":"post_tag","embeddable":true,"href":"https:\/\/redsemlac.com\/semmexico\/wp-json\/wp\/v2\/tags?post=90505"}],"curies":[{"name":"wp","href":"https:\/\/api.w.org\/{rel}","templated":true}]}}