{"id":90495,"date":"2024-12-02T19:42:47","date_gmt":"2024-12-03T01:42:47","guid":{"rendered":"https:\/\/redsemlac.com\/semmexico\/?p=90495"},"modified":"2024-12-02T19:43:03","modified_gmt":"2024-12-03T01:43:03","slug":"amparan-magistrados-a-feminicida-prolongan-nuestra-tortura-dice-mama-de-fatima-varinia","status":"publish","type":"post","link":"https:\/\/redsemlac.com\/semmexico\/amparan-magistrados-a-feminicida-prolongan-nuestra-tortura-dice-mama-de-fatima-varinia\/","title":{"rendered":"Amparan magistrados a feminicida, prolongan nuestra tortura, dice mam\u00e1 de F\u00e1tima Varinia"},"content":{"rendered":"\n<ul class=\"wp-block-list\">\n<li>Dos de tres magistrados que ampararon al feminicida se jubilaron al d\u00eda siguiente<\/li>\n\n\n\n<li>10 a\u00f1os del feminicidio y un proceso judicial que no termina<\/li>\n<\/ul>\n\n\n\n<p class=\"wp-block-paragraph\">Soledad Jarqu\u00edn Edgar<\/p>\n\n\n\n<p class=\"wp-block-paragraph\">SemM\u00e9xico, Cd. de M\u00e9xico, 2 de diciembre, 2024.- Tres magistrados del Primer Tribunal Colegiado en Materia Penal del Segundo Circuito (Toluca) decidieron amparar a Jos\u00e9 Juan Hern\u00e1ndez Tecruce\u00f1o, uno de los tres feminicidas de F\u00e1tima Varinia, menor contra quien tambi\u00e9n cometieron tortura sexual en febrero de 2015.<\/p>\n\n\n\n<p class=\"wp-block-paragraph\">La resoluci\u00f3n consiste en que se deber\u00e1 explicar al inculpado \u00bfPor qu\u00e9 de la prisi\u00f3n vitalicia? Y fue otorgada por el magistrado presidente Rub\u00e9n Arturo S\u00e1nchez Valencia, as\u00ed como los magistrados Jos\u00e9 Pablo P\u00e9rez Villalba y Jorge Mario Montellano Iturralde.<\/p>\n\n\n\n<p class=\"wp-block-paragraph\">Los dos primeros jueces federales determinaron \u201cprolongar la tortura para mi y mi esposo el pasado jueves y el viernes se jubilaron\u201d, explica v\u00eda telef\u00f3nica y con indignaci\u00f3n Lorena Guti\u00e9rrez Rangel al salir de una reuni\u00f3n con personal del Poder Judicial del Estado de M\u00e9xico acompa\u00f1ada del padre de F\u00e1tima, Jes\u00fas Quintana.<\/p>\n\n\n\n<p class=\"wp-block-paragraph\">S\u00e9 que al menos no est\u00e1 libre como Hern\u00e1ndez Tecruce\u00f1o lo solicit\u00f3 en su amparo, alegando que se hab\u00eda violado del debido proceso, pero de nueva cuenta volveremos a las audiencias y cumpliremos 10 a\u00f1os de esta tortura, plantea Guti\u00e9rrez Rangel.<\/p>\n\n\n\n<p class=\"wp-block-paragraph\">Despu\u00e9s de conocer la noticia, el pasado s\u00e1bado mientras se encontraba en otra audiencia en la ciudad de Monterrey, Nuevo Le\u00f3n, por el asesinato de su hijo menor Daniel, como resultado de una negligencia m\u00e9dica ocurrida en 2020, iniciaron de nueva cuenta las amenazas de parte de la familia del inculpado:<\/p>\n\n\n\n<p class=\"wp-block-paragraph\">\u201cYa viste perra sigues t\u00fa\u201d, dec\u00eda el mensaje que v\u00eda WhatsApp lleg\u00f3 a su n\u00famero telef\u00f3nico y que despu\u00e9s borraron, pero ella alcanz\u00f3 a hacer una captura de pantalla y enter\u00f3 de ese hecho a la fiscal Dilcya Samantha Garc\u00eda Espinoza de los Monteros.<\/p>\n\n\n\n<p class=\"wp-block-paragraph\">\u00a1Ya estoy harta!, para nosotros la tortura no termina. No es justo, reitera ante lo que ve como incomprensible: tener que explicarle a ese se\u00f1or por qu\u00e9 le dieron prisi\u00f3n vitalicia.<\/p>\n\n\n\n<p class=\"wp-block-paragraph\">La defensora Lorena Guti\u00e9rrez Rangel explica el calvario judicial que ha vivido por casi 10 a\u00f1os no habr\u00eda ocurrido si los tres implicados -uno de ellos en libertad- no hubieran decidido quitarle la vida a su hija F\u00e1tima Varinia de 12 a\u00f1os, el 5 de febrero de 2015.<\/p>\n\n\n\n<p class=\"wp-block-paragraph\">Cinco a\u00f1os despu\u00e9s, Daniel, hermano menor de F\u00e1tima Varinia, muri\u00f3 a consecuencia de una \u201cnegligencia m\u00e9dica, fue un asesinato, ahora lo tengo claro y los feminicidas me est\u00e1n haciendo pagar una sentencia a la par que ellos, porque si no hubieran asesinado a F\u00e1tima mis hijos estuvieran vivos, lo que le sucedi\u00f3 a Daniel es efecto del asesinato de F\u00e1tima, porque Daniel enfrentaba un malestar derivado del impacto que le ocasion\u00f3 la terrible noticia, cuando los dos (\u00e9l y su madre) encontramos el peque\u00f1o cuerpo de F\u00e1tima semienterrado.<\/p>\n\n\n\n<p class=\"wp-block-paragraph\">\u201c\u00bfQuiere que les expliquen por que le dieron prisi\u00f3n vitalicia? Pregunta Lorena Guti\u00e9rrez, \u00bfacaso no sabe lo que le hicieron a mi ni\u00f1a? Fue desaparecida, abusada sexualmente en superioridad num\u00e9rica, empalada y asesinada\u201d.<\/p>\n\n\n\n<p class=\"wp-block-paragraph\">Sus palabras resuenan llenas de dolor y sostiene que lo que han hecho los magistrados, dos de ellos ya jubilados, \u201ces perverso porque lo \u00fanico que hacen es revictimizar a la familia, ocasionar da\u00f1o psicol\u00f3gico y emocional, son infames, no entiende todav\u00eda c\u00f3mo se atrevieron a tomar esa determinaci\u00f3n\u201d.<\/p>\n\n\n\n<p class=\"wp-block-paragraph\">\u201cHemos vivido ese dolor profundo, del alma, durante casi 10 y se suman otros cuatro por el asesinato de Daniel en cuatro cl\u00ednicas de Nuevo Le\u00f3n, donde la negligente actuaci\u00f3n de personal m\u00e9dico ocasion\u00f3 el da\u00f1o irreversible que le provoc\u00f3 su muerte, lo asesinaron\u201d.<\/p>\n\n\n\n<p class=\"wp-block-paragraph\">Lorena Rangel explica que esta resoluci\u00f3n no debi\u00f3 ocurrir, porque Jos\u00e9 Juan Hern\u00e1ndez Tecruce\u00f1o sabe lo que hizo y as\u00ed est\u00e1 asentado en la sentencia que recibi\u00f3 en 2021, donde el juez que presidi\u00f3 el tribunal de enjuiciamiento el dijo que \u201csi hubiera una pena m\u00e1s alta se la habr\u00eda otorgado\u201d, incluso recuerda en aquella ocasi\u00f3n el juez tambi\u00e9n cuestion\u00f3 a los defensores por prestar sus servicios profesionales a criminales como Hern\u00e1ndez Tecruce\u00f1o.<\/p>\n\n\n\n<p class=\"wp-block-paragraph\">Sin embargo, sostiene que no es de extra\u00f1arse, porque el magistrado S\u00e1nchez Valencia conoci\u00f3 del caso cuando tambi\u00e9n se repuso la sentencia, en 2018, tras su reaprehensi\u00f3n, luego de que la jueza Janet Pati\u00f1o Garc\u00eda le otorg\u00f3 la libertad en 2017.<\/p>\n\n\n\n<p class=\"wp-block-paragraph\">Ha sido un proceso tortuoso y como familia pagamos la sentencia junto con los responsables del feminicidio de mi hija.<\/p>\n\n\n\n<p class=\"wp-block-paragraph\">SEM\/sj<\/p>\n\n\n\n<p class=\"wp-block-paragraph\"><\/p>\n","protected":false},"excerpt":{"rendered":"<p>Soledad Jarqu\u00edn Edgar SemM\u00e9xico, Cd. de M\u00e9xico, 2 de diciembre, 2024.- Tres magistrados del Primer Tribunal Colegiado en Materia Penal del Segundo Circuito (Toluca) decidieron amparar a Jos\u00e9 Juan Hern\u00e1ndez Tecruce\u00f1o, uno de los tres feminicidas de F\u00e1tima Varinia, menor contra quien tambi\u00e9n cometieron tortura sexual en febrero de 2015. La resoluci\u00f3n consiste en que [&hellip;]<\/p>\n","protected":false},"author":3,"featured_media":90496,"comment_status":"open","ping_status":"open","sticky":false,"template":"","format":"standard","meta":{"_monsterinsights_skip_tracking":false,"footnotes":""},"categories":[694],"tags":[],"class_list":["post-90495","post","type-post","status-publish","format-standard","has-post-thumbnail","category-destacadas"],"_links":{"self":[{"href":"https:\/\/redsemlac.com\/semmexico\/wp-json\/wp\/v2\/posts\/90495","targetHints":{"allow":["GET"]}}],"collection":[{"href":"https:\/\/redsemlac.com\/semmexico\/wp-json\/wp\/v2\/posts"}],"about":[{"href":"https:\/\/redsemlac.com\/semmexico\/wp-json\/wp\/v2\/types\/post"}],"author":[{"embeddable":true,"href":"https:\/\/redsemlac.com\/semmexico\/wp-json\/wp\/v2\/users\/3"}],"replies":[{"embeddable":true,"href":"https:\/\/redsemlac.com\/semmexico\/wp-json\/wp\/v2\/comments?post=90495"}],"version-history":[{"count":0,"href":"https:\/\/redsemlac.com\/semmexico\/wp-json\/wp\/v2\/posts\/90495\/revisions"}],"wp:featuredmedia":[{"embeddable":true,"href":"https:\/\/redsemlac.com\/semmexico\/wp-json\/wp\/v2\/media\/90496"}],"wp:attachment":[{"href":"https:\/\/redsemlac.com\/semmexico\/wp-json\/wp\/v2\/media?parent=90495"}],"wp:term":[{"taxonomy":"category","embeddable":true,"href":"https:\/\/redsemlac.com\/semmexico\/wp-json\/wp\/v2\/categories?post=90495"},{"taxonomy":"post_tag","embeddable":true,"href":"https:\/\/redsemlac.com\/semmexico\/wp-json\/wp\/v2\/tags?post=90495"}],"curies":[{"name":"wp","href":"https:\/\/api.w.org\/{rel}","templated":true}]}}