{"id":90453,"date":"2024-12-02T12:45:52","date_gmt":"2024-12-02T18:45:52","guid":{"rendered":"https:\/\/redsemlac.com\/semmexico\/?p=90453"},"modified":"2024-12-02T12:45:53","modified_gmt":"2024-12-02T18:45:53","slug":"catedra-unesco-un-proyecto-consolidado-en-la-unam","status":"publish","type":"post","link":"https:\/\/redsemlac.com\/semmexico\/catedra-unesco-un-proyecto-consolidado-en-la-unam\/","title":{"rendered":"C\u00e1tedra UNESCO, un proyecto consolidado en la UNAM"},"content":{"rendered":"\n<ul class=\"wp-block-list\">\n<li>La UNAM fue sede del II Simposio Internacional de la C\u00e1tedra UNESCO en Diplomacia y Patrimonio de la Ciencia<\/li>\n\n\n\n<li>Uno de los resultados es el posible descubrimiento del libro de microscop\u00eda m\u00e1s antiguo de las am\u00e9ricas<\/li>\n<\/ul>\n\n\n\n<p class=\"wp-block-paragraph\">Redacci\u00f3n<\/p>\n\n\n\n<p class=\"wp-block-paragraph\">SemM\u00e9xico, Cd. de M\u00e9xico, 2 de diciembre, 2024.- En el Instituto de Investigaciones Bibliogr\u00e1ficas (IIB) de la UNAM se coincide con la C\u00e1tedra UNESCO en la visi\u00f3n cr\u00edtica de la diplomacia de la ciencia desde los pa\u00edses del sur, mediante la valoraci\u00f3n de sus epistemolog\u00edas e identidades, dijo la directora de esa entidad acad\u00e9mica, Mar\u00eda Andrea Giovine Y\u00e1\u00f1ez.<\/p>\n\n\n\n<p class=\"wp-block-paragraph\">\u201cNo olvidemos que la diplomacia forja, y forjada sobre los valores de la ciencia es, precisamente, la creadora de la dupla ciencia-sociedad a partir de las grandes encrucijadas de la historia\u201d, a\u00f1adi\u00f3.<\/p>\n\n\n\n<p class=\"wp-block-paragraph\">La UNAM, a trav\u00e9s del IIB y la Facultad de Ciencias (FC), en colaboraci\u00f3n con la Universidad de Sharjah, de los Emiratos \u00c1rabes Unidos, realiz\u00f3 el II Simposio Internacional de la C\u00e1tedra UNESCO en Diplomacia y Patrimonio de la Ciencia. Legado Cient\u00edfico, Patrimonio de los Pueblos.<\/p>\n\n\n\n<p class=\"wp-block-paragraph\">En la ceremonia inaugural -presidida por el embajador de los Emiratos \u00c1rabes Unidos en M\u00e9xico, Salem RashedAlowais- Giovine Y\u00e1\u00f1ez destac\u00f3:<\/p>\n\n\n\n<p class=\"wp-block-paragraph\">En el Instituto \u201cencontrar\u00e1n la veta del conocimiento in\u00e9dito para entender a M\u00e9xico a trav\u00e9s de su patrimonio cient\u00edfico, tanto el propio como aquel que a trav\u00e9s de la diplomacia cient\u00edfica lleg\u00f3 de otras latitudes\u201d.<\/p>\n\n\n\n<p class=\"wp-block-paragraph\">Ejemplo de ello es \u201cla existencia de manuscritos \u00e1rabes del siglo XVIII en nuestros acervos, evidencia de que el conocimiento no conoci\u00f3 ni reconoci\u00f3 fronteras y encontr\u00f3 las formas de cruzarlas a trav\u00e9s de rutas que todav\u00eda estamos en proceso de entender, como parte de aquello que llamamos cultura\u201d, apunt\u00f3.<\/p>\n\n\n\n<p class=\"wp-block-paragraph\">En el auditorio Jos\u00e9 Mar\u00eda Vigil, de la Biblioteca Nacional de M\u00e9xico (BNM), expuso: ante un universo tan basto celebramos que este Simposio presenta resultados in\u00e9ditos de investigaci\u00f3n como parte de las colaboraciones realizadas con el personal de la BNM, \u201ccomo el posible descubrimiento del libro de microscop\u00eda m\u00e1s antiguo de las am\u00e9ricas\u201d.<\/p>\n\n\n\n<p class=\"wp-block-paragraph\">A partir de una sinergia natural entre la C\u00e1tedra y la Biblioteca \u201ctrabajamos con la Universidad de Sharjah y la Facultad de Ciencias de la UNAM en el dise\u00f1o de programas conjuntos de posgrado alrededor de la diplomacia y el patrimonio de la ciencia\u201d, abund\u00f3&nbsp;ante Julio Solano Gonz\u00e1lez, director de la Unidad Coordinadora de Sedes en el Extranjero, de la Coordinaci\u00f3n de Relaciones y Asuntos Internacionales de la UNAM; y Mesut Idriz, presidente de la Fundaci\u00f3n Internacional para la Historia de las Ciencias en el Islam, de la Universidad de Sharjah.<\/p>\n\n\n\n<p class=\"wp-block-paragraph\"><strong>Construir una visi\u00f3n contempor\u00e1nea<\/strong><\/p>\n\n\n\n<p class=\"wp-block-paragraph\">Ana Mar\u00eda Cetto Kramis, titular de la C\u00e1tedra UNESCO de Diplomacia y Patrimonio de la Ciencia de la UNAM, se\u00f1al\u00f3: durante cinco siglos la transferencia de conocimientos, tradicionalmente dominantes de norte a sur, ha moldeado una visi\u00f3n hegem\u00f3nica de la producci\u00f3n del saber y, en gran medida, ha borrado de los anales de la ciencia nuestra identidad como pensadores, inventores y fil\u00f3sofos, pero nuestro pasado sigue ah\u00ed.<\/p>\n\n\n\n<p class=\"wp-block-paragraph\">La tambi\u00e9n acad\u00e9mica de la FC precis\u00f3 que el inter\u00e9s com\u00fan radica en construir una visi\u00f3n contempor\u00e1nea e informada de la historia de la ciencia llamando a la diplomacia cient\u00edfica a unirse y a apoyarnos en este esfuerzo, en el que el pensamiento cr\u00edtico, constructivo y el trabajo acad\u00e9mico son clave.<\/p>\n\n\n\n<p class=\"wp-block-paragraph\">Con instituciones cient\u00edficas y human\u00edsticas tan bien desarrolladas, \u201cverdaderos reservorios de sabidur\u00eda y crisoles de conocimiento, como la UNAM y la Universidad de Sharjah, tenemos la madurez para idear nuestras propias iniciativas, compartirlas y llevarlas adelante con \u00e9xito\u201d, algo que han demostrado al mundo, puntualiz\u00f3 Cetto Kramis.<\/p>\n\n\n\n<p class=\"wp-block-paragraph\">Mencion\u00f3 que en la C\u00e1tedra UNESCO abogan por un mundo donde -parafraseando las recomendaciones del organismo internacional sobre ciencia abierta- nadie se quede atr\u00e1s en t\u00e9rminos de acceso a la ciencia y sus beneficios, y tambi\u00e9n a la posibilidad de crear conocimiento.<\/p>\n\n\n\n<p class=\"wp-block-paragraph\">Adem\u00e1s, a ambas universidades las une una visi\u00f3n de humanidad conectada por el conocimiento y los valores que comparten, los cuales son m\u00e1s grandes que la distancia que nos separa, como afirm\u00f3 el escritor mexicano Carlos Fuentes en su ensayo el&nbsp;<em>Espejo enterrado<\/em>.<\/p>\n\n\n\n<p class=\"wp-block-paragraph\">En tanto, el director de la FC, V\u00edctor Manuel Vel\u00e1zquez, rememor\u00f3 que a dos a\u00f1os de haberse suscrito en la UNAM la C\u00e1tedra UNESCO es, hoy en d\u00eda, un proyecto consolidado, activo y vigente. Esta tiene la necesidad de proveer una visi\u00f3n cr\u00edtica sobre la relaci\u00f3n entre la ciencia y las relaciones internacionales. Son temas que se discuten poco, pero a los cuales no podemos ser ajenos.<\/p>\n\n\n\n<p class=\"wp-block-paragraph\">El papel del cient\u00edfico en la sociedad debe orientarse a los m\u00e1s altos valores \u00e9ticos, sobre todo si a partir de la ciencia se puede contribuir a la soluci\u00f3n de problemas humanitarios como cambio clim\u00e1tico, salud y educaci\u00f3n, subray\u00f3.<\/p>\n\n\n\n<p class=\"wp-block-paragraph\">Como parte de la C\u00e1tedra, hace dos semestres se estableci\u00f3 en la FC el curso transversal Introducci\u00f3n Cr\u00edtica a la Diplomacia de la Ciencia, impartido por los profesores de la Facultad, Ana Mar\u00eda Cetto,&nbsp;<a href=\"https:\/\/www.fciencias.unam.mx\/directorio\/113215\" target=\"_blank\" rel=\"noreferrer noopener\">Yudy Liliana Tibaduiza Roa<\/a>&nbsp;y&nbsp;<a href=\"https:\/\/www.fciencias.unam.mx\/directorio\/72695\" target=\"_blank\" rel=\"noreferrer noopener\">Parsifal Fidelio Islas Morales<\/a>.<\/p>\n\n\n\n<p class=\"wp-block-paragraph\">Se trata de una actividad acad\u00e9mica pionera en Latinoam\u00e9rica porque rompe las barreras de acceso a la formaci\u00f3n en diplomacia de la ciencia, espacio hist\u00f3ricamente reservado a las \u00e9lites desde las academias diplom\u00e1ticas, que por primera vez se ofrece de manera gratuita en una universidad p\u00fablica.<\/p>\n\n\n\n<p class=\"wp-block-paragraph\">En la actualidad, la FC y el IIB trabajan, desde la C\u00e1tedra UNESCO, para desarrollar, junto con la Universidad de Sharjah, programas que apuntalen la presencia de la UNAM en Medio Oriente.<\/p>\n\n\n\n<p class=\"wp-block-paragraph\">\u2014o0o\u2014<\/p>\n\n\n\n<figure class=\"wp-block-table\"><table class=\"has-fixed-layout\"><tbody><tr><td><a><\/a><a><\/a>Conoce m\u00e1s de la<strong>&nbsp;Universidad Nacional,&nbsp;<\/strong>visita<strong>:&nbsp;<\/strong><a href=\"http:\/\/www.dgcs.unam.mx\/\" target=\"_blank\" rel=\"noreferrer noopener\"><strong><em>www.dgcs.unam.mx<\/em><\/strong><\/a> <a href=\"http:\/\/www.unamglobal.unam.mx\/\" target=\"_blank\" rel=\"noreferrer noopener\"><strong><em>www.unamglobal.unam.mx<\/em><\/strong><\/a> <strong>&nbsp;<\/strong> o sigue en Twitter a:&nbsp;<a href=\"https:\/\/twitter.com\/SalaPrensaUNAM?original_referer=http%3A\/www.dgcs.unam.mx\/&amp;profile_id=2434557408&amp;tw_i=602917707252531200&amp;tw_p=embeddedtimeline&amp;tw_w=479759932309254145\" target=\"_blank\" rel=\"noreferrer noopener\">@<strong>SalaPrensaUNAM<\/strong><\/a> y&nbsp;<a href=\"https:\/\/twitter.com\/Gaceta_UNAM\" target=\"_blank\" rel=\"noreferrer noopener\"><strong>@Gaceta_UNAM<\/strong><\/a><\/td><td><\/td><td><\/td><td><\/td><\/tr><\/tbody><\/table><\/figure>\n","protected":false},"excerpt":{"rendered":"<p>Redacci\u00f3n SemM\u00e9xico, Cd. de M\u00e9xico, 2 de diciembre, 2024.- En el Instituto de Investigaciones Bibliogr\u00e1ficas (IIB) de la UNAM se coincide con la C\u00e1tedra UNESCO en la visi\u00f3n cr\u00edtica de la diplomacia de la ciencia desde los pa\u00edses del sur, mediante la valoraci\u00f3n de sus epistemolog\u00edas e identidades, dijo la directora de esa entidad acad\u00e9mica, [&hellip;]<\/p>\n","protected":false},"author":3,"featured_media":90454,"comment_status":"open","ping_status":"open","sticky":false,"template":"","format":"standard","meta":{"_monsterinsights_skip_tracking":false,"footnotes":""},"categories":[45,46],"tags":[],"class_list":["post-90453","post","type-post","status-publish","format-standard","has-post-thumbnail","category-cultura","category-cultura-cultura"],"_links":{"self":[{"href":"https:\/\/redsemlac.com\/semmexico\/wp-json\/wp\/v2\/posts\/90453","targetHints":{"allow":["GET"]}}],"collection":[{"href":"https:\/\/redsemlac.com\/semmexico\/wp-json\/wp\/v2\/posts"}],"about":[{"href":"https:\/\/redsemlac.com\/semmexico\/wp-json\/wp\/v2\/types\/post"}],"author":[{"embeddable":true,"href":"https:\/\/redsemlac.com\/semmexico\/wp-json\/wp\/v2\/users\/3"}],"replies":[{"embeddable":true,"href":"https:\/\/redsemlac.com\/semmexico\/wp-json\/wp\/v2\/comments?post=90453"}],"version-history":[{"count":0,"href":"https:\/\/redsemlac.com\/semmexico\/wp-json\/wp\/v2\/posts\/90453\/revisions"}],"wp:featuredmedia":[{"embeddable":true,"href":"https:\/\/redsemlac.com\/semmexico\/wp-json\/wp\/v2\/media\/90454"}],"wp:attachment":[{"href":"https:\/\/redsemlac.com\/semmexico\/wp-json\/wp\/v2\/media?parent=90453"}],"wp:term":[{"taxonomy":"category","embeddable":true,"href":"https:\/\/redsemlac.com\/semmexico\/wp-json\/wp\/v2\/categories?post=90453"},{"taxonomy":"post_tag","embeddable":true,"href":"https:\/\/redsemlac.com\/semmexico\/wp-json\/wp\/v2\/tags?post=90453"}],"curies":[{"name":"wp","href":"https:\/\/api.w.org\/{rel}","templated":true}]}}