{"id":90443,"date":"2024-12-02T12:32:25","date_gmt":"2024-12-02T18:32:25","guid":{"rendered":"https:\/\/redsemlac.com\/semmexico\/?p=90443"},"modified":"2024-12-02T12:32:26","modified_gmt":"2024-12-02T18:32:26","slug":"3-de-diciembre-dia-mundial-del-envejecimiento-que-en-america-latina-obliga-a-los-gobiernos-a-pensar-en-cuidados-a-largo-plazo-y-la-situacion-de-las-mujeres-cepal","status":"publish","type":"post","link":"https:\/\/redsemlac.com\/semmexico\/3-de-diciembre-dia-mundial-del-envejecimiento-que-en-america-latina-obliga-a-los-gobiernos-a-pensar-en-cuidados-a-largo-plazo-y-la-situacion-de-las-mujeres-cepal\/","title":{"rendered":"3 de diciembre d\u00eda mundial del envejecimiento que en Am\u00e9rica Latina obliga a los gobiernos a pensar en cuidados a largo plazo y la situaci\u00f3n de las mujeres: CEPAL"},"content":{"rendered":"\n<p class=\"wp-block-paragraph\">Elda Montiel<\/p>\n\n\n\n<p class=\"wp-block-paragraph\">SemM\u00e9xico, &nbsp;Ciudad de M\u00e9xico, &nbsp;2 &nbsp;de diciembre, &nbsp;2024.- En el contexto de&nbsp; un envejecimiento poblacional acelerado en Am\u00e9rica Latina&nbsp; y el Caribe la demanda de servicios a largo plazo plantea a los gobiernos enormes desaf\u00edos en materia de pol\u00edticas p\u00fablicas, poniendo en el centro en la situaci\u00f3n de las mujeres.<\/p>\n\n\n\n<p class=\"wp-block-paragraph\">Son las mujeres quienes &nbsp;absorben la carga de cuidados de la infancia y las personas mayores, advirti\u00f3 el secretario ejecutivo de la&nbsp; Comisi\u00f3n Econ\u00f3mica para Am\u00e9rica Latina y el Caribe (CEPAL).CEPAL, Jos\u00e9 Manuel Salazar Xirinachs.&nbsp;<\/p>\n\n\n\n<p class=\"wp-block-paragraph\">Desde la CEPAL se hizo un llamado a&nbsp; promover el envejecimiento saludable de la poblaci\u00f3n y ofrecer a todos, especialmente a los grupos de menor ingreso, acceso a sistemas de salud y protecci\u00f3n social que reduzcan el impacto de la mayor demanda de cuidados sobre las familias.<\/p>\n\n\n\n<p class=\"wp-block-paragraph\">En el \u201cLanzamiento del Observatorio Demogr\u00e1fico 2024\u201d de la CEPAL se da a a conocer que en 2024 la poblaci\u00f3n de Am\u00e9rica Latina y el Caribe alcanz\u00f3 los 663 millones de personas, un 3,8% menos de lo que se hab\u00eda previsto en el a\u00f1o 2000, lo que ha significado un aumento en la edad mediana de la poblaci\u00f3n a 31 a\u00f1os.<\/p>\n\n\n\n<p class=\"wp-block-paragraph\">&nbsp;La natalidad se ha reducido m\u00e1s r\u00e1pidamente de lo esperado a comienzos de siglo y no se preve\u00eda el aumento de la mortalidad por COVID-19 o el incremento de los movimientos migratorios.&nbsp;<\/p>\n\n\n\n<p class=\"wp-block-paragraph\">El cambio de la estructura por edades de la poblaci\u00f3n y la ca\u00edda persistente de la fecundidad hacia niveles inferiores a los de reemplazo plantean desaf\u00edos que se suman a los ya existentes en Am\u00e9rica Latina y el Caribe en materia de desigualdad socioecon\u00f3mica y de acceso a bienes y servicios del Estado.<\/p>\n\n\n\n<p class=\"wp-block-paragraph\">El envejecimiento incide en todos los \u00e1mbitos de la pol\u00edtica p\u00fablica y, sobre todo, conlleva un aumento de la demanda de servicios de cuidados de largo plazo,&nbsp; en particular a las personas de 80 a\u00f1os que demandan mayores cuidados.<\/p>\n\n\n\n<p class=\"wp-block-paragraph\"><strong><em>En 25 a\u00f1os la poblaci\u00f3n mayor ser\u00e1 el doble que hoy<\/em><\/strong><\/p>\n\n\n\n<p class=\"wp-block-paragraph\">Se prev\u00e9 que, en 2050, cerca del 18,9% de la poblaci\u00f3n regional estar\u00e1 integrada por personas mayores de 65 a\u00f1os, aproximadamente el doble de la proporci\u00f3n que se observa en 2024 (9,9%). Esto significa un aumento desde los 65,4 millones de personas mayores de 65 a\u00f1os en 2024 a un estimado de 138,0 millones en 2050.<\/p>\n\n\n\n<p class=\"wp-block-paragraph\">En general, las mujeres son las que asumen la carga de los cuidados, lo que muchas veces implica su salida de la fuerza de trabajo, aunque la ca\u00edda de la fecundidad conlleve una reducci\u00f3n de la necesidad de cuidar a ni\u00f1as y ni\u00f1os, el aumento relativo de la poblaci\u00f3n de 65 a\u00f1os o m\u00e1s (y sobre todo de 80 a\u00f1os o m\u00e1s) puede conducir a que quienes cuidan deban afrontar una mayor carga de cuidados en el futuro si no se presentan soluciones que permitan satisfacer la demanda.<\/p>\n\n\n\n<p class=\"wp-block-paragraph\">La demanda de cuidados var\u00eda entre los distintos pa\u00edses de la regi\u00f3n y&nbsp; lo mismo ocurre con el modo en que esa demanda ha evolucionado desde 1950 hasta 2024 y con el modo en que se prev\u00e9 que evolucionar\u00e1 hacia el futuro. Por ejemplo, se observa que en los pa\u00edses donde el envejecimiento ha sido m\u00e1s acelerado, como Chile, Costa Rica y Cuba, la carga de cuidado ya ha aumentado de forma considerable en la d\u00e9cada actual. Ese aumento puede ser preocupante en el futuro, ya que la din\u00e1mica de inserci\u00f3n laboral de las mujeres ha cambiado de manera significativa y es dif\u00edcil, y para nada deseable, que las mujeres de hoy en d\u00eda asuman cargas de trabajo similares o superiores a las que asum\u00edan las mujeres del pasado.<\/p>\n\n\n\n<p class=\"wp-block-paragraph\"><strong><em>Menor ritmo de crecimiento de la fuerza de trabajo<\/em><\/strong><em><\/em><\/p>\n\n\n\n<p class=\"wp-block-paragraph\">Por otra parte, estimaciones para el per\u00edodo 1980-2023 reflejan un aumento de la cantidad total de personas en la fuerza de trabajo en Am\u00e9rica Latina, sobre todo en las \u00e1reas urbanas. Las proyecciones para el per\u00edodo 2024-2050 indican, adem\u00e1s, que este aumento continuar\u00e1 en los a\u00f1os venideros, si bien con un menor ritmo de crecimiento.<\/p>\n\n\n\n<p class=\"wp-block-paragraph\">Seg\u00fan el Observatorio Demogr\u00e1fico, en 2024 hay cerca de 332 millones de personas en la fuerza de trabajo de Am\u00e9rica Latina, y cerca de 274 millones se encuentran en las \u00e1reas urbanas. La fuerza de trabajo urbana seguir\u00e1 aumentando hacia 2050, cuando ascender\u00e1 a 337 millones de personas, de un total de 395 millones. En la misma l\u00ednea, se prev\u00e9 que el crecimiento de la fuerza de trabajo rural se estanque, lo que ya se observ\u00f3 en la \u00faltima d\u00e9cada.<\/p>\n\n\n\n<p class=\"wp-block-paragraph\">La acelerada transici\u00f3n demogr\u00e1fica ha provocado grandes cambios en la estructura por edades de la poblaci\u00f3n de la regi\u00f3n. En 1950, alrededor del 41% de la poblaci\u00f3n ten\u00eda menos de 15 a\u00f1os; hoy en d\u00eda, esa proporci\u00f3n se ha reducido al 22,5%. Al mismo tiempo, la poblaci\u00f3n adulta de entre 15 y 64 a\u00f1os pas\u00f3 de constituir el 55,6% del total de la poblaci\u00f3n en 1950 a representar el 67,6% en 2024.<\/p>\n","protected":false},"excerpt":{"rendered":"<p>Elda Montiel SemM\u00e9xico, &nbsp;Ciudad de M\u00e9xico, &nbsp;2 &nbsp;de diciembre, &nbsp;2024.- En el contexto de&nbsp; un envejecimiento poblacional acelerado en Am\u00e9rica Latina&nbsp; y el Caribe la demanda de servicios a largo plazo plantea a los gobiernos enormes desaf\u00edos en materia de pol\u00edticas p\u00fablicas, poniendo en el centro en la situaci\u00f3n de las mujeres. Son las mujeres [&hellip;]<\/p>\n","protected":false},"author":3,"featured_media":90444,"comment_status":"open","ping_status":"open","sticky":false,"template":"","format":"standard","meta":{"_monsterinsights_skip_tracking":false,"footnotes":""},"categories":[27],"tags":[],"class_list":["post-90443","post","type-post","status-publish","format-standard","has-post-thumbnail","category-cobertura-especial"],"_links":{"self":[{"href":"https:\/\/redsemlac.com\/semmexico\/wp-json\/wp\/v2\/posts\/90443","targetHints":{"allow":["GET"]}}],"collection":[{"href":"https:\/\/redsemlac.com\/semmexico\/wp-json\/wp\/v2\/posts"}],"about":[{"href":"https:\/\/redsemlac.com\/semmexico\/wp-json\/wp\/v2\/types\/post"}],"author":[{"embeddable":true,"href":"https:\/\/redsemlac.com\/semmexico\/wp-json\/wp\/v2\/users\/3"}],"replies":[{"embeddable":true,"href":"https:\/\/redsemlac.com\/semmexico\/wp-json\/wp\/v2\/comments?post=90443"}],"version-history":[{"count":0,"href":"https:\/\/redsemlac.com\/semmexico\/wp-json\/wp\/v2\/posts\/90443\/revisions"}],"wp:featuredmedia":[{"embeddable":true,"href":"https:\/\/redsemlac.com\/semmexico\/wp-json\/wp\/v2\/media\/90444"}],"wp:attachment":[{"href":"https:\/\/redsemlac.com\/semmexico\/wp-json\/wp\/v2\/media?parent=90443"}],"wp:term":[{"taxonomy":"category","embeddable":true,"href":"https:\/\/redsemlac.com\/semmexico\/wp-json\/wp\/v2\/categories?post=90443"},{"taxonomy":"post_tag","embeddable":true,"href":"https:\/\/redsemlac.com\/semmexico\/wp-json\/wp\/v2\/tags?post=90443"}],"curies":[{"name":"wp","href":"https:\/\/api.w.org\/{rel}","templated":true}]}}