{"id":90406,"date":"2024-12-01T16:00:42","date_gmt":"2024-12-01T22:00:42","guid":{"rendered":"https:\/\/redsemlac.com\/semmexico\/?p=90406"},"modified":"2024-12-01T16:00:43","modified_gmt":"2024-12-01T22:00:43","slug":"16-dias-se-ilumina-el-senado-de-rojo-para-concientizar-sobre-la-prevencion-del-sida","status":"publish","type":"post","link":"https:\/\/redsemlac.com\/semmexico\/16-dias-se-ilumina-el-senado-de-rojo-para-concientizar-sobre-la-prevencion-del-sida\/","title":{"rendered":"16 d\u00edas: Se ilumina el Senado de rojo para concientizar sobre la prevenci\u00f3n del Sida"},"content":{"rendered":"\n<p class=\"wp-block-paragraph\">En M\u00e9xico viven 365 mil personas con VIH<\/p>\n\n\n\n<p class=\"wp-block-paragraph\">Micaela M\u00e1rquez, 16 d\u00edas de activismo, 7\u00ba. D\u00eda &nbsp;<\/p>\n\n\n\n<p class=\"wp-block-paragraph\">SemM\u00e9xico. Ciudad de M\u00e9xico. 29 de noviembre 2024.- El Senado de la Rep\u00fablica se ilumino de color rojo, este jueves, con motivo del D\u00eda Internacional de la Lucha contra el SIDA, que se conmemora el 1 de diciembre de cada a\u00f1o, con el fin de concientizar sobre la prevenci\u00f3n, detecci\u00f3n y tratamiento de esta enfermedad.<\/p>\n\n\n\n<p class=\"wp-block-paragraph\">En M\u00e9xico hay 365 mil personas que viven con VIH, de las cuales 250 mil cuentan con tratamiento retroviral. Entre los retos est\u00e1 detectar a quienes son portadores, prevenir nuevos contagios, impartir educaci\u00f3n sexual, as\u00ed como garantizar y continuar con el suministro de los medicamentos asegur\u00f3 Hern\u00e1n Rodrigo Moheno Mendoza, director general de la fundaci\u00f3n M\u00e9xico Vivo.<\/p>\n\n\n\n<p class=\"wp-block-paragraph\">Los senadores Jos\u00e9 Manuel Cruz Castellanos y Emmanuel Reyes Carmona, presidentes de las comisiones de Salud y Econom\u00eda, respectivamente, encabezaron la iluminaci\u00f3n de las instalaciones del Senado expresaron que el objetivo de este acto es \u201ciluminar la conciencia de la poblaci\u00f3n\u201d para eliminar el desprecio contra las personas que viven con este s\u00edndrome, as\u00ed como promover la realizaci\u00f3n de pruebas de detecci\u00f3n y acudir a recibir los tratamientos adecuados.<\/p>\n\n\n\n<p class=\"wp-block-paragraph\">Reyes Carmona consider\u00f3 imprescindible que se disminuya la prevalencia de diabetes, tuberculosis y hepatitis, padecimientos que son las principales causas de muertes de personas portadoras de esa enfermedad.<\/p>\n\n\n\n<p class=\"wp-block-paragraph\">Hizo \u00e9nfasis que el acto es para reflexionar sobre las acciones que se han realizado para prevenir el SIDA y la atenci\u00f3n que se brinda a los pacientes, as\u00ed como para redoblar esfuerzos y garantizar el acceso a tratamientos efectivos y, sobre todo, reglamentados.<\/p>\n\n\n\n<p class=\"wp-block-paragraph\">En el \u00faltimo reporte oficial de la Direcci\u00f3n de Vigilancia Epidemiol\u00f3gica de Enfermedades Transmisibles, se da a conocer en el lapso de 2014 a 2024 se han registrado 161 mil 352 casos de VIH, y que 2024 fue el a\u00f1o que tuvo menos diagn\u00f3sticos.<\/p>\n\n\n\n<p class=\"wp-block-paragraph\">M\u00f3nica Guardo Mart\u00ednez, de la Organizaci\u00f3n Panamericana de la Salud, consider\u00f3 que M\u00e9xico es uno de los pa\u00edses con m\u00e1s capacidades en materia de salud, por lo que es preciso&nbsp; garantizar el acceso a tratamientos como la profilaxis preexposici\u00f3n (PrEP) para cambiar las cifras de esta enfermedad.<\/p>\n\n\n\n<p class=\"wp-block-paragraph\">El D\u00eda Mundial del SIDA se reconoci\u00f3 por primera vez en 1988 para crear conciencia sobre el VIH y honrar las vidas afectadas por el VIH. El D\u00eda Mundial del SIDA sirve como un recordatorio importante para seguir comprometidos con la prevenci\u00f3n de nuevas infecciones por el VIH y la prestaci\u00f3n de servicios esenciales a todas las personas que viven con el VIH en todo el mundo.&nbsp;<\/p>\n\n\n\n<p class=\"wp-block-paragraph\">El tema federal de este a\u00f1o, \u201c<a href=\"https:\/\/www.hiv.gov\/events\/awareness-days\/world-aids-day\">D\u00eda Mundial del SIDA 2024: Acci\u00f3n colectiva: sostener y acelerar el progreso del VIH<\/a>\u201d(en ingl\u00e9s).<\/p>\n","protected":false},"excerpt":{"rendered":"<p>En M\u00e9xico viven 365 mil personas con VIH Micaela M\u00e1rquez, 16 d\u00edas de activismo, 7\u00ba. D\u00eda &nbsp; SemM\u00e9xico. Ciudad de M\u00e9xico. 29 de noviembre 2024.- El Senado de la Rep\u00fablica se ilumino de color rojo, este jueves, con motivo del D\u00eda Internacional de la Lucha contra el SIDA, que se conmemora el 1 de diciembre [&hellip;]<\/p>\n","protected":false},"author":3,"featured_media":90407,"comment_status":"open","ping_status":"open","sticky":false,"template":"","format":"standard","meta":{"_monsterinsights_skip_tracking":false,"footnotes":""},"categories":[28,27],"tags":[],"class_list":["post-90406","post","type-post","status-publish","format-standard","has-post-thumbnail","category-16-dias-de-activismo","category-cobertura-especial"],"_links":{"self":[{"href":"https:\/\/redsemlac.com\/semmexico\/wp-json\/wp\/v2\/posts\/90406","targetHints":{"allow":["GET"]}}],"collection":[{"href":"https:\/\/redsemlac.com\/semmexico\/wp-json\/wp\/v2\/posts"}],"about":[{"href":"https:\/\/redsemlac.com\/semmexico\/wp-json\/wp\/v2\/types\/post"}],"author":[{"embeddable":true,"href":"https:\/\/redsemlac.com\/semmexico\/wp-json\/wp\/v2\/users\/3"}],"replies":[{"embeddable":true,"href":"https:\/\/redsemlac.com\/semmexico\/wp-json\/wp\/v2\/comments?post=90406"}],"version-history":[{"count":0,"href":"https:\/\/redsemlac.com\/semmexico\/wp-json\/wp\/v2\/posts\/90406\/revisions"}],"wp:featuredmedia":[{"embeddable":true,"href":"https:\/\/redsemlac.com\/semmexico\/wp-json\/wp\/v2\/media\/90407"}],"wp:attachment":[{"href":"https:\/\/redsemlac.com\/semmexico\/wp-json\/wp\/v2\/media?parent=90406"}],"wp:term":[{"taxonomy":"category","embeddable":true,"href":"https:\/\/redsemlac.com\/semmexico\/wp-json\/wp\/v2\/categories?post=90406"},{"taxonomy":"post_tag","embeddable":true,"href":"https:\/\/redsemlac.com\/semmexico\/wp-json\/wp\/v2\/tags?post=90406"}],"curies":[{"name":"wp","href":"https:\/\/api.w.org\/{rel}","templated":true}]}}