{"id":90345,"date":"2024-11-29T20:14:50","date_gmt":"2024-11-30T02:14:50","guid":{"rendered":"https:\/\/redsemlac.com\/semmexico\/?p=90345"},"modified":"2024-11-29T20:14:51","modified_gmt":"2024-11-30T02:14:51","slug":"la-alianza-internacional-de-mujeres-feminista-imef-exige-justicia-en-sentencia-para-el-feminicidio-de-melani-en-2017-en-acapulco","status":"publish","type":"post","link":"https:\/\/redsemlac.com\/semmexico\/la-alianza-internacional-de-mujeres-feminista-imef-exige-justicia-en-sentencia-para-el-feminicidio-de-melani-en-2017-en-acapulco\/","title":{"rendered":"La Alianza Internacional de Mujeres Feminista (IMEF) exige justicia en sentencia para el feminicidio de Melani en 2017 en Acapulco"},"content":{"rendered":"\n<p class=\"wp-block-paragraph\">Elda Montiel<\/p>\n\n\n\n<p class=\"wp-block-paragraph\">SemM\u00e9xico,  Ciudad de M\u00e9xico, 29 de noviembre,  2024.- A unos d\u00edas de que se dicte sentencia, previsto para  el 2 de diciembre, en  Guerrero, sobre el feminicidio de la joven Melani por su pareja, sucedido el 28 de noviembre de 2017, la Alianza Internacional de Mujeres Feministas exige justicia y sostiene que hay  mala actuaci\u00f3n de la jueza del caso, porque  en enero del 2023 resolvi\u00f3 a favor del acusado a pesar de las pruebas en su contra. <\/p>\n\n\n\n<p class=\"wp-block-paragraph\">En el marco de la Jornada de Feminismo y Derecho denominada Teor\u00eda y Experiencias contra la Violencia Feminicida\u201d la Alianza entr\u00f3 en conocimiento del caso de Melani, joven mujer originaria de Sonora y asesinada por su pareja en Acapulco, que ocupa el lugar 15 entre los 100 municipios m\u00e1s feminicidas del pa\u00eds.   <\/p>\n\n\n\n<p class=\"wp-block-paragraph\">Se sabe que la violencia comenz\u00f3 despu\u00e9s de cinco meses de que la pareja  comenz\u00f3 a vivir en Acapulco. Sin redes de apoyo, Melani, vivi\u00f3 agresi\u00f3n en un condominio donde habitaban militares con sus familias. Fue golpeada durante el embarazo, particularmente en el est\u00f3mago, lo que hizo saber a sus familiares y amigas con pruebas de la violencia verbal y f\u00edsica que viv\u00eda. <\/p>\n\n\n\n<p class=\"wp-block-paragraph\">El agresor est\u00e1 actualmente procesado. Cuenta la v\u00edctima que un d\u00eda  despu\u00e9s de cenar regresaron al condominio donde sostuvieron una discusi\u00f3n, hay pruebas de que  fue golpeada, el presunto responsable  la sujet\u00f3 del cuello y la ahorc\u00f3, y posteriormente la coloc\u00f3 en  las escaleras del edificio para simular un accidente.<\/p>\n\n\n\n<p class=\"wp-block-paragraph\">\u00c9l mismo llam\u00f3 a la Cruz Roja y comunic\u00f3 el hecho a la madre y al padre y pretend\u00eda cremar el cuerpo con el argumento de que era la \u00faltima voluntad de su pareja, lo cual no pudo llevar a cabo. <\/p>\n\n\n\n<p class=\"wp-block-paragraph\">El agresor no acudi\u00f3 al funeral de Melani en Guerrero  y obstaculiz\u00f3 la investigaci\u00f3n impidiendo el ingreso al domicilio con el argumento de que era un accidente.<\/p>\n\n\n\n<p class=\"wp-block-paragraph\">La versi\u00f3n no es coherente,  hay se\u00f1as en el  cuerpo de la v\u00edctima del maltrato y el ahorcamiento, eso ya lo detectaron autoridades luego de que su cad\u00e1ver fue exhumado.<\/p>\n\n\n\n<p class=\"wp-block-paragraph\">Ten\u00eda el hueso hioides roto que es un marcador \u00fanico e internacionalmente reconocido como riesgo extremo, adem\u00e1s de pruebas periciales de sangre en la habitaci\u00f3n y las escaleras.<\/p>\n\n\n\n<p class=\"wp-block-paragraph\">En enero del 2023 el  imputado fue detenido; sin embargo, la jueza del caso ha puesto objeciones a las pruebas como declarar algunas desiertas, hizo caso omiso de la aportaci\u00f3n de testigos, en particular del m\u00e9dico que report\u00f3  irregularidades en la investigaci\u00f3n y la mec\u00e1nica de la ca\u00edda. Adem\u00e1s de que la jueza tiene  un trato d\u00e9spota con los ofendidos y condescendiente con el imputado. <\/p>\n\n\n\n<p class=\"wp-block-paragraph\">El pr\u00f3ximo 2 de diciembre se realizar\u00e1n los alegatos de clausura y se espera que el fallo sea dictado al d\u00eda siguiente. Se exige que se valoren las pruebas del contexto de violencia que atraves\u00f3 la joven de 25 a\u00f1os, que dejo una criatura,  para estar con su pareja, y fue agredida aun estando embarazada y asfixiada como \u00faltimo paso del feminicidio.    <\/p>\n\n\n\n<p class=\"wp-block-paragraph\">Que se cumplan con los convenios internacionales y la sentencia Mariana Lima Buend\u00eda para la sanci\u00f3n punitiva del agresor de acuerdo a la interpretaci\u00f3n de las y los jueces, que sea coherente el resultado y se evite la impunidad perpetrada por los poderes judiciales del pa\u00eds.  <\/p>\n\n\n\n<p class=\"wp-block-paragraph\">A la petici\u00f3n de justicia se han sumado colectivas como el Centro de Derechos Humanos de la Monta\u00f1a Tlachinollan que han exigido a la jueza Evelina Ram\u00edrez Venegas actuar de manera imparcial. <\/p>\n\n\n\n<p class=\"wp-block-paragraph\">As\u00ed como el Observatorio Ciudadano Nacional de Feminicidio (OCNF) solicitando a la gobernadora y al Poder Judicial sentar un precedente de cero tolerancia a la impunidad en casos de feminicidio.  <\/p>\n","protected":false},"excerpt":{"rendered":"<p>Elda Montiel SemM\u00e9xico, Ciudad de M\u00e9xico, 29 de noviembre, 2024.- A unos d\u00edas de que se dicte sentencia, previsto para el 2 de diciembre, en Guerrero, sobre el feminicidio de la joven Melani por su pareja, sucedido el 28 de noviembre de 2017, la Alianza Internacional de Mujeres Feministas exige justicia y sostiene que hay [&hellip;]<\/p>\n","protected":false},"author":3,"featured_media":90346,"comment_status":"open","ping_status":"open","sticky":false,"template":"","format":"standard","meta":{"_monsterinsights_skip_tracking":false,"footnotes":""},"categories":[694,48],"tags":[],"class_list":["post-90345","post","type-post","status-publish","format-standard","has-post-thumbnail","category-destacadas","category-no-mas-impunidad-no-mas-impunidad"],"_links":{"self":[{"href":"https:\/\/redsemlac.com\/semmexico\/wp-json\/wp\/v2\/posts\/90345","targetHints":{"allow":["GET"]}}],"collection":[{"href":"https:\/\/redsemlac.com\/semmexico\/wp-json\/wp\/v2\/posts"}],"about":[{"href":"https:\/\/redsemlac.com\/semmexico\/wp-json\/wp\/v2\/types\/post"}],"author":[{"embeddable":true,"href":"https:\/\/redsemlac.com\/semmexico\/wp-json\/wp\/v2\/users\/3"}],"replies":[{"embeddable":true,"href":"https:\/\/redsemlac.com\/semmexico\/wp-json\/wp\/v2\/comments?post=90345"}],"version-history":[{"count":0,"href":"https:\/\/redsemlac.com\/semmexico\/wp-json\/wp\/v2\/posts\/90345\/revisions"}],"wp:featuredmedia":[{"embeddable":true,"href":"https:\/\/redsemlac.com\/semmexico\/wp-json\/wp\/v2\/media\/90346"}],"wp:attachment":[{"href":"https:\/\/redsemlac.com\/semmexico\/wp-json\/wp\/v2\/media?parent=90345"}],"wp:term":[{"taxonomy":"category","embeddable":true,"href":"https:\/\/redsemlac.com\/semmexico\/wp-json\/wp\/v2\/categories?post=90345"},{"taxonomy":"post_tag","embeddable":true,"href":"https:\/\/redsemlac.com\/semmexico\/wp-json\/wp\/v2\/tags?post=90345"}],"curies":[{"name":"wp","href":"https:\/\/api.w.org\/{rel}","templated":true}]}}