{"id":90321,"date":"2024-11-29T17:26:34","date_gmt":"2024-11-29T23:26:34","guid":{"rendered":"https:\/\/redsemlac.com\/semmexico\/?p=90321"},"modified":"2024-11-29T17:26:53","modified_gmt":"2024-11-29T23:26:53","slug":"adolescente-de-15-anos-de-edad-victima-de-feminicidio-en-oxchuc-senalan-a-su-marido","status":"publish","type":"post","link":"https:\/\/redsemlac.com\/semmexico\/adolescente-de-15-anos-de-edad-victima-de-feminicidio-en-oxchuc-senalan-a-su-marido\/","title":{"rendered":"Adolescente de 15 a\u00f1os de edad v\u00edctima de feminicidio en Oxchuc; se\u00f1alan a su marido"},"content":{"rendered":"\n<p class=\"wp-block-paragraph\">\u201cSe necesitan reforzar los mecanismos de detecci\u00f3n, atenci\u00f3n y protecci\u00f3n a mujeres v\u00edctimas de violencia de g\u00e9nero. As\u00ed como destinar m\u00e1s recursos y articular medios para llegar a tiempo y evitar m\u00e1s muertes\u201d: 50 m\u00e1s1<\/p>\n\n\n\n<p class=\"wp-block-paragraph\">El feminicidio de Arely es el quinto asesinato machista que se registra en Chiapas en el mes de noviembre&nbsp;&nbsp;&nbsp;<\/p>\n\n\n\n<p class=\"wp-block-paragraph\">Gabriela Couti\u00f1o<\/p>\n\n\n\n<p class=\"wp-block-paragraph\">SemM\u00e9xico, Tuxtla Guti\u00e9rrez, Chis. 29 de noviembre, 2024.- Una menor de 15 a\u00f1os de edad, Arely G\u00f3mez, fue asesinada a golpes por su marido en la comunidad Paztontikja en el municipio Tzeltal de Oxchuc, en la regi\u00f3n de Los Altos de Chiapas, inform\u00f3 la Fiscal\u00eda General del Estado.<\/p>\n\n\n\n<p class=\"wp-block-paragraph\">El feminicidio de la adolescente, es el quinto asesinato machista que se registra en Chiapas en el mes de noviembre, elevando a 34 las v\u00edctimas de feminicidio en lo que va del a\u00f1o en la entidad, dijo la colectiva feminista 50 m\u00e1s 1, al condenar el crimen.&nbsp;<\/p>\n\n\n\n<p class=\"wp-block-paragraph\">El caso de Arely de acuerdo a informaci\u00f3n de la Fiscal\u00eda, sucedi\u00f3 en la comunidad Paztontikja, donde la joven viv\u00eda con su pareja y sus suegros. La madrugada del pasado 26 de noviembre, la adolescente lleg\u00f3 a la casa familiar con diversos golpes en su anatom\u00eda, por lo que fue llevada al Hospital de Las Culturas en San Crist\u00f3bal de las Casas, donde falleci\u00f3 al d\u00eda siguiente, agreg\u00f3 la dependencia.&nbsp;<\/p>\n\n\n\n<p class=\"wp-block-paragraph\">La Comisi\u00f3n a una vida libre de violencia de las mujeres de la colectiva feminista 50m\u00e1s1 que lleva un puntual seguimiento de los feminicidios en Chiapas, dijo que la familia de la joven anteriormente ya hab\u00eda denunciado la violencia que su hija ven\u00eda padeciendo en el concubinato.<\/p>\n\n\n\n<p class=\"wp-block-paragraph\">La Fiscal\u00eda contra Feminicidio asegur\u00f3 que realiza las investigaciones procedentes de acuerdo con el protocolo de actuaci\u00f3n con perspectiva de g\u00e9nero para la investigaci\u00f3n del delito de feminicidio en Chiapas.<\/p>\n\n\n\n<p class=\"wp-block-paragraph\">La colectiva feminista dijo que las cifras sobre la violencia contra las mujeres en Chiapas, \u201cson escalofriantes y los feminicidios, reflejan la parte m\u00e1s visible y extrema de la violencia de g\u00e9nero\u201d.<\/p>\n\n\n\n<p class=\"wp-block-paragraph\">Por lo que se\u00f1al\u00f3 que se necesitan reforzar los mecanismos de detecci\u00f3n, atenci\u00f3n y protecci\u00f3n a mujeres v\u00edctimas de violencia de g\u00e9nero. As\u00ed como destinar m\u00e1s recursos y articular medios para llegar a tiempo y evitar m\u00e1s muertes, &nbsp;&nbsp;<\/p>\n\n\n\n<p class=\"wp-block-paragraph\">50m\u00e1s1, convoc\u00f3 a las autoridades competentes, a revisar las estrategias, redise\u00f1ar acciones y programas, que coadyuven en general a que la justicia para las v\u00edctimas no sea s\u00f3lo una exigencia, sino una realidad enmarcada en la ley.<\/p>\n\n\n\n<p class=\"wp-block-paragraph\">\u201cEn el \u00e1mbito de la prevenci\u00f3n, es imprescindible instaurar obligatoriamente talleres de educaci\u00f3n y sensibilizaci\u00f3n en violencia de g\u00e9nero. Para ello necesitamos el compromiso de los centros educativos\u201d, se\u00f1al\u00f3.&nbsp;<\/p>\n\n\n\n<p class=\"wp-block-paragraph\">Para la colectiva feminista, es claro que sin el compromiso de las instituciones pol\u00edticas y los medios de comunicaci\u00f3n \u201cjam\u00e1s lograremos concienciar a la sociedad de que cada d\u00eda las mujeres estamos siendo asesinadas en alg\u00fan rinc\u00f3n de Chiapas por el mero hecho de ser mujeres\u201d.<\/p>\n\n\n\n<p class=\"wp-block-paragraph\">Agreg\u00f3 que el mes de noviembre ha sido muy violento para las mujeres, \u201ccomenzamos el mes de noviembre con el feminicidio de Laura que fue asesinada a balazos por su pareja en Tuxtla Guti\u00e9rrez; le sigui\u00f3 Erika con siete meses de embarazo que fue encontrada en un domicilio en Palenque; a los pocos d\u00edas lamentamos el feminicidio de Anel que fue localizada sin vida en la carretera a Puerto Arista en el municipio de Tonal\u00e1.<\/p>\n\n\n\n<p class=\"wp-block-paragraph\">\u201cDespu\u00e9s nos estremecimos con el feminicidio de M\u00f3nica que dej\u00f3 hu\u00e9rfanos a dos menores. El responsable de esta tragedia huy\u00f3 y no ha sido detenido\u201d.<\/p>\n\n\n\n<figure class=\"wp-block-gallery has-nested-images columns-default is-cropped wp-block-gallery-1 is-layout-flex wp-block-gallery-is-layout-flex\">\n<figure class=\"wp-block-image size-large\"><a href=\"https:\/\/redsemlac.com\/semmexico\/wp-content\/uploads\/2024\/11\/adolecente-feminicidio-01.jpg\"><img loading=\"lazy\" decoding=\"async\" width=\"576\" height=\"1024\" data-id=\"90323\" src=\"https:\/\/redsemlac.com\/semmexico\/wp-content\/uploads\/2024\/11\/adolecente-feminicidio-01-576x1024.jpg\" alt=\"\" class=\"wp-image-90323\" srcset=\"https:\/\/redsemlac.com\/semmexico\/wp-content\/uploads\/2024\/11\/adolecente-feminicidio-01-576x1024.jpg 576w, https:\/\/redsemlac.com\/semmexico\/wp-content\/uploads\/2024\/11\/adolecente-feminicidio-01-169x300.jpg 169w, https:\/\/redsemlac.com\/semmexico\/wp-content\/uploads\/2024\/11\/adolecente-feminicidio-01-768x1365.jpg 768w, https:\/\/redsemlac.com\/semmexico\/wp-content\/uploads\/2024\/11\/adolecente-feminicidio-01-864x1536.jpg 864w, https:\/\/redsemlac.com\/semmexico\/wp-content\/uploads\/2024\/11\/adolecente-feminicidio-01-150x267.jpg 150w, https:\/\/redsemlac.com\/semmexico\/wp-content\/uploads\/2024\/11\/adolecente-feminicidio-01-300x533.jpg 300w, https:\/\/redsemlac.com\/semmexico\/wp-content\/uploads\/2024\/11\/adolecente-feminicidio-01-696x1237.jpg 696w, https:\/\/redsemlac.com\/semmexico\/wp-content\/uploads\/2024\/11\/adolecente-feminicidio-01.jpg 900w\" sizes=\"auto, (max-width: 576px) 100vw, 576px\" \/><\/a><\/figure>\n\n\n\n<figure class=\"wp-block-image size-large\"><a href=\"https:\/\/redsemlac.com\/semmexico\/wp-content\/uploads\/2024\/11\/adolecente-feminicidio-02.jpg\"><img loading=\"lazy\" decoding=\"async\" width=\"576\" height=\"1024\" data-id=\"90324\" src=\"https:\/\/redsemlac.com\/semmexico\/wp-content\/uploads\/2024\/11\/adolecente-feminicidio-02-576x1024.jpg\" alt=\"\" class=\"wp-image-90324\" srcset=\"https:\/\/redsemlac.com\/semmexico\/wp-content\/uploads\/2024\/11\/adolecente-feminicidio-02-576x1024.jpg 576w, https:\/\/redsemlac.com\/semmexico\/wp-content\/uploads\/2024\/11\/adolecente-feminicidio-02-169x300.jpg 169w, https:\/\/redsemlac.com\/semmexico\/wp-content\/uploads\/2024\/11\/adolecente-feminicidio-02-768x1365.jpg 768w, https:\/\/redsemlac.com\/semmexico\/wp-content\/uploads\/2024\/11\/adolecente-feminicidio-02-864x1536.jpg 864w, https:\/\/redsemlac.com\/semmexico\/wp-content\/uploads\/2024\/11\/adolecente-feminicidio-02-150x267.jpg 150w, https:\/\/redsemlac.com\/semmexico\/wp-content\/uploads\/2024\/11\/adolecente-feminicidio-02-300x533.jpg 300w, https:\/\/redsemlac.com\/semmexico\/wp-content\/uploads\/2024\/11\/adolecente-feminicidio-02-696x1237.jpg 696w, https:\/\/redsemlac.com\/semmexico\/wp-content\/uploads\/2024\/11\/adolecente-feminicidio-02.jpg 900w\" sizes=\"auto, (max-width: 576px) 100vw, 576px\" \/><\/a><\/figure>\n<\/figure>\n","protected":false},"excerpt":{"rendered":"<p>\u201cSe necesitan reforzar los mecanismos de detecci\u00f3n, atenci\u00f3n y protecci\u00f3n a mujeres v\u00edctimas de violencia de g\u00e9nero. As\u00ed como destinar m\u00e1s recursos y articular medios para llegar a tiempo y evitar m\u00e1s muertes\u201d: 50 m\u00e1s1 El feminicidio de Arely es el quinto asesinato machista que se registra en Chiapas en el mes de noviembre&nbsp;&nbsp;&nbsp; Gabriela [&hellip;]<\/p>\n","protected":false},"author":3,"featured_media":90322,"comment_status":"open","ping_status":"open","sticky":false,"template":"","format":"standard","meta":{"_monsterinsights_skip_tracking":false,"footnotes":""},"categories":[48],"tags":[],"class_list":["post-90321","post","type-post","status-publish","format-standard","has-post-thumbnail","category-no-mas-impunidad-no-mas-impunidad"],"_links":{"self":[{"href":"https:\/\/redsemlac.com\/semmexico\/wp-json\/wp\/v2\/posts\/90321","targetHints":{"allow":["GET"]}}],"collection":[{"href":"https:\/\/redsemlac.com\/semmexico\/wp-json\/wp\/v2\/posts"}],"about":[{"href":"https:\/\/redsemlac.com\/semmexico\/wp-json\/wp\/v2\/types\/post"}],"author":[{"embeddable":true,"href":"https:\/\/redsemlac.com\/semmexico\/wp-json\/wp\/v2\/users\/3"}],"replies":[{"embeddable":true,"href":"https:\/\/redsemlac.com\/semmexico\/wp-json\/wp\/v2\/comments?post=90321"}],"version-history":[{"count":0,"href":"https:\/\/redsemlac.com\/semmexico\/wp-json\/wp\/v2\/posts\/90321\/revisions"}],"wp:featuredmedia":[{"embeddable":true,"href":"https:\/\/redsemlac.com\/semmexico\/wp-json\/wp\/v2\/media\/90322"}],"wp:attachment":[{"href":"https:\/\/redsemlac.com\/semmexico\/wp-json\/wp\/v2\/media?parent=90321"}],"wp:term":[{"taxonomy":"category","embeddable":true,"href":"https:\/\/redsemlac.com\/semmexico\/wp-json\/wp\/v2\/categories?post=90321"},{"taxonomy":"post_tag","embeddable":true,"href":"https:\/\/redsemlac.com\/semmexico\/wp-json\/wp\/v2\/tags?post=90321"}],"curies":[{"name":"wp","href":"https:\/\/api.w.org\/{rel}","templated":true}]}}