{"id":90265,"date":"2024-11-28T06:33:55","date_gmt":"2024-11-28T12:33:55","guid":{"rendered":"https:\/\/redsemlac.com\/semmexico\/?p=90265"},"modified":"2024-11-28T06:34:04","modified_gmt":"2024-11-28T12:34:04","slug":"las-y-los-ninos-sacrificados-en-el-presupuesto-de-2025-expertos-en-parlamento-abierto-programas-y-acciones-de-desarrollo-social","status":"publish","type":"post","link":"https:\/\/redsemlac.com\/semmexico\/las-y-los-ninos-sacrificados-en-el-presupuesto-de-2025-expertos-en-parlamento-abierto-programas-y-acciones-de-desarrollo-social\/","title":{"rendered":"Las y los ni\u00f1os sacrificados en el presupuesto de 2025, expertos en parlamento abierto programas y acciones de desarrollo social\u00a0"},"content":{"rendered":"\n<p class=\"wp-block-paragraph\">Las asignaciones al DIF se redujeron,&nbsp; grave porque&nbsp; tiene alta injerencia en educaci\u00f3n inicial, hay que poner recursos : experta&nbsp;<\/p>\n\n\n\n<p class=\"wp-block-paragraph\">En el Programa de Vacunaci\u00f3n Universal, se proyecta un decremento de 18 por ciento<\/p>\n\n\n\n<p class=\"wp-block-paragraph\">Las aportaciones de expertos son fundamentales para enriquecer el dictamen del Presupuesto: diputada Merilyn G\u00f3mez Pozos<\/p>\n\n\n\n<p class=\"wp-block-paragraph\">&nbsp;Redacci\u00f3n<\/p>\n\n\n\n<p class=\"wp-block-paragraph\">SemM\u00e9xico, Cd. de M\u00e9xico, 28 de noviembre, 2024.- Los gastos&nbsp; en desarrollo social previstos por el proyecto de presupuesto dejar\u00e1n atr\u00e1s principalmente a la ni\u00f1ez y a la salud, lo que impactar\u00e1 en las familias, se dijo al poner en marcha un parlamento abierto.<\/p>\n\n\n\n<p class=\"wp-block-paragraph\">Este parlamento convocado por la&nbsp; Comisi\u00f3n de Presupuesto y Cuenta P\u00fablica, presidida por la diputada Merilyn G\u00f3mez Pozos (Morena), en&nbsp; la primera&nbsp; mesa de di\u00e1logo bajo el esquema de parlamento abierto denominada \u201cDesarrollo Social rumbo al PEF 2025\u201d fueron abordado temas de educaci\u00f3n, protecci\u00f3n social, cultura, recreaci\u00f3n, salud, vivienda, servicios a la comunidad y programas sociales.<\/p>\n\n\n\n<p class=\"wp-block-paragraph\">&nbsp;La diputada G\u00f3mez Pozos dijo que el parlamento permitir\u00e1 ampliar el conocimiento, adem\u00e1s de aportar conclusiones y recomendaciones que ser\u00e1n fundamentales para enriquecer el dictamen del Presupuesto de Egresos para 2025.<\/p>\n\n\n\n<p class=\"wp-block-paragraph\">Las y los participantes de la sociedad civil advirtieron bajas presupuestales para ni\u00f1os y ni\u00f1as, afectando salud y educaci\u00f3n inicial, con decremento hasta de 18 por ciento; el PEF no considera el cambio demogr\u00e1fico y deja atr\u00e1s a los y las adultas mayores, decrementos tambi\u00e9n en salud materna y 12 por ciento en toda la salud, significar\u00e1 gastos de bolsillo a las familias, que nada compensa.&nbsp;<\/p>\n\n\n\n<p class=\"wp-block-paragraph\"><strong>&nbsp;Posicionamientos&nbsp;<\/strong><\/p>\n\n\n\n<p class=\"wp-block-paragraph\">El diputado y coordinador del Grupo de Trabajo de Desarrollo Social, Reginaldo Sandoval Flores (PT), mencion\u00f3 que la participaci\u00f3n de expertos servir\u00e1 para mejorar el proyecto presupuestal. Inform\u00f3 que har\u00e1n un resumen de todos los planteamientos para entregarlo a la Comisi\u00f3n de Presupuesto y establecer un di\u00e1logo sobre el particular.<\/p>\n\n\n\n<p class=\"wp-block-paragraph\">La presidenta de la Comisi\u00f3n de Bienestar, Ana Karina Rojo Pimentel (PT), mencion\u00f3 que el Ramo 20 Bienestar es piedra angular de la pol\u00edtica social. Destac\u00f3 que el Fondo de Aportaci\u00f3n para Infraestructura Social, FAIS, contar\u00e1 con una inversi\u00f3n de 10 mil 971 millones de pesos, lo que fortalecer\u00e1 a las comunidades m\u00e1s rezagadas con infraestructura b\u00e1sica.<\/p>\n\n\n\n<p class=\"wp-block-paragraph\">&nbsp;&nbsp;El presidente de la Comisi\u00f3n de Salud, Pedro Mario Zenteno Santaella (Morena), consider\u00f3 que el presupuesto en salud tuvo un incremento importante; es un presupuesto de 2.2 billones de pesos que se orientar\u00e1 a fortalecer la visi\u00f3n del IMSS-Bienestar y \u201ces un paso importante porque permitir\u00e1 fortalecer la intenci\u00f3n primaria, es decir, la promoci\u00f3n y educaci\u00f3n para la salud porque esta no es una mercanc\u00eda sino un derecho\u201d.&nbsp;<\/p>\n\n\n\n<p class=\"wp-block-paragraph\">La presidenta de la Comisi\u00f3n de Vivienda, Maribel Mart\u00ednez Ruiz (PT), coment\u00f3 que el desarrollo social es el rubro sobre el que se cimenta el humanismo mexicano. Coment\u00f3 que la pol\u00edtica en esta materia tiene el paradigma de reivindicar a la vivienda como un derecho humano y no como una mercanc\u00eda, para enriquecer a constructoras e inmobiliarias. \u201cEsta nueva \u00f3ptica es el par\u00e1metro sobre el cu\u00e1l se legislar\u00e1 en estos tres a\u00f1os\u201d.<\/p>\n\n\n\n<p class=\"wp-block-paragraph\">El diputado Gerardo Olivares Mej\u00eda (PT) refiri\u00f3 que el Estado debe garantizar ayuda a las familias m\u00e1s desfavorecidas. Consider\u00f3 que se tiene que asumir como una vocaci\u00f3n permanente la pol\u00edtica de canalizar cada vez m\u00e1s recursos a la educaci\u00f3n. Se pronunci\u00f3 por incrementar el presupuesto al Programa la Escuela es Nuestra y a las universidades p\u00fablicas estatales.<\/p>\n\n\n\n<p class=\"wp-block-paragraph\">La presidenta de la Comisi\u00f3n de Movilidad, diputada Patricia Mercado Castro (MC), inform\u00f3 que la Comisi\u00f3n no tiene correspondencia con la estructura del presupuesto, porque la Ley General de Movilidad y Seguridad Vial es un instrumento nuevo, por lo que observ\u00f3 que la movilidad podr\u00eda incorporarse en el Ramo 9 Infraestructura, Comunicaciones y Transportes, y pueda ser visualizada la inversi\u00f3n desde esta nueva jerarqu\u00eda de la movilidad y desde el reconocimiento de este nuevo derecho\u201d.<\/p>\n\n\n\n<p class=\"wp-block-paragraph\">La presidenta de la Comisi\u00f3n del Trabajo y Previsi\u00f3n Social, diputada Maiella Martha Gabriela G\u00f3mez Maldonado (Morena) afirm\u00f3 que el intercambio de ideas con expertos ayudar\u00e1 a tener un Presupuesto s\u00f3lido y contundente. Asever\u00f3 que los programas sociales son un derecho constitucional y en el PEF hay un incremento sustancial en varios programas como el de J\u00f3venes Construyendo el Futuro.<\/p>\n\n\n\n<p class=\"wp-block-paragraph\">La diputada Sonia Rinc\u00f3n Chanona (Morena) solicit\u00f3 dar seguimiento a los rubros de educaci\u00f3n, cultura y salud en materia presupuestal. Mencion\u00f3 que con el fin de que todo planteamiento o propuesta se tome en cuenta en el PEF se tienen que entregar en marzo-abril, porque Hacienda elabora el Presupuesto de Cuenta P\u00fablica en junio.<\/p>\n\n\n\n<p class=\"wp-block-paragraph\">El diputado Juan Armando Ruiz Hern\u00e1ndez (MC) plante\u00f3 canalizar los recursos suficientes para crear el Centro Paral\u00edmpico de Alto Rendimiento, ya que es una demanda de atletas paral\u00edmpicos. \u201cSi no se crea este centro pronto estaremos al mismo nivel de los atletas convencionales y trayendo tres o cuatro medallas, lo que ser\u00eda un retroceso\u201d.<\/p>\n\n\n\n<p class=\"wp-block-paragraph\"><strong><em>Participaci\u00f3n de ponentes<\/em><\/strong><\/p>\n\n\n\n<p class=\"wp-block-paragraph\">D\u00e1mari Sosa De Antu\u00f1ano, coordinadora de Incidencia Federal del Pacto por la Primera Infancia, recomend\u00f3 fortalecer al servicio nacional de salud p\u00fablica, en concreto al Programa de Vacunaci\u00f3n Universal, ya que en el PEF 2025 se proyecta un decremento de 18 por ciento \u201cpor lo que nuestra recomendaci\u00f3n es recuperar ese recorte\u201d.&nbsp; Observ\u00f3 que en el Programa FAM Asistencia Social del Ramo 33 existe un decremento de 8 por ciento, por lo que tambi\u00e9n solicit\u00f3 reponerlo y financiar programas de asistencia alimentaria.<\/p>\n\n\n\n<p class=\"wp-block-paragraph\">Sunny Arely Villa Ju\u00e1rez, investigadora asociada del Centro de Investigaci\u00f3n Econ\u00f3mica y Presupuestaria A.C., refiri\u00f3 que las asignaciones al DIF se redujeron, lo que es grave porque funciona a nivel estatal y tiene alta injerencia en educaci\u00f3n inicial, por lo que invit\u00f3 a poner los recursos donde m\u00e1s se necesitan. Inform\u00f3 que la agenda pendiente es identificar la oferta y la demanda para saber c\u00f3mo hacer pol\u00edticas laborales para empatar horarios familiares con horarios de escuela.<\/p>\n\n\n\n<p class=\"wp-block-paragraph\">Mariana Garc\u00eda Villase\u00f1or, investigadora en educaci\u00f3n y finanzas p\u00fablicas del Centro de Investigaci\u00f3n Econ\u00f3mica y Presupuestaria A.C., indic\u00f3 que no hay incrementos en los programas presupuestales para la educaci\u00f3n inicial, lo que perpet\u00faa la brecha de cobertura en la medida que avanza en nivel acad\u00e9mica. Otro foco rojo es la transici\u00f3n demogr\u00e1fica donde \u201cestamos presenciando un aumento en la tasa de dependencia de adultos mayores, lo que desv\u00eda recursos que se destinan para la inversi\u00f3n en educaci\u00f3n hacia el financiamiento de pensiones\u201d.<\/p>\n\n\n\n<p class=\"wp-block-paragraph\">Axel Eduardo Gonz\u00e1lez G\u00f3mez, coordinador de datos de la organizaci\u00f3n M\u00e9xico \u00bfc\u00f3mo vamos?, mencion\u00f3 que el Estado falla en garantizar derechos como la salud y educaci\u00f3n. Esto se aprecia en el \u201cgasto de bolsillo, pues la mayor\u00eda de los hogares del pa\u00eds dedican parte de su ingreso a atender situaciones relacionadas a estos rubros\u201d. Subray\u00f3 que el progreso social est\u00e1 condicionado a dos palancas de movilidad y progreso social que son salud y educaci\u00f3n y si no se incrementa el presupuesto a estos rubros continuar\u00e1n las brechas de progreso social.<\/p>\n\n\n\n<p class=\"wp-block-paragraph\">Matilde P\u00e9rez Romero, investigadora del Programa de Rendici\u00f3n de Cuentas y Combate a la Corrupci\u00f3n de Fundar Centro de An\u00e1lisis e Investigaci\u00f3n A.C., subray\u00f3 que el gasto en salud sigue siendo bajo y desigual, por lo que destac\u00f3 la importancia de revertir los recortes a la Secretar\u00eda de Salud, al Programa Presupuestario de Salud Materna, al menos al nivel que tuvieron en 2019 que fue el a\u00f1o que tuvieron m\u00e1s recursos.<\/p>\n\n\n\n<p class=\"wp-block-paragraph\">Judith M\u00e9ndez M\u00e9ndez, directora adjunta de investigaci\u00f3n del Centro de Investigaci\u00f3n Econ\u00f3mica y Presupuestaria A.C., afirm\u00f3 que por m\u00e1s de dos d\u00e9cadas se ha tenido una brecha presupuestaria en seguridad social.&nbsp; Asegur\u00f3 que en este paquete el ajuste presupuestario para alcanzar el d\u00e9ficit que se propuso tiene recortes cercanos a un punto del PIB en inversi\u00f3n, educaci\u00f3n, medio ambiente, energ\u00eda, cuidados, lo que resulta de graves implicaciones para el acceso a esos derechos fundamentales.<\/p>\n\n\n\n<p class=\"wp-block-paragraph\">Jorge Eduardo Cano Anaya, coordinador del Programa de Gasto P\u00fablico de M\u00e9xico Eval\u00faa, manifest\u00f3 que el gasto en salud para el siguiente a\u00f1o tendr\u00e1 un grave recorte de 12 por ciento y estar\u00e1 en 881 mil millones de pesos, el peor monto desde 2021.&nbsp; Puntualiz\u00f3 que no es posible que a\u00f1o con a\u00f1o se discuta el presupuesto en salud porque este tiene que estar blindado y mantener un incremento constante.<\/p>\n\n\n\n<p class=\"wp-block-paragraph\">Armando Pliego Ishikawa, de la Coalici\u00f3n Movilidad Segura, propuso incrementar los recursos para infraestructura, comunicaciones y transportes, a fin de ayudar al cumplimiento de los objetivos de la Ley General de Movilidad y Seguridad Vial, en espec\u00edfico en la reducci\u00f3n de muertes. Es importante, agreg\u00f3, crear un fondo espec\u00edfico para la movilidad sustentable y segura, y un financiamiento para un fondo de v\u00edctimas y atender sus necesidades.<\/p>\n\n\n\n<p class=\"wp-block-paragraph\">Paulina Casta\u00f1o Acosta, investigadora del programa Justicia Fiscal de Fundar Centro de An\u00e1lisis e Investigaci\u00f3n A.C., estim\u00f3 que el presupuesto 2025 para cultura es insuficiente y pone en riesgo su preservaci\u00f3n y promoci\u00f3n, as\u00ed como la capacidad del Estado para garantizar el acceso de todas las personas a este derecho. Consider\u00f3 necesaria una reforma fiscal progresiva que financie de manera sostenible a este sector.<\/p>\n","protected":false},"excerpt":{"rendered":"<p>Las asignaciones al DIF se redujeron,&nbsp; grave porque&nbsp; tiene alta injerencia en educaci\u00f3n inicial, hay que poner recursos : experta&nbsp; En el Programa de Vacunaci\u00f3n Universal, se proyecta un decremento de 18 por ciento Las aportaciones de expertos son fundamentales para enriquecer el dictamen del Presupuesto: diputada Merilyn G\u00f3mez Pozos &nbsp;Redacci\u00f3n SemM\u00e9xico, Cd. de M\u00e9xico, [&hellip;]<\/p>\n","protected":false},"author":3,"featured_media":90266,"comment_status":"open","ping_status":"open","sticky":false,"template":"","format":"standard","meta":{"_monsterinsights_skip_tracking":false,"footnotes":""},"categories":[50],"tags":[],"class_list":["post-90265","post","type-post","status-publish","format-standard","has-post-thumbnail","category-congreso"],"_links":{"self":[{"href":"https:\/\/redsemlac.com\/semmexico\/wp-json\/wp\/v2\/posts\/90265","targetHints":{"allow":["GET"]}}],"collection":[{"href":"https:\/\/redsemlac.com\/semmexico\/wp-json\/wp\/v2\/posts"}],"about":[{"href":"https:\/\/redsemlac.com\/semmexico\/wp-json\/wp\/v2\/types\/post"}],"author":[{"embeddable":true,"href":"https:\/\/redsemlac.com\/semmexico\/wp-json\/wp\/v2\/users\/3"}],"replies":[{"embeddable":true,"href":"https:\/\/redsemlac.com\/semmexico\/wp-json\/wp\/v2\/comments?post=90265"}],"version-history":[{"count":0,"href":"https:\/\/redsemlac.com\/semmexico\/wp-json\/wp\/v2\/posts\/90265\/revisions"}],"wp:featuredmedia":[{"embeddable":true,"href":"https:\/\/redsemlac.com\/semmexico\/wp-json\/wp\/v2\/media\/90266"}],"wp:attachment":[{"href":"https:\/\/redsemlac.com\/semmexico\/wp-json\/wp\/v2\/media?parent=90265"}],"wp:term":[{"taxonomy":"category","embeddable":true,"href":"https:\/\/redsemlac.com\/semmexico\/wp-json\/wp\/v2\/categories?post=90265"},{"taxonomy":"post_tag","embeddable":true,"href":"https:\/\/redsemlac.com\/semmexico\/wp-json\/wp\/v2\/tags?post=90265"}],"curies":[{"name":"wp","href":"https:\/\/api.w.org\/{rel}","templated":true}]}}