{"id":90181,"date":"2024-11-27T17:48:00","date_gmt":"2024-11-27T23:48:00","guid":{"rendered":"https:\/\/redsemlac.com\/semmexico\/?p=90181"},"modified":"2024-11-27T17:48:01","modified_gmt":"2024-11-27T23:48:01","slug":"iluminan-de-naranja-biblioteca-central-y-estado-olimpico-de-la-unam","status":"publish","type":"post","link":"https:\/\/redsemlac.com\/semmexico\/iluminan-de-naranja-biblioteca-central-y-estado-olimpico-de-la-unam\/","title":{"rendered":"Iluminan de naranja Biblioteca Central y Estado Ol\u00edmpico de la UNAM"},"content":{"rendered":"\n<ul class=\"wp-block-list\">\n<li>Por la conmemoraci\u00f3n del D\u00eda Internacional para la Eliminaci\u00f3n de la Violencia contra las Mujeres<\/li>\n\n\n\n<li>Permanecer\u00e1n con este color hasta el 10 de diciembre<\/li>\n<\/ul>\n\n\n\n<p class=\"wp-block-paragraph\">SemM\u00e9xico, Cd. de M\u00e9xico, 27 de noviembre, 2024.- La Biblioteca Central y el Estadio Ol\u00edmpico Universitario de la UNAM, que forman parte del per\u00edmetro de la zona declarada Patrimonio Mundial por la UNESCO, se iluminaron de color naranja, Mujeres durante los 16 d\u00edas de activismo por la Eliminaci\u00f3n de la Violencia contra las mujeres.<\/p>\n\n\n\n<figure class=\"wp-block-image size-full\"><a href=\"https:\/\/redsemlac.com\/semmexico\/wp-content\/uploads\/2024\/11\/8764.jpg\"><img loading=\"lazy\" decoding=\"async\" width=\"750\" height=\"415\" src=\"https:\/\/redsemlac.com\/semmexico\/wp-content\/uploads\/2024\/11\/8764.jpg\" alt=\"\" class=\"wp-image-90184\" srcset=\"https:\/\/redsemlac.com\/semmexico\/wp-content\/uploads\/2024\/11\/8764.jpg 750w, https:\/\/redsemlac.com\/semmexico\/wp-content\/uploads\/2024\/11\/8764-300x166.jpg 300w, https:\/\/redsemlac.com\/semmexico\/wp-content\/uploads\/2024\/11\/8764-150x83.jpg 150w, https:\/\/redsemlac.com\/semmexico\/wp-content\/uploads\/2024\/11\/8764-696x385.jpg 696w\" sizes=\"auto, (max-width: 750px) 100vw, 750px\" \/><\/a><\/figure>\n\n\n\n<p class=\"wp-block-paragraph\">El color evoca a las mariposas, como se les apodaba a las hermanas Patria, Minerva y Mar\u00eda Teresa Mirabal, dominicanas que se opusieron a la dictadura que en su pa\u00eds encabezaba Rafael Le\u00f3nidas Trujillo, por lo que fueron asesinadas el 25 de noviembre de 1960.<\/p>\n\n\n\n<p class=\"wp-block-paragraph\">El 25 de noviembre marca el inicio de una jornada a nivel mundial que se conoce como los 16 d\u00edas de activismo (del 25 de noviembre al 10 de diciembre), la cual tiene como prop\u00f3sito intensificar en los diferentes niveles de la agenda p\u00fablica el repudio a todas las formas de violencia hacia las mujeres.<\/p>\n\n\n\n<p class=\"wp-block-paragraph\">Por ello, desde el 22 de noviembre hasta el 10 de diciembre del presente a\u00f1o, la Biblioteca Central y el Estadio Ol\u00edmpico Universitario se iluminan de color naranja, como homenaje a la lucha de las mujeres por la igualdad, y en conmemoraci\u00f3n de las v\u00edctimas de la violencia de g\u00e9nero.<\/p>\n\n\n\n<p class=\"wp-block-paragraph\">SEM\/sj<\/p>\n","protected":false},"excerpt":{"rendered":"<p>SemM\u00e9xico, Cd. de M\u00e9xico, 27 de noviembre, 2024.- La Biblioteca Central y el Estadio Ol\u00edmpico Universitario de la UNAM, que forman parte del per\u00edmetro de la zona declarada Patrimonio Mundial por la UNESCO, se iluminaron de color naranja, Mujeres durante los 16 d\u00edas de activismo por la Eliminaci\u00f3n de la Violencia contra las mujeres. El [&hellip;]<\/p>\n","protected":false},"author":3,"featured_media":90183,"comment_status":"open","ping_status":"open","sticky":false,"template":"","format":"standard","meta":{"_monsterinsights_skip_tracking":false,"footnotes":""},"categories":[1147],"tags":[],"class_list":["post-90181","post","type-post","status-publish","format-standard","has-post-thumbnail","category-25n-2024"],"_links":{"self":[{"href":"https:\/\/redsemlac.com\/semmexico\/wp-json\/wp\/v2\/posts\/90181","targetHints":{"allow":["GET"]}}],"collection":[{"href":"https:\/\/redsemlac.com\/semmexico\/wp-json\/wp\/v2\/posts"}],"about":[{"href":"https:\/\/redsemlac.com\/semmexico\/wp-json\/wp\/v2\/types\/post"}],"author":[{"embeddable":true,"href":"https:\/\/redsemlac.com\/semmexico\/wp-json\/wp\/v2\/users\/3"}],"replies":[{"embeddable":true,"href":"https:\/\/redsemlac.com\/semmexico\/wp-json\/wp\/v2\/comments?post=90181"}],"version-history":[{"count":0,"href":"https:\/\/redsemlac.com\/semmexico\/wp-json\/wp\/v2\/posts\/90181\/revisions"}],"wp:featuredmedia":[{"embeddable":true,"href":"https:\/\/redsemlac.com\/semmexico\/wp-json\/wp\/v2\/media\/90183"}],"wp:attachment":[{"href":"https:\/\/redsemlac.com\/semmexico\/wp-json\/wp\/v2\/media?parent=90181"}],"wp:term":[{"taxonomy":"category","embeddable":true,"href":"https:\/\/redsemlac.com\/semmexico\/wp-json\/wp\/v2\/categories?post=90181"},{"taxonomy":"post_tag","embeddable":true,"href":"https:\/\/redsemlac.com\/semmexico\/wp-json\/wp\/v2\/tags?post=90181"}],"curies":[{"name":"wp","href":"https:\/\/api.w.org\/{rel}","templated":true}]}}