{"id":9016,"date":"2019-06-21T01:34:52","date_gmt":"2019-06-21T01:34:52","guid":{"rendered":"https:\/\/redsemlac.com\/semmexico\/?p=9016"},"modified":"2023-07-21T14:49:41","modified_gmt":"2023-07-21T19:49:41","slug":"atencion-a-mujeres-es-importante-en-guerrero-astudillo","status":"publish","type":"post","link":"https:\/\/redsemlac.com\/semmexico\/atencion-a-mujeres-es-importante-en-guerrero-astudillo\/","title":{"rendered":"Atenci\u00f3n a mujeres es importante en Guerrero: Astudillo"},"content":{"rendered":"\n<p class=\"wp-block-paragraph\"><strong><em>* Gobernador de esa entidad pide a los hombres \u201ccolaborar\u201d y \u201cproteger\u201d a las mujeres<\/em><\/strong><\/p>\n\n\n\n<p class=\"wp-block-paragraph\"><strong><em>* Anuncian 15 Centros de Desarrollo para las Mujeres <\/em><\/strong><\/p>\n\n\n\n<p class=\"wp-block-paragraph\"><strong><em>Josefina Aguilar Pastor <\/em><\/strong><\/p>\n\n\n\n<p class=\"wp-block-paragraph\">SemM\u00e9xico, Chilpancingo, Gro., 20 junio 2019.- En\nGuerrero la atenci\u00f3n a las mujeres es importante, afirm\u00f3 el gobernador H\u00e9ctor\nAstudillo Flores, quien reconoci\u00f3 que la situaci\u00f3n que viven las mujeres y\nni\u00f1as ind\u00edgenas es preocupante y ofreci\u00f3 apoyar las acciones que se emprendan\npara superar la violencia que enfrentan.<\/p>\n\n\n\n<p class=\"wp-block-paragraph\">En el marco del arranque de los programas Centros de\nDesarrollo para Mujeres (CDM\u2019S) y el Programa de Apoyo a las Instancias de las\nMujeres en las Entidades Federativas (PAIMEF) 2019, el mandatario dijo estar\ninteresado y pendiente de todas las acciones encaminadas a tender a las mujeres\nde la entidad.<\/p>\n\n\n\n<p class=\"wp-block-paragraph\">Guerrero es una entidad con muchos problemas, pero hay\ntemas que son&nbsp; necesarios mantener, \u201ccomo\nel apoyo a las mujeres, las instancias\u201d, afirm\u00f3 Astudillo Flores.<\/p>\n\n\n\n<p class=\"wp-block-paragraph\">En los medios de comunicaci\u00f3n \u2013peri\u00f3dicos y televisi\u00f3n-\nse dan a conocer casos sobre el trato a las mujeres, a las ni\u00f1as, \u201cespecialmente\nen zonas ind\u00edgenas, donde es alarmante y preocupante\u201d, a\u00f1adi\u00f3.<\/p>\n\n\n\n<p class=\"wp-block-paragraph\">Subray\u00f3 la importancia de que los hombres \u201ccolaboren\u201d en\nhacer una mejor familia, \u201cproteger\u201d a las mujeres, les den el lugar que merecen\ne, insisti\u00f3, en que la atenci\u00f3n a las ni\u00f1as es fundamental, sobre todo, de\nquienes son violentadas, reiter\u00f3.<\/p>\n\n\n\n<p class=\"wp-block-paragraph\">Astudillo Flores coment\u00f3 que ha habido avances a favor de\nlas mujeres, como la reciente reforma constitucional, con la que se reconoce la\nparidad total, logrando la equidad pol\u00edtica; dijo que durante su gobierno ha\nimpulsado algunos cambios a favor de las guerrerenses, aunque admiti\u00f3 que si la\nequidad pol\u00edtica es importante, la equidad social lo es m\u00e1s, \u201cah\u00ed es donde\ntambi\u00e9n tenemos que concentrarnos\u201d.<\/p>\n\n\n\n<p class=\"wp-block-paragraph\">El mandatario repiti\u00f3 su total apoyo a las acciones que\nse emprenden a favor de las mujeres, \u201cnuevamente, les reitero con todo mi apoyo,\ncuentan con el respeto del gobernador y con todo el impulso y con&nbsp; todo el apoyo para que logremos hacer cosas\nen estos tiempos con las mujeres, cosas buenas, positivas, que se&nbsp; sienta que el gobierno est\u00e1 interesado en la\nprotecci\u00f3n\u201d.<\/p>\n\n\n\n<p class=\"wp-block-paragraph\">En tanto, Maira Mart\u00ednez Pineda, titular de la Secretar\u00eda\nde la Mujer (Semujer), dio a conocer que el PAIMEF, es un programa que proviene\nde Indesol y el Instituto&nbsp; Nacional de\nlas Mujeres, el objetivo, es contribuir en el desarrollo integral de las\nguerrerenses a partir de la detecci\u00f3n de sus intereses y necesidades promoviendo\nacciones que impulsen su autonom\u00eda, autodeterminaci\u00f3n y contribuir a una\nsociedad&nbsp; igualitaria, mediante acciones\nde atenci\u00f3n y prevenci\u00f3n en materia de violencia contra las mujeres y las\nni\u00f1as.<\/p>\n\n\n\n<p class=\"wp-block-paragraph\">Dijo que el a\u00f1o pasado beneficiaron con este programa, a\nm\u00e1s de 55 mil 597 personas con un presupuesto de cinco millones 963 mil 832\npesos; para este a\u00f1o, a trav\u00e9s del programa \u201cGuerrero Empodera\u201d, habr\u00e1 mujeres,\nadolescentes y ni\u00f1as empoderadas en lo personal, social, cultural y econ\u00f3mico,\na trav\u00e9s de los servicios de prevenci\u00f3n y atenci\u00f3n especializada que permitir\u00e1\nidentificar y atender situaciones de violencia en sus sectores. <\/p>\n\n\n\n<p class=\"wp-block-paragraph\">Ser\u00e1n 15 CDM\u2019S que se instalaran en igual n\u00famero de\nmunicipios; Alcozauca, Atlamalcingo del Monte, Cualac, Cochoapa, Zapotitl\u00e1n Tablas,\nTlalixtaquilla, Tlacoapa, Jos\u00e9Joaqu\u00edn de Herrera, Igualapa, Azoy\u00fa, Cuautepec,\nTlacoachistlahuaca, Copala, Copalillo y Coahuayutla.<\/p>\n\n\n\n<p class=\"wp-block-paragraph\">SEM\/jap\/sj<\/p>\n","protected":false},"excerpt":{"rendered":"<p> Anuncian 15 Centros de Desarrollo para las Mujeres <\/p>\n","protected":false},"author":3,"featured_media":9017,"comment_status":"open","ping_status":"open","sticky":false,"template":"","format":"standard","meta":{"_monsterinsights_skip_tracking":false,"footnotes":""},"categories":[690,51],"tags":[],"class_list":["post-9016","post","type-post","status-publish","format-standard","has-post-thumbnail","category-690","category-ejecutivo"],"_links":{"self":[{"href":"https:\/\/redsemlac.com\/semmexico\/wp-json\/wp\/v2\/posts\/9016","targetHints":{"allow":["GET"]}}],"collection":[{"href":"https:\/\/redsemlac.com\/semmexico\/wp-json\/wp\/v2\/posts"}],"about":[{"href":"https:\/\/redsemlac.com\/semmexico\/wp-json\/wp\/v2\/types\/post"}],"author":[{"embeddable":true,"href":"https:\/\/redsemlac.com\/semmexico\/wp-json\/wp\/v2\/users\/3"}],"replies":[{"embeddable":true,"href":"https:\/\/redsemlac.com\/semmexico\/wp-json\/wp\/v2\/comments?post=9016"}],"version-history":[{"count":0,"href":"https:\/\/redsemlac.com\/semmexico\/wp-json\/wp\/v2\/posts\/9016\/revisions"}],"wp:featuredmedia":[{"embeddable":true,"href":"https:\/\/redsemlac.com\/semmexico\/wp-json\/wp\/v2\/media\/9017"}],"wp:attachment":[{"href":"https:\/\/redsemlac.com\/semmexico\/wp-json\/wp\/v2\/media?parent=9016"}],"wp:term":[{"taxonomy":"category","embeddable":true,"href":"https:\/\/redsemlac.com\/semmexico\/wp-json\/wp\/v2\/categories?post=9016"},{"taxonomy":"post_tag","embeddable":true,"href":"https:\/\/redsemlac.com\/semmexico\/wp-json\/wp\/v2\/tags?post=9016"}],"curies":[{"name":"wp","href":"https:\/\/api.w.org\/{rel}","templated":true}]}}