{"id":90142,"date":"2024-11-26T16:53:08","date_gmt":"2024-11-26T22:53:08","guid":{"rendered":"https:\/\/redsemlac.com\/semmexico\/?p=90142"},"modified":"2024-11-26T16:53:08","modified_gmt":"2024-11-26T22:53:08","slug":"los-derechos-de-las-mujeres-se-defenderan-en-las-calles-ante-la-pretension-de-institucionalizar-la-lucha-feminista-coordinacion-8m","status":"publish","type":"post","link":"https:\/\/redsemlac.com\/semmexico\/los-derechos-de-las-mujeres-se-defenderan-en-las-calles-ante-la-pretension-de-institucionalizar-la-lucha-feminista-coordinacion-8m\/","title":{"rendered":"Los derechos de las mujeres se defender\u00e1n en las calles ante la pretensi\u00f3n de institucionalizar la lucha feminista: Coordinaci\u00f3n 8M\u00a0"},"content":{"rendered":"\n<p class=\"wp-block-paragraph\">Micaela M\u00e1rquez&nbsp;<\/p>\n\n\n\n<p class=\"wp-block-paragraph\">SemM\u00e9xico, Ciudad de M\u00e9xico. 25 de noviembre 2024.-Advirtieron al gobierno federal que continuar\u00e1n defendiendo los derechos plenos de las mujeres en las calles ante la pretensi\u00f3n de querer institucionalizar la lucha feminista, las colectivas y mujeres integradas en la Coordinaci\u00f3n 8M, en el marco del 25 de noviembre, Dia Internacional por la Eliminaci\u00f3n de la Violencia hacia las Mujeres.<\/p>\n\n\n\n<p class=\"wp-block-paragraph\">En un comunicado, reivindicaron la autonom\u00eda e independencia del movimiento feminista y la agenda de las mujeres cuando es muy fr\u00e1gil el segundo piso de las transformaciones que no llevan a alcanzar la igualdad real y erradicar la violencia hist\u00f3rica que viven las mujeres.<\/p>\n\n\n\n<p class=\"wp-block-paragraph\">Reiteraron que \u201clas mujeres son las m\u00e1s vulnerables ante el recrudecimiento de la violencia feminicida, la desaparici\u00f3n, la trata, los desplazamientos forzados, el empobrecimiento, la desigualdad laboral, la devastaci\u00f3n de los bienes naturales y la militarizaci\u00f3n, adem\u00e1s de enfrentar&nbsp; la criminalizaci\u00f3n y represi\u00f3n de nuestras luchas\u201d.&nbsp;&nbsp;<\/p>\n\n\n\n<p class=\"wp-block-paragraph\">En el Dia Internacional del 25N posicionan sus reivindicaciones frente al actual gobierno, los Poderes de la Uni\u00f3n, las Secretar\u00edas ante la pretensi\u00f3n de querer institucionalizar la lucha feminista. \u00a1Luchamos, marchamos y nos organizamos!.<\/p>\n\n\n\n<p class=\"wp-block-paragraph\">Reiteraron sus consignas: Por la independencia pol\u00edtica del movimiento feminista! \u00a1Alto a la violencia feminicida, desapariciones e impunidad institucional! \u00a1Marchamos y buscamos porque les amamos! \u00a1Basta de criminalizar la lucha de las mujeres! \u00a1Contra la precariedad laboral de las mujeres! \u00a1Ni una presa, ni una muerta m\u00e1s por abortos clandestinos, despenalizaci\u00f3n y la legalizaci\u00f3n del aborto en todo el pa\u00eds!<\/p>\n","protected":false},"excerpt":{"rendered":"<p>Micaela M\u00e1rquez&nbsp; SemM\u00e9xico, Ciudad de M\u00e9xico. 25 de noviembre 2024.-Advirtieron al gobierno federal que continuar\u00e1n defendiendo los derechos plenos de las mujeres en las calles ante la pretensi\u00f3n de querer institucionalizar la lucha feminista, las colectivas y mujeres integradas en la Coordinaci\u00f3n 8M, en el marco del 25 de noviembre, Dia Internacional por la Eliminaci\u00f3n [&hellip;]<\/p>\n","protected":false},"author":3,"featured_media":90144,"comment_status":"open","ping_status":"open","sticky":false,"template":"","format":"standard","meta":{"_monsterinsights_skip_tracking":false,"footnotes":""},"categories":[54],"tags":[],"class_list":["post-90142","post","type-post","status-publish","format-standard","has-post-thumbnail","category-mujeres"],"_links":{"self":[{"href":"https:\/\/redsemlac.com\/semmexico\/wp-json\/wp\/v2\/posts\/90142","targetHints":{"allow":["GET"]}}],"collection":[{"href":"https:\/\/redsemlac.com\/semmexico\/wp-json\/wp\/v2\/posts"}],"about":[{"href":"https:\/\/redsemlac.com\/semmexico\/wp-json\/wp\/v2\/types\/post"}],"author":[{"embeddable":true,"href":"https:\/\/redsemlac.com\/semmexico\/wp-json\/wp\/v2\/users\/3"}],"replies":[{"embeddable":true,"href":"https:\/\/redsemlac.com\/semmexico\/wp-json\/wp\/v2\/comments?post=90142"}],"version-history":[{"count":0,"href":"https:\/\/redsemlac.com\/semmexico\/wp-json\/wp\/v2\/posts\/90142\/revisions"}],"wp:featuredmedia":[{"embeddable":true,"href":"https:\/\/redsemlac.com\/semmexico\/wp-json\/wp\/v2\/media\/90144"}],"wp:attachment":[{"href":"https:\/\/redsemlac.com\/semmexico\/wp-json\/wp\/v2\/media?parent=90142"}],"wp:term":[{"taxonomy":"category","embeddable":true,"href":"https:\/\/redsemlac.com\/semmexico\/wp-json\/wp\/v2\/categories?post=90142"},{"taxonomy":"post_tag","embeddable":true,"href":"https:\/\/redsemlac.com\/semmexico\/wp-json\/wp\/v2\/tags?post=90142"}],"curies":[{"name":"wp","href":"https:\/\/api.w.org\/{rel}","templated":true}]}}