{"id":90133,"date":"2024-11-26T09:09:44","date_gmt":"2024-11-26T15:09:44","guid":{"rendered":"https:\/\/redsemlac.com\/semmexico\/?p=90133"},"modified":"2024-11-26T09:09:46","modified_gmt":"2024-11-26T15:09:46","slug":"mujeres-indigenas-recolectan-maiz-para-evitar-hambruna","status":"publish","type":"post","link":"https:\/\/redsemlac.com\/semmexico\/mujeres-indigenas-recolectan-maiz-para-evitar-hambruna\/","title":{"rendered":"Mujeres ind\u00edgenas recolectan ma\u00edz para evitar hambruna"},"content":{"rendered":"\n<p class=\"wp-block-paragraph\">*Meta de 80 toneladas, apenas llevan el 10%<\/p>\n\n\n\n<p class=\"wp-block-paragraph\">Abel Miranda Ayala (texto y foto)<\/p>\n\n\n\n<p class=\"wp-block-paragraph\">SemM\u00e9xico \/ Ceprovysa, Tlapa de Comonfort, Guerrero, 26 de noviembre, 2024.- Las afectaciones que dej\u00f3 el paso del hurac\u00e1n John en la regi\u00f3n de La Monta\u00f1a y la falta de apoyos institucionales para mitigar los da\u00f1os podr\u00edan generar una situaci\u00f3n de hambruna y desabasto de alimentos b\u00e1sicos, advirti\u00f3 la abogada ind\u00edgena Erika Candia. Ella,&nbsp; junto a un grupo de organizaciones no gubernamentales, han lanzado una campa\u00f1a para colectar apoyos que se traduzcan en ma\u00edz y otros granos b\u00e1sicos.<\/p>\n\n\n\n<p class=\"wp-block-paragraph\"><br>La abogada de origen Na Savi explic\u00f3 que la intenci\u00f3n es juntar 80 toneladas de ma\u00edz que se distribuir\u00e1n en las comunidades de mayor marginaci\u00f3n&nbsp; en 7&nbsp; municipios: Metlat\u00f3noc, Cochoaspa, Malinaltepec, Tlacoapa, Copanatoyac, Ayutla y Acaptepec, en los que se vislumbra una situaci\u00f3n de desabasto grave que podr\u00eda llegar a la hambruna.<\/p>\n\n\n\n<p class=\"wp-block-paragraph\"><br>Indic\u00f3 que en su mayor\u00eda son comunidades que se sit\u00faan en zonas muy altas y&nbsp; muy fr\u00edas, lo que ocasiona que el ma\u00edz que se produce tarda en cosecharse y, cuando el hurac\u00e1n dej\u00f3 una semana completa de lluvias, no se hab\u00eda cosechado nada.<\/p>\n\n\n\n<p class=\"wp-block-paragraph\"><br>La abogad agreg\u00f3 que quienes elaboraron los censos para los apoyos del gobierno federal, actuaron de forma aleatoria y s\u00f3lo en algunas poblaciones registraron las afectaciones; el registro fue selectivo dejando a muchos afectados sin posibilidad de acceder a los apoyos oficiales.<\/p>\n\n\n\n<p class=\"wp-block-paragraph\"><br>Erika Candia explic\u00f3 que ante la situaci\u00f3n que prevalece en la monta\u00f1a se inici\u00f3 una colecta a trav\u00e9s de redes sociales y de organizaciones como La Red de Abogadas Ind\u00edgenas de M\u00e9xico cap\u00edtulo Guerrero, la Red de Mujeres Ind\u00edgenas y Afromexicanas de Guerrero, la Red Tejiendo por la Vida y un colectivo de Coro Femenino.<\/p>\n\n\n\n<p class=\"wp-block-paragraph\"><br>\u201cLa finalidad es poder, en su momento, apoyar a todas las familias que resultaron afectadas y devastadas por el paso del hurac\u00e1n John en la Monta\u00f1a de Guerrero, porque vimos que debido a que el hurac\u00e1n tambi\u00e9n afect\u00f3 la costa y Acapulco, a la monta\u00f1a se le releg\u00f3 en la posibilidad de recibir la ayuda\u201d.<\/p>\n\n\n\n<p class=\"wp-block-paragraph\"><br>\u201cLa Monta\u00f1a de Guerrero pues no estaba siendo tomada en cuenta, estaba siendo excluida, como siempre ocurre, porque no es una zona tur\u00edstica\u201d, dijo Candia.<\/p>\n\n\n\n<p class=\"wp-block-paragraph\">Se\u00f1al\u00f3 que, como mujeres ind\u00edgenas, saben lo mal que la han pasado quienes fueron afectados, adem\u00e1s de que el estado no ha destinado los recursos necesarios para reabrir las carreteras y caminos que fueron devastados por la lluvia.<\/p>\n\n\n\n<p class=\"wp-block-paragraph\"><br>\u201cSe destruyeron varias casas, los cultivos de ma\u00edz, frijol y calabaza se da\u00f1aron por completo; los caminos tambi\u00e9n resultaron muy afectados, tanto que no hab\u00eda acceso a las comunidades y tuvieron que organizarse las mismas personas para poder abrir accesos temporales que, hasta el momento, no han sido reparados\u201d.<\/p>\n\n\n\n<p class=\"wp-block-paragraph\"><br>La abogada indic\u00f3 que, lamentablemente, quienes no han tenido el problema no vislumbran la situaci\u00f3n que se vive en la monta\u00f1a, donde el hurac\u00e1n arras\u00f3 principalmente con la producci\u00f3n de alimentos. Ello ha generado que el apoyo fluya muy lento.<\/p>\n\n\n\n<p class=\"wp-block-paragraph\"><br>\u201cLa meta es completar 80 toneladas de ma\u00edz y apenas llevamos alrededor del 10 por ciento, por eso nos hace falta mucha, pero mucha ayuda\u201d.<\/p>\n\n\n\n<p class=\"wp-block-paragraph\"><br>Indic\u00f3 que quienes quieran donar pueden hacerlo a la cuenta n\u00famero 4152 3143 6420 7558 del banco Bancomer, y si alguien tiene alguna otra forma de apoyar puede contactarla al n\u00famero 56 1985 5849, para llevar directo a las familias que la est\u00e1n pasando muy mal y no tienen ni siquiera para comer.<\/p>\n","protected":false},"excerpt":{"rendered":"<p>*Meta de 80 toneladas, apenas llevan el 10% Abel Miranda Ayala (texto y foto) SemM\u00e9xico \/ Ceprovysa, Tlapa de Comonfort, Guerrero, 26 de noviembre, 2024.- Las afectaciones que dej\u00f3 el paso del hurac\u00e1n John en la regi\u00f3n de La Monta\u00f1a y la falta de apoyos institucionales para mitigar los da\u00f1os podr\u00edan generar una situaci\u00f3n de [&hellip;]<\/p>\n","protected":false},"author":3,"featured_media":90134,"comment_status":"open","ping_status":"open","sticky":false,"template":"","format":"standard","meta":{"_monsterinsights_skip_tracking":false,"footnotes":""},"categories":[700],"tags":[],"class_list":["post-90133","post","type-post","status-publish","format-standard","has-post-thumbnail","category-estados"],"_links":{"self":[{"href":"https:\/\/redsemlac.com\/semmexico\/wp-json\/wp\/v2\/posts\/90133","targetHints":{"allow":["GET"]}}],"collection":[{"href":"https:\/\/redsemlac.com\/semmexico\/wp-json\/wp\/v2\/posts"}],"about":[{"href":"https:\/\/redsemlac.com\/semmexico\/wp-json\/wp\/v2\/types\/post"}],"author":[{"embeddable":true,"href":"https:\/\/redsemlac.com\/semmexico\/wp-json\/wp\/v2\/users\/3"}],"replies":[{"embeddable":true,"href":"https:\/\/redsemlac.com\/semmexico\/wp-json\/wp\/v2\/comments?post=90133"}],"version-history":[{"count":0,"href":"https:\/\/redsemlac.com\/semmexico\/wp-json\/wp\/v2\/posts\/90133\/revisions"}],"wp:featuredmedia":[{"embeddable":true,"href":"https:\/\/redsemlac.com\/semmexico\/wp-json\/wp\/v2\/media\/90134"}],"wp:attachment":[{"href":"https:\/\/redsemlac.com\/semmexico\/wp-json\/wp\/v2\/media?parent=90133"}],"wp:term":[{"taxonomy":"category","embeddable":true,"href":"https:\/\/redsemlac.com\/semmexico\/wp-json\/wp\/v2\/categories?post=90133"},{"taxonomy":"post_tag","embeddable":true,"href":"https:\/\/redsemlac.com\/semmexico\/wp-json\/wp\/v2\/tags?post=90133"}],"curies":[{"name":"wp","href":"https:\/\/api.w.org\/{rel}","templated":true}]}}