{"id":90130,"date":"2024-11-26T09:07:29","date_gmt":"2024-11-26T15:07:29","guid":{"rendered":"https:\/\/redsemlac.com\/semmexico\/?p=90130"},"modified":"2024-11-26T09:07:29","modified_gmt":"2024-11-26T15:07:29","slug":"gobierno-municipal-de-chilpancingo-y-el-estatal-fortalecen-acciones-para-erradicar-la-violencia-contra-las-mujeres","status":"publish","type":"post","link":"https:\/\/redsemlac.com\/semmexico\/gobierno-municipal-de-chilpancingo-y-el-estatal-fortalecen-acciones-para-erradicar-la-violencia-contra-las-mujeres\/","title":{"rendered":"Gobierno Municipal de Chilpancingo y el Estatal fortalecen acciones para erradicar la violencia contra las mujeres"},"content":{"rendered":"\n<p class=\"wp-block-paragraph\">Redacci\u00f3n<\/p>\n\n\n\n<p class=\"wp-block-paragraph\">SemM\u00e9xico \/ Ceprovysa , Chilpancingo, Guerrero, 26 de noviembre, 2024.- En ocasi\u00f3n del D\u00eda Internacional para Eliminar la Violencia contra la Mujer el presidente municipal, Dr. Gustavo Alarc\u00f3n Herrera, reafirm\u00f3 su compromiso de trabajar incansablemente por la erradicaci\u00f3n de la violencia de g\u00e9nero, tras integrarse oficialmente al Sistema Estatal para Prevenir, Atender, Sancionar y Erradicar la Violencia contra las Mujeres.<\/p>\n\n\n\n<p class=\"wp-block-paragraph\">Durante la 46\u00aa Sesi\u00f3n Ordinaria del Sistema Estatal, presidida por la gobernadora Evelyn Salgado Pineda, se consolidaron compromisos clave como la firma del convenio \u201cSomos tu Red de Apoyo\u201d, dise\u00f1ado para fortalecer los servicios de atenci\u00f3n integral para mujeres v\u00edctimas de violencia y garantizar el respeto a sus derechos.<\/p>\n\n\n\n<p class=\"wp-block-paragraph\">El presidente Gustavo Alarc\u00f3n Herrera enfatiz\u00f3 la importancia de implementar mecanismos efectivos que permitan combatir la violencia desde sus ra\u00edces:<\/p>\n\n\n\n<p class=\"wp-block-paragraph\">\u201cEste gobierno no tolerar\u00e1 ning\u00fan tipo de violencia. Implementaremos acciones contundentes para proteger a nuestras mujeres, j\u00f3venes y ni\u00f1as, con estrategias que involucren, tanto a las instituciones como a la ciudadan\u00eda\u201d, declar\u00f3 el Alarc\u00f3n Herrera.<\/p>\n\n\n\n<p class=\"wp-block-paragraph\">Por su parte, la gobernadora Salgado Pineda subray\u00f3 que el decreto de cero tolerancia a la violencia, acoso y hostigamiento sexual, es un mandato ineludible para todos los niveles de gobierno. \u201cLa Alerta Violeta no es opcional; es una herramienta permanente para localizar a ni\u00f1as y mujeres desaparecidas\u201d, afirm\u00f3, haciendo un llamado a la unidad en este esfuerzo.<\/p>\n\n\n\n<p class=\"wp-block-paragraph\">El convenio firmado tiene como objetivo fortalecer los servicios de atenci\u00f3n integral, garantizando que cada servidor p\u00fablico cumpla con los protocolos establecidos para asistir y proteger a las mujeres en situaci\u00f3n de violencia. Este instrumento legal tambi\u00e9n asegura la continuidad de programas esenciales en Guerrero, priorizando una respuesta inmediata y efectiva.<\/p>\n\n\n\n<p class=\"wp-block-paragraph\">El presidente Alarc\u00f3n Herrera reiter\u00f3 su disposici\u00f3n de trabajar estrechamente con el gobierno estatal y organizaciones sociales para generar un cambio significativo. \u201cSolo a trav\u00e9s de la colaboraci\u00f3n y el compromiso podremos construir un Chilpancingo donde todas las mujeres vivan libres de violencia y con igualdad de oportunidades.\u201d<\/p>\n\n\n\n<p class=\"wp-block-paragraph\">Este esfuerzo conjunto entre el gobierno estatal y municipal refleja el compromiso inquebrantable de hacer de Guerrero, y en especial de Chilpancingo, un estado donde los derechos de las mujeres sean plenamente respetados y protegidos.<\/p>\n\n\n\n<p class=\"wp-block-paragraph\">Unidos, Chilpancingo renace.<\/p>\n\n\n\n<figure class=\"wp-block-image\"><img decoding=\"async\" src=\"https:\/\/lh7-rt.googleusercontent.com\/docsz\/AD_4nXdgmStIgTIhwRHSvW41GxrRNSXow45rvHeVqeeIEuZhU8Bp26Am3--BNmf1lVz1rxR6PETk9ln6oO7hPSEDGkrvhKEQl6t7eLyNGyRrjwSV3UQM22F7DH2MClpL60YxfNu-oJfiA9eMgaK4pnlaUZE?key=d-w9y5NZ52EGIcqIW_pRkgq4\" alt=\"Un texto en blanco\n\nDescripci\u00f3n generada autom\u00e1ticamente con confianza media\"\/><\/figure>\n\n\n\n<figure class=\"wp-block-image\"><img decoding=\"async\" src=\"https:\/\/lh7-rt.googleusercontent.com\/docsz\/AD_4nXfHm0KT6_3MVPoZKWVhgIZp9CAScTtoPnDBvY6JjBw1HiwrPCzQwLG6gVbbbEpln5-22QRsXZF7-BxcK6Weq_T_QjolHsqWFFbBQ-vhPPBR0G35bRVuW8YReDZknmMR_uhL4SHLvrjDJLGu2SPvkLM?key=d-w9y5NZ52EGIcqIW_pRkgq4\" alt=\"\"\/><\/figure>\n\n\n\n<figure class=\"wp-block-image\"><img decoding=\"async\" src=\"https:\/\/lh7-rt.googleusercontent.com\/docsz\/AD_4nXeC9wqIt1NGrGBgC77CqEWxCUlUwoBBcWqLgqBnbVnwbd1V3sHEbqHlwjkHga509kQoEL4weYhRRgK46rdEyuLImZ34XXvtFzT8M6IgxHw-59fPi5Gv3UypT9ICOISWWbXvghMJjn2mZX-iRBAzHA?key=d-w9y5NZ52EGIcqIW_pRkgq4\" alt=\"Imagen que contiene Texto\n\nDescripci\u00f3n generada autom\u00e1ticamente\"\/><\/figure>\n","protected":false},"excerpt":{"rendered":"<p>Redacci\u00f3n SemM\u00e9xico \/ Ceprovysa , Chilpancingo, Guerrero, 26 de noviembre, 2024.- En ocasi\u00f3n del D\u00eda Internacional para Eliminar la Violencia contra la Mujer el presidente municipal, Dr. Gustavo Alarc\u00f3n Herrera, reafirm\u00f3 su compromiso de trabajar incansablemente por la erradicaci\u00f3n de la violencia de g\u00e9nero, tras integrarse oficialmente al Sistema Estatal para Prevenir, Atender, Sancionar y [&hellip;]<\/p>\n","protected":false},"author":3,"featured_media":90131,"comment_status":"open","ping_status":"open","sticky":false,"template":"","format":"standard","meta":{"_monsterinsights_skip_tracking":false,"footnotes":""},"categories":[700],"tags":[],"class_list":["post-90130","post","type-post","status-publish","format-standard","has-post-thumbnail","category-estados"],"_links":{"self":[{"href":"https:\/\/redsemlac.com\/semmexico\/wp-json\/wp\/v2\/posts\/90130","targetHints":{"allow":["GET"]}}],"collection":[{"href":"https:\/\/redsemlac.com\/semmexico\/wp-json\/wp\/v2\/posts"}],"about":[{"href":"https:\/\/redsemlac.com\/semmexico\/wp-json\/wp\/v2\/types\/post"}],"author":[{"embeddable":true,"href":"https:\/\/redsemlac.com\/semmexico\/wp-json\/wp\/v2\/users\/3"}],"replies":[{"embeddable":true,"href":"https:\/\/redsemlac.com\/semmexico\/wp-json\/wp\/v2\/comments?post=90130"}],"version-history":[{"count":0,"href":"https:\/\/redsemlac.com\/semmexico\/wp-json\/wp\/v2\/posts\/90130\/revisions"}],"wp:featuredmedia":[{"embeddable":true,"href":"https:\/\/redsemlac.com\/semmexico\/wp-json\/wp\/v2\/media\/90131"}],"wp:attachment":[{"href":"https:\/\/redsemlac.com\/semmexico\/wp-json\/wp\/v2\/media?parent=90130"}],"wp:term":[{"taxonomy":"category","embeddable":true,"href":"https:\/\/redsemlac.com\/semmexico\/wp-json\/wp\/v2\/categories?post=90130"},{"taxonomy":"post_tag","embeddable":true,"href":"https:\/\/redsemlac.com\/semmexico\/wp-json\/wp\/v2\/tags?post=90130"}],"curies":[{"name":"wp","href":"https:\/\/api.w.org\/{rel}","templated":true}]}}