{"id":9010,"date":"2019-06-21T00:52:19","date_gmt":"2019-06-21T00:52:19","guid":{"rendered":"https:\/\/redsemlac.com\/semmexico\/?p=9010"},"modified":"2023-07-21T14:49:42","modified_gmt":"2023-07-21T19:49:42","slug":"por-misoginia-presentan-queja-contra-rector-de-la-uta","status":"publish","type":"post","link":"https:\/\/redsemlac.com\/semmexico\/por-misoginia-presentan-queja-contra-rector-de-la-uta\/","title":{"rendered":"Por misoginia, presentan queja contra rector de la UTA"},"content":{"rendered":"\n<p class=\"wp-block-paragraph\"><strong><em>* El funcionario ha hostigado laboralmente a la dirigenta sindical<\/em><\/strong><\/p>\n\n\n\n<p class=\"wp-block-paragraph\"><strong><em>* Redujo horas de trabajo a una maestra por estar embarazada<\/em><\/strong><\/p>\n\n\n\n<p class=\"wp-block-paragraph\"><strong>Josefina Aguilar Pastor <\/strong><\/p>\n\n\n\n<p class=\"wp-block-paragraph\">SemM\u00e9xico, Chilpancingo, Gro., 20 junio 2019.- Por actos de misoginia y hostigamiento laboral, se present\u00f3\nuna queja en contra del rector de la Universidad Tecnol\u00f3gica de Acapulco (UTA),\nSa\u00fal Apreza Patr\u00f3n, ante la Comisi\u00f3n de Derechos Humanos del Estado de Guerrero\n(CDHEG), por M\u00f3nica S\u00e1nchez Ben\u00edtez, lideresa de la secci\u00f3n LXXIII del Sindicato \u00danico de Servidores P\u00fablicos del\nEstado de Guerrero (SUSPEG).<\/p>\n\n\n\n<figure class=\"wp-block-image\"><img loading=\"lazy\" decoding=\"async\" width=\"607\" height=\"288\" src=\"https:\/\/redsemlac.com\/semmexico\/wp-content\/uploads\/2019\/06\/Mo\u0301nica-Sa\u0301nchez-Beni\u0301tez.jpg\" alt=\"\" class=\"wp-image-9011\"\/><figcaption> <br><em>Lideresa de la secci\u00f3n LXXIII del Sindicato \u00danico de Servidores P\u00fablicos del Estado de Guerrero (SUSPEG). <\/em><\/figcaption><\/figure>\n\n\n\n<p class=\"wp-block-paragraph\">Ben\u00edtez S\u00e1nchez dio a conocer que desde\nsu llegada a la instituci\u00f3n, el pasado mes de enero, el rector mostr\u00f3 aversi\u00f3n\nhacia su representaci\u00f3n sindical, \u201cuna mujer no funciona como l\u00edder sindical\u201d,\nle dijo, al tiempo que le hizo una rese\u00f1a de lo que ha sido la historia del SUSPEG,\nen la que le recalc\u00f3, ninguna mujer ha sido secretaria general \u201cesos puestos\nson \u00fanicamente para varones\u201d, e incluso alarde\u00f3, haber fundado la secci\u00f3n\nsindical de la Universidad Tecnol\u00f3gica de la Monta\u00f1a, en la que tampoco,\ninsisti\u00f3, ninguna mujer ha sido dirigente.<\/p>\n\n\n\n<p class=\"wp-block-paragraph\">La hostilidad se increment\u00f3 hace algunas\nsemanas, luego de que le entregara el pliego petitorio de la base trabajadora,\nque se ha negado atender, con el argumento de que \u201ccon mujeres no quiere tratar\nnada\u201d; en respuesta, la mand\u00f3 desalojar de la oficina que ocupaba, en un claro\nacto de violaci\u00f3n a sus derechos humanos y laborales, sostuvo la l\u00edder\nsindical.<\/p>\n\n\n\n<p class=\"wp-block-paragraph\">En el nuevo espacio en el que fue\nreubicada, por \u00f3rdenes del mismo rector, no le permiten trabajar en fin de\nsemana, a pesar de haber labores dichos d\u00edas. La misoginia de Apreza Patr\u00f3n,\nafirm\u00f3 S\u00e1nchez Ben\u00edtez, ha sido muy evidente, narr\u00f3 el caso de una profesora, a\nquien, por estar embarazada, le redujo el n\u00famero de horas, bajo el argumento de\nque \u201clas mujeres en ese estado no rinden\u201d.<\/p>\n\n\n\n<p class=\"wp-block-paragraph\">En estos actos de hostigamiento laboral\ny misoginia, refiri\u00f3, Apreza Patr\u00f3n es apoyado por la directora de\nAdministraci\u00f3n y Finanzas, Minerva Moreno, y el Jur\u00eddico, Jes\u00fas Abelardo\nGaleana, quienes hostigan al personal quit\u00e1ndolos de sus espacios para colocar\na sus allegados y han sido emisarios del rector, en distintos actos de\nhostigamiento.<\/p>\n\n\n\n<p class=\"wp-block-paragraph\">El rector, dijo S\u00e1nchez Ben\u00edtez, se siente\nprotegido por su hermano, el diputado priista, H\u00e9ctor Apreza Patr\u00f3n,\ncoordinador de la fracci\u00f3n parlamentaria del PRI en el Congreso Local, de quien\nha dicho ser\u00e1 el pr\u00f3ximo gobernador del Estado. <\/p>\n\n\n\n<p class=\"wp-block-paragraph\">Ben\u00edtez S\u00e1nchez pidi\u00f3 la intervenci\u00f3n\ndel gobernador H\u00e9ctor Astudillo Flores, para frenar las agresiones en su\ncontra, sobre todo, porque en la entidad, se mantiene una alerta de g\u00e9nero, en\nla que el mandatario ha se\u00f1alado tener inter\u00e9s en combatir la violencia hacia\nlas mujeres.<\/p>\n\n\n\n<p class=\"wp-block-paragraph\">SEM\/jap\/sj<\/p>\n","protected":false},"excerpt":{"rendered":"<p>* El funcionario ha hostigado laboralmente a la dirigenta sindical * Redujo horas de trabajo a una maestra por estar embarazada Josefina Aguilar Pastor SemM\u00e9xico, Chilpancingo, Gro., 20 junio 2019.- Por actos de misoginia y hostigamiento laboral, se present\u00f3 una queja en contra del rector de la Universidad Tecnol\u00f3gica de Acapulco (UTA), Sa\u00fal Apreza Patr\u00f3n, [&hellip;]<\/p>\n","protected":false},"author":3,"featured_media":9012,"comment_status":"open","ping_status":"open","sticky":false,"template":"","format":"standard","meta":{"_monsterinsights_skip_tracking":false,"footnotes":""},"categories":[690,54],"tags":[],"class_list":["post-9010","post","type-post","status-publish","format-standard","has-post-thumbnail","category-690","category-mujeres"],"_links":{"self":[{"href":"https:\/\/redsemlac.com\/semmexico\/wp-json\/wp\/v2\/posts\/9010","targetHints":{"allow":["GET"]}}],"collection":[{"href":"https:\/\/redsemlac.com\/semmexico\/wp-json\/wp\/v2\/posts"}],"about":[{"href":"https:\/\/redsemlac.com\/semmexico\/wp-json\/wp\/v2\/types\/post"}],"author":[{"embeddable":true,"href":"https:\/\/redsemlac.com\/semmexico\/wp-json\/wp\/v2\/users\/3"}],"replies":[{"embeddable":true,"href":"https:\/\/redsemlac.com\/semmexico\/wp-json\/wp\/v2\/comments?post=9010"}],"version-history":[{"count":0,"href":"https:\/\/redsemlac.com\/semmexico\/wp-json\/wp\/v2\/posts\/9010\/revisions"}],"wp:featuredmedia":[{"embeddable":true,"href":"https:\/\/redsemlac.com\/semmexico\/wp-json\/wp\/v2\/media\/9012"}],"wp:attachment":[{"href":"https:\/\/redsemlac.com\/semmexico\/wp-json\/wp\/v2\/media?parent=9010"}],"wp:term":[{"taxonomy":"category","embeddable":true,"href":"https:\/\/redsemlac.com\/semmexico\/wp-json\/wp\/v2\/categories?post=9010"},{"taxonomy":"post_tag","embeddable":true,"href":"https:\/\/redsemlac.com\/semmexico\/wp-json\/wp\/v2\/tags?post=9010"}],"curies":[{"name":"wp","href":"https:\/\/api.w.org\/{rel}","templated":true}]}}