{"id":90098,"date":"2024-11-25T20:36:51","date_gmt":"2024-11-26T02:36:51","guid":{"rendered":"https:\/\/redsemlac.com\/semmexico\/?p=90098"},"modified":"2024-11-25T20:36:51","modified_gmt":"2024-11-26T02:36:51","slug":"sheinbaum-adelanta-que-habra-revision-de-las-alertas-de-violencia-de-genero-contra-las-mujeres-en-mexico","status":"publish","type":"post","link":"https:\/\/redsemlac.com\/semmexico\/sheinbaum-adelanta-que-habra-revision-de-las-alertas-de-violencia-de-genero-contra-las-mujeres-en-mexico\/","title":{"rendered":"Sheinbaum adelanta que habr\u00e1 revisi\u00f3n de las Alertas de Violencia de G\u00e9nero contra las Mujeres en M\u00e9xico"},"content":{"rendered":"\n<p class=\"wp-block-paragraph\">La presidenta destac\u00f3 que las alertas a veces \u00abson m\u00e1s un tema burocr\u00e1tico\u00bb y no necesariamente disminuyen la violencia contra las mujeres.<\/p>\n\n\n\n<p class=\"wp-block-paragraph\">Redacci\u00f3n<\/p>\n\n\n\n<p class=\"wp-block-paragraph\">SemM\u00e9xico, Cd. de M\u00e9xico, 25 de noviembre, 2024.- La presidenta Claudia Sheinbaum afirm\u00f3 que las&nbsp;Alertas de Violencia de G\u00e9nero&nbsp;en M\u00e9xico ser\u00e1n revisadas para garantizar su efectividad en la reducci\u00f3n de la violencia contra las mujeres.<\/p>\n\n\n\n<p class=\"wp-block-paragraph\">\u201cConavim ahora va a ser parte de la Secretar\u00eda de las Mujeres y una de las tareas que hemos platicado con Citlali (Hern\u00e1ndez), con el equipo, con Ingrid, con las dem\u00e1s compa\u00f1eras, es que necesitamos revisar las alertas porque a veces, cuando se da la alerta&nbsp;hay una serie de acciones&nbsp;que hay que seguir, no necesariamente te llevan a disminuir violencia\u201d, explic\u00f3 Sheinbaum.<\/p>\n\n\n\n<p class=\"wp-block-paragraph\">Durante su conferencia matutina, destac\u00f3 la necesidad de&nbsp;evaluar las medidas implementadas&nbsp;como parte de estas alertas, de las que se\u00f1al\u00f3 que en muchos casos se convierten en procesos burocr\u00e1ticos que no abordan las&nbsp;causas estructurales&nbsp;del problema.<\/p>\n\n\n\n<p class=\"wp-block-paragraph\">Te puede interesar: https:\/\/redsemlac.com\/semmexico\/alerta-de-genero-un-modelo-agotado-que-no-redujo-la-violencia-contra-las-mujeres-las-libres\/<\/p>\n\n\n\n<figure class=\"wp-block-image size-full\"><a href=\"https:\/\/redsemlac.com\/semmexico\/wp-content\/uploads\/2024\/11\/revision-alertas-02.jpg\"><img loading=\"lazy\" decoding=\"async\" width=\"700\" height=\"468\" src=\"https:\/\/redsemlac.com\/semmexico\/wp-content\/uploads\/2024\/11\/revision-alertas-02.jpg\" alt=\"\" class=\"wp-image-90100\" srcset=\"https:\/\/redsemlac.com\/semmexico\/wp-content\/uploads\/2024\/11\/revision-alertas-02.jpg 700w, https:\/\/redsemlac.com\/semmexico\/wp-content\/uploads\/2024\/11\/revision-alertas-02-300x201.jpg 300w, https:\/\/redsemlac.com\/semmexico\/wp-content\/uploads\/2024\/11\/revision-alertas-02-150x100.jpg 150w, https:\/\/redsemlac.com\/semmexico\/wp-content\/uploads\/2024\/11\/revision-alertas-02-696x465.jpg 696w\" sizes=\"auto, (max-width: 700px) 100vw, 700px\" \/><\/a><\/figure>\n\n\n\n<p class=\"wp-block-paragraph\">Foto: Archivo<\/p>\n\n\n\n<p class=\"wp-block-paragraph\">La presidenta resalt\u00f3 que, en ocasiones, las medidas derivadas de las alertas se convierten en \u201cun tema m\u00e1s burocr\u00e1tico, como de papel,&nbsp;y no de fondo\u201c.<\/p>\n\n\n\n<p class=\"wp-block-paragraph\">Adem\u00e1s, enfatiz\u00f3 que las medidas asociadas con las alertas deben ser analizadas en funci\u00f3n de su&nbsp;impacto real.<\/p>\n\n\n\n<p class=\"wp-block-paragraph\">\u201cPor ejemplo, visi\u00f3n transversal en las secretar\u00edas: \u00bfya hay visi\u00f3n transversal? S\u00ed. \u00bfCapacitaci\u00f3n? \u00bfMinisterios p\u00fablicos? Se hacen tres d\u00edas de capacitaci\u00f3n. \u00bfDisminuyeron feminicidios? No. \u00bfDisminuyeron violencia contra las mujeres, violencia sexual, por ejemplo? No. Entonces, \u00bfqu\u00e9 tienen que ver las medidas que est\u00e1n expl\u00edcitas frente a lo que realmente est\u00e1 ocurriendo?\u201d.<\/p>\n\n\n\n<p class=\"wp-block-paragraph\">La presidenta record\u00f3 su experiencia como jefa de gobierno de la&nbsp;Ciudad de M\u00e9xico, donde decret\u00f3 una Alerta de G\u00e9nero desde el propio gobierno y se implementaron 11 medidas espec\u00edficas.<\/p>\n\n\n\n<p class=\"wp-block-paragraph\">\u201cSe les daban seguimiento, disminuyeron&nbsp;feminicidios y otros temas. Lo que fue muy \u00fatil fue la fiscal\u00eda para atender feminicidios en la Fiscal\u00eda General de Justicia de la ciudad, porque hab\u00eda una visi\u00f3n muy especial de c\u00f3mo atender y disminuy\u00f3 la impunidad. Pr\u00e1cticamente todos los feminicidios cometidos ten\u00edan detenciones\u201d, explic\u00f3.<\/p>\n\n\n\n<p class=\"wp-block-paragraph\">Te puede interesar: <a href=\"https:\/\/redsemlac.com\/semmexico\/alerta-de-genero-una-gran-oportunidad\/\">https:\/\/redsemlac.com\/semmexico\/alerta-de-genero-una-gran-oportunidad\/<\/a><\/p>\n\n\n\n<p class=\"wp-block-paragraph\">Sheinbaum destac\u00f3 que el objetivo principal de las alertas debe ser la&nbsp;reducci\u00f3n de la violencia, no solo el cumplimiento de requisitos.<\/p>\n\n\n\n<figure class=\"wp-block-image size-full\"><a href=\"https:\/\/redsemlac.com\/semmexico\/wp-content\/uploads\/2024\/11\/revision-alertas-03.jpg\"><img loading=\"lazy\" decoding=\"async\" width=\"700\" height=\"438\" src=\"https:\/\/redsemlac.com\/semmexico\/wp-content\/uploads\/2024\/11\/revision-alertas-03.jpg\" alt=\"\" class=\"wp-image-90099\" srcset=\"https:\/\/redsemlac.com\/semmexico\/wp-content\/uploads\/2024\/11\/revision-alertas-03.jpg 700w, https:\/\/redsemlac.com\/semmexico\/wp-content\/uploads\/2024\/11\/revision-alertas-03-300x188.jpg 300w, https:\/\/redsemlac.com\/semmexico\/wp-content\/uploads\/2024\/11\/revision-alertas-03-150x94.jpg 150w, https:\/\/redsemlac.com\/semmexico\/wp-content\/uploads\/2024\/11\/revision-alertas-03-696x435.jpg 696w\" sizes=\"auto, (max-width: 700px) 100vw, 700px\" \/><\/a><\/figure>\n\n\n\n<p class=\"wp-block-paragraph\">Foto: Archivo<\/p>\n\n\n\n<p class=\"wp-block-paragraph\">\u201cHay que revisar porque el objetivo es disminuir violencia, sino cubrir requisitos, sino realmente&nbsp;transformaciones&nbsp;de fondo\u201d, concluy\u00f3.<\/p>\n","protected":false},"excerpt":{"rendered":"<p>La presidenta destac\u00f3 que las alertas a veces \u00abson m\u00e1s un tema burocr\u00e1tico\u00bb y no necesariamente disminuyen la violencia contra las mujeres. Redacci\u00f3n SemM\u00e9xico, Cd. de M\u00e9xico, 25 de noviembre, 2024.- La presidenta Claudia Sheinbaum afirm\u00f3 que las&nbsp;Alertas de Violencia de G\u00e9nero&nbsp;en M\u00e9xico ser\u00e1n revisadas para garantizar su efectividad en la reducci\u00f3n de la violencia [&hellip;]<\/p>\n","protected":false},"author":3,"featured_media":90101,"comment_status":"open","ping_status":"open","sticky":false,"template":"","format":"standard","meta":{"_monsterinsights_skip_tracking":false,"footnotes":""},"categories":[1147,27],"tags":[],"class_list":["post-90098","post","type-post","status-publish","format-standard","has-post-thumbnail","category-25n-2024","category-cobertura-especial"],"_links":{"self":[{"href":"https:\/\/redsemlac.com\/semmexico\/wp-json\/wp\/v2\/posts\/90098","targetHints":{"allow":["GET"]}}],"collection":[{"href":"https:\/\/redsemlac.com\/semmexico\/wp-json\/wp\/v2\/posts"}],"about":[{"href":"https:\/\/redsemlac.com\/semmexico\/wp-json\/wp\/v2\/types\/post"}],"author":[{"embeddable":true,"href":"https:\/\/redsemlac.com\/semmexico\/wp-json\/wp\/v2\/users\/3"}],"replies":[{"embeddable":true,"href":"https:\/\/redsemlac.com\/semmexico\/wp-json\/wp\/v2\/comments?post=90098"}],"version-history":[{"count":0,"href":"https:\/\/redsemlac.com\/semmexico\/wp-json\/wp\/v2\/posts\/90098\/revisions"}],"wp:featuredmedia":[{"embeddable":true,"href":"https:\/\/redsemlac.com\/semmexico\/wp-json\/wp\/v2\/media\/90101"}],"wp:attachment":[{"href":"https:\/\/redsemlac.com\/semmexico\/wp-json\/wp\/v2\/media?parent=90098"}],"wp:term":[{"taxonomy":"category","embeddable":true,"href":"https:\/\/redsemlac.com\/semmexico\/wp-json\/wp\/v2\/categories?post=90098"},{"taxonomy":"post_tag","embeddable":true,"href":"https:\/\/redsemlac.com\/semmexico\/wp-json\/wp\/v2\/tags?post=90098"}],"curies":[{"name":"wp","href":"https:\/\/api.w.org\/{rel}","templated":true}]}}