{"id":90087,"date":"2024-11-25T20:09:26","date_gmt":"2024-11-26T02:09:26","guid":{"rendered":"https:\/\/redsemlac.com\/semmexico\/?p=90087"},"modified":"2024-11-25T20:09:27","modified_gmt":"2024-11-26T02:09:27","slug":"blindan-edificios-publicos-y-particulares-previo-a-la-marcha-del-25n","status":"publish","type":"post","link":"https:\/\/redsemlac.com\/semmexico\/blindan-edificios-publicos-y-particulares-previo-a-la-marcha-del-25n\/","title":{"rendered":"Blindan edificios p\u00fablicos y particulares previo a la marcha del 25N"},"content":{"rendered":"\n<ul class=\"wp-block-list\">\n<li>Palacio Nacional, Bellas Artes y el Banco de M\u00e9xico entre los edificios cercados<\/li>\n\n\n\n<li>En el Edomex el Congreso prev\u00e9 despenalizar el aborto<\/li>\n<\/ul>\n\n\n\n<p class=\"wp-block-paragraph\">Micaela M\u00e1rquez<\/p>\n\n\n\n<p class=\"wp-block-paragraph\">SemM\u00e9xico, Cd. de M\u00e9xico, 25 de noviembre, 2024.- Este lunes amanecieron blindados el Palacio Nacional en Ciudad de M\u00e9xico, as\u00ed como el Palacio de Bellas Artes y el Banco de M\u00e9xico previo a la conmemoraci\u00f3n de las marchas por el D\u00eda Internacional de la Eliminaci\u00f3n de la Violencia contra las mujeres.<\/p>\n\n\n\n<p class=\"wp-block-paragraph\">En el Estado de M\u00e9xico amaneci\u00f3 blindado el congreso mexiquense ya que hoy en la sesi\u00f3n la 69 Legislatura es probable que se despenalice el aborto a pesar de la oposici\u00f3n de las y los legisladores panistas. Tanto las feministas como las asociaciones provida han convocado a sus simpatizantes a reunirse en las cercan\u00edas del Congreso.&nbsp;<\/p>\n\n\n\n<p class=\"wp-block-paragraph\">Los diversos contingentes agrupados en la Coordinaci\u00f3n 8M de la Ciudad de M\u00e9xico, compuesta por colectivos, organizaciones sindicales, pol\u00edticas, populares, madres de v\u00edctimas de feminicidio, casos de desaparici\u00f3n forzada y mujeres independientes, tiene programado a partir a las 4 de la tarde salir de los puntos de reuni\u00f3n, que son La Glorieta de las Mujeres, el \u00c1ngel de la Independencia y el Monumento de la Revoluci\u00f3n para avanzar hacia el z\u00f3calo capitalino.<\/p>\n\n\n\n<p class=\"wp-block-paragraph\">Por esta raz\u00f3n a partir de la 2 de la tarde estar\u00e1n cerradas a la circulaci\u00f3n Paseo de la Reforma, Avenida Ju\u00e1rez, 5 de mayo y Eje L\u00e1zaro C\u00e1rdenas de calle Independencia a Rep\u00fablica de Cuba.<\/p>\n\n\n\n<p class=\"wp-block-paragraph\">Se espera que la estaci\u00f3n del metro&nbsp;Z\u00f3calo\/Tenochtitl\u00e1n&nbsp;de la L\u00ednea 2 permanezca cerrada temporalmente, as\u00ed como modificaciones en las operaciones de las l\u00edneas&nbsp;1, 2, 3, 4 y 7&nbsp;del Metrob\u00fas.<\/p>\n\n\n\n<p class=\"wp-block-paragraph\">Las vallas de Palacio Nacional miden tres metros de alto y se colocaron al frente y en las calles de Corregidora y Moneda. Alguna de las vallas tanto de Palacio Nacional como Bellas Artes y Banco de M\u00e9xico ha sido utilizadas anteriormente en movilizaciones feministas para realizar pintas.<\/p>\n\n\n\n<p class=\"wp-block-paragraph\">Los contingentes programados son: Coordinaci\u00f3n 8M, Madres que luchan A.C., Comunidad Pilares de la CDMX, Latinas Guerreras en Movimiento, Que no te quiten el aliento, Red Nacional de Refugios, Amnist\u00eda Internacional M\u00e9xico, #Ley Olimpia, Chicas Riot y Red TDT.<\/p>\n\n\n\n<p class=\"wp-block-paragraph\">SEM\/mm\/sj<\/p>\n\n\n\n<figure class=\"wp-block-image size-full\"><a href=\"https:\/\/redsemlac.com\/semmexico\/wp-content\/uploads\/2024\/11\/image-1-1.png\"><img loading=\"lazy\" decoding=\"async\" width=\"680\" height=\"680\" src=\"https:\/\/redsemlac.com\/semmexico\/wp-content\/uploads\/2024\/11\/image-1-1.png\" alt=\"\" class=\"wp-image-90089\" srcset=\"https:\/\/redsemlac.com\/semmexico\/wp-content\/uploads\/2024\/11\/image-1-1.png 680w, https:\/\/redsemlac.com\/semmexico\/wp-content\/uploads\/2024\/11\/image-1-1-300x300.png 300w, https:\/\/redsemlac.com\/semmexico\/wp-content\/uploads\/2024\/11\/image-1-1-150x150.png 150w\" sizes=\"auto, (max-width: 680px) 100vw, 680px\" \/><\/a><\/figure>\n","protected":false},"excerpt":{"rendered":"<p>Micaela M\u00e1rquez SemM\u00e9xico, Cd. de M\u00e9xico, 25 de noviembre, 2024.- Este lunes amanecieron blindados el Palacio Nacional en Ciudad de M\u00e9xico, as\u00ed como el Palacio de Bellas Artes y el Banco de M\u00e9xico previo a la conmemoraci\u00f3n de las marchas por el D\u00eda Internacional de la Eliminaci\u00f3n de la Violencia contra las mujeres. En el [&hellip;]<\/p>\n","protected":false},"author":3,"featured_media":90088,"comment_status":"open","ping_status":"open","sticky":false,"template":"","format":"standard","meta":{"_monsterinsights_skip_tracking":false,"footnotes":""},"categories":[1147,27],"tags":[],"class_list":["post-90087","post","type-post","status-publish","format-standard","has-post-thumbnail","category-25n-2024","category-cobertura-especial"],"_links":{"self":[{"href":"https:\/\/redsemlac.com\/semmexico\/wp-json\/wp\/v2\/posts\/90087","targetHints":{"allow":["GET"]}}],"collection":[{"href":"https:\/\/redsemlac.com\/semmexico\/wp-json\/wp\/v2\/posts"}],"about":[{"href":"https:\/\/redsemlac.com\/semmexico\/wp-json\/wp\/v2\/types\/post"}],"author":[{"embeddable":true,"href":"https:\/\/redsemlac.com\/semmexico\/wp-json\/wp\/v2\/users\/3"}],"replies":[{"embeddable":true,"href":"https:\/\/redsemlac.com\/semmexico\/wp-json\/wp\/v2\/comments?post=90087"}],"version-history":[{"count":0,"href":"https:\/\/redsemlac.com\/semmexico\/wp-json\/wp\/v2\/posts\/90087\/revisions"}],"wp:featuredmedia":[{"embeddable":true,"href":"https:\/\/redsemlac.com\/semmexico\/wp-json\/wp\/v2\/media\/90088"}],"wp:attachment":[{"href":"https:\/\/redsemlac.com\/semmexico\/wp-json\/wp\/v2\/media?parent=90087"}],"wp:term":[{"taxonomy":"category","embeddable":true,"href":"https:\/\/redsemlac.com\/semmexico\/wp-json\/wp\/v2\/categories?post=90087"},{"taxonomy":"post_tag","embeddable":true,"href":"https:\/\/redsemlac.com\/semmexico\/wp-json\/wp\/v2\/tags?post=90087"}],"curies":[{"name":"wp","href":"https:\/\/api.w.org\/{rel}","templated":true}]}}