{"id":90083,"date":"2024-11-25T20:05:28","date_gmt":"2024-11-26T02:05:28","guid":{"rendered":"https:\/\/redsemlac.com\/semmexico\/?p=90083"},"modified":"2024-11-25T20:05:29","modified_gmt":"2024-11-26T02:05:29","slug":"cuba-activistas-y-expertas-identifican-demandas-de-capacitacion-sobre-violencia","status":"publish","type":"post","link":"https:\/\/redsemlac.com\/semmexico\/cuba-activistas-y-expertas-identifican-demandas-de-capacitacion-sobre-violencia\/","title":{"rendered":"Cuba: Activistas y expertas identifican demandas de capacitaci\u00f3n sobre violencia"},"content":{"rendered":"\n<ul class=\"wp-block-list\">\n<li>Gestionar correctamente la ayuda y no revictimizar a las personas en situaci\u00f3n de violencia<\/li>\n\n\n\n<li>Necesario incluir tambi\u00e9n herramientas y contenidos sobre el autocuidado<\/li>\n<\/ul>\n\n\n\n<p class=\"wp-block-paragraph\">Sara M\u00e1s<\/p>\n\n\n\n<p class=\"wp-block-paragraph\">SemM\u00e9xico\/Semlac, La Habana, Cuba, 25 de noviembre, 2024.- Sensibilizar y dotar de conocimientos sobre la violencia de g\u00e9nero a las personas que reciben y atienden a quienes viven esas situaciones, o buscan ayuda para afrontarlas, es un paso imprescindible para no revictimizarlas, lograr protegerlas, procurarles apoyo inmediato, brindarles asistencia efectiva y acompa\u00f1arlas en la ruta de atenci\u00f3n.<\/p>\n\n\n\n<p class=\"wp-block-paragraph\"><br>Esas y otras demandas de formaci\u00f3n fueron identificadas por activistas y l\u00edderes comunitarias, profesionales de diversas disciplinas, especialistas de la academia, de las<a href=\"https:\/\/www.redsemlac-cuba.net\/redsemlac\/violencia\/violencia-de-genero-entre-la-orientacion-y-la-denuncia\/\" target=\"_blank\" rel=\"noreferrer noopener\">&nbsp;Casas de Orientaci\u00f3n a la Mujer y la Familia<\/a>&nbsp;y funcionarias de la Federaci\u00f3n de Mujeres Cubanas (FMC), durante un taller de intercambio realizado el 21 de noviembre, en la capital cubana.<\/p>\n\n\n\n<p class=\"wp-block-paragraph\"><br>Con ello se proponen identificar necesidades de capacitaci\u00f3n para contribuir al programa de formaci\u00f3n en la ruta de atenci\u00f3n a las mujeres, ni\u00f1as y otras personas en situaci\u00f3n de violencia, precis\u00f3 la psic\u00f3loga&nbsp;<a href=\"https:\/\/directoriogenero.redsemlac-cuba.net\/beatriz-torres-rodriguez\/\" target=\"_blank\" rel=\"noreferrer noopener\">Beatriz Torres<\/a>, especialista del&nbsp;<a href=\"https:\/\/www.redsemlac-cuba.net\/redsemlac\/sociedad-y-cultura\/cuba-oar-cuatro-decadas-de-compromiso-por-la-transformacion-social\/\" target=\"_blank\" rel=\"noreferrer noopener\">Centro Oscar Arnulfo Romero<\/a>, organizaci\u00f3n que promovi\u00f3 el encuentro.<\/p>\n\n\n\n<p class=\"wp-block-paragraph\"><br>Torres agreg\u00f3 que es tambi\u00e9n una forma de colaborar con la implementaci\u00f3n de la&nbsp;<a href=\"https:\/\/www.redsemlac-cuba.net\/redsemlac\/violencia\/estrategia-contra-la-violencia-el-camino-empieza-ahora\/\" target=\"_blank\" rel=\"noreferrer noopener\">Estrategia Integral de Prevenci\u00f3n y Atenci\u00f3n a la Violencia de g\u00e9nero y en el escenario familiar<\/a>&nbsp;y el&nbsp;<a href=\"https:\/\/www.redsemlac-cuba.net\/redsemlac\/violencia\/ck83-noticias\/plan-para-avance-de-la-mujer-prioriza-atencion-a-violencia-de-genero\/\" target=\"_blank\" rel=\"noreferrer noopener\">Programa Nacional para el Adelanto de las Mujeres (PAM)<\/a>, aprobados en 2021.<\/p>\n\n\n\n<p class=\"wp-block-paragraph\"><br>Participantes en el intercambio se\u00f1alaron la necesidad de contar con personal estable, capacitado y no solo desde el voluntariado, que garantice una primera atenci\u00f3n y el acompa\u00f1amiento necesario, sostenible y desde el conocimiento a quienes acuden directamente en busca de ayuda o llegan por diversas v\u00edas a las Casas de Orientaci\u00f3n y otros servicios.<\/p>\n\n\n\n<p class=\"wp-block-paragraph\"><br>\u00abHace falta formar personal de consejer\u00eda, para poder gestionar correctamente la ayuda y no revictimizar a las personas en situaci\u00f3n de violencia\u00bb, insisti\u00f3 la jurista&nbsp;<a href=\"https:\/\/www.redsemlac-cuba.net\/redsemlac\/violencia\/estrategia-contra-la-violencia-el-camino-empieza-ahora\/\" target=\"_blank\" rel=\"noreferrer noopener\">Tania de Armas Fonticoba<\/a>&nbsp;y agreg\u00f3 que se trata de un proceder que requiere determinados conocimientos, habilidades y condiciones.<\/p>\n\n\n\n<p class=\"wp-block-paragraph\"><br>En esos programas de formaci\u00f3n es necesario incluir tambi\u00e9n herramientas y contenidos sobre el autocuidado, ya que suele ser considerable el desgaste al que se someten quienes asumen los servicios de atenci\u00f3n a esta problem\u00e1tica, insisti\u00f3 la psiquiatra&nbsp;<a href=\"https:\/\/directoriogenero.redsemlac-cuba.net\/ivon-de-la-c-ernand-thames\/\" target=\"_blank\" rel=\"noreferrer noopener\">Iv\u00f3n Ernand Thames<\/a>, quien coordina la Consejer\u00eda para mujeres en situaciones de violencia de OAR.<\/p>\n\n\n\n<p class=\"wp-block-paragraph\"><br>Para la soci\u00f3loga&nbsp;<a href=\"https:\/\/directoriogenero.redsemlac-cuba.net\/iyamira-hernandez-pita-la-habana-1971\/\" target=\"_blank\" rel=\"noreferrer noopener\">Iyamira Hern\u00e1ndez Pita<\/a>, profesora e investigadora de la Universidad de La Habana, se impone identificar las barreras que a nivel local impiden la articulaci\u00f3n de actores en funci\u00f3n de atender a las v\u00edctimas directas de la violencia de g\u00e9nero y tambi\u00e9n a las indirectas.<\/p>\n\n\n\n<p class=\"wp-block-paragraph\"><br>Entre los d\u00e9ficits identificados a nivel local est\u00e1 la&nbsp;<a href=\"https:\/\/www.redsemlac-cuba.net\/redsemlac\/violencia\/ck85-debates\/servicios-de-orientacion-a-victimas-de-violencia-donde-estan-los-retos\/\" target=\"_blank\" rel=\"noreferrer noopener\">atenci\u00f3n especializada<\/a>&nbsp;y la articulaci\u00f3n desde la salud p\u00fablica, el \u00e1mbito social, judicial y policial, cuyos especialistas necesitan conocer mejor el fen\u00f3meno de la violencia y los protocolos, para proceder y darle curso adecuado a cada caso.<\/p>\n\n\n\n<p class=\"wp-block-paragraph\"><br>La sensibilizaci\u00f3n y formaci\u00f3n sobre las particularidades de la violencia de g\u00e9nero, sus causas, expresiones y mitos que la naturalizan, as\u00ed como de las&nbsp;<a href=\"https:\/\/www.redsemlac-cuba.net\/redsemlac\/violencia\/algunos-apuntes-sobre-la-violencia-de-genero-en-la-legislacion-penal-cubana-parte-i\/\" target=\"_blank\" rel=\"noreferrer noopener\">leyes que sancionan<\/a>&nbsp;esos actos, son pasos imprescindibles para lograr una buena atenci\u00f3n, desde la empat\u00eda y la articulaci\u00f3n sectorial que hace falta, se\u00f1alaron participantes en el encuentro.<\/p>\n\n\n\n<p class=\"wp-block-paragraph\"><br>Se trata de una problem\u00e1tica en cuyo desarrollo se necesita de conocimiento y tambi\u00e9n de sensibilidad, confidencialidad, de generar confianza y garantizar la protecci\u00f3n de las mujeres, ni\u00f1as y otras personas en situaci\u00f3n de violencia, que viven casi siempre bajo las amenazas de sus victimarios o dependientes de ellos.<\/p>\n\n\n\n<p class=\"wp-block-paragraph\"><br>Tambi\u00e9n se habl\u00f3 de la necesidad de formar al personal que se requiere para establecer y perfeccionar mecanismos de recepci\u00f3n, atenci\u00f3n y rehabilitaci\u00f3n de mujeres, ni\u00f1as y otras personas v\u00edctimas de violencia de g\u00e9nero.<\/p>\n\n\n\n<p class=\"wp-block-paragraph\"><br>Esas acciones de capacitaci\u00f3n deben incluir no solo a especialistas vinculados directamente a los casos, sino a todo el personal de los espacios y centros donde ello sucede, de manera que las personas necesitadas de&nbsp;<a href=\"https:\/\/www.redsemlac-cuba.net\/redsemlac\/violencia\/orientacion-juridica-ante-violencias-y-vulneracion-de-derechos\/\" target=\"_blank\" rel=\"noreferrer noopener\">orientaci\u00f3n<\/a>, escucha y apoyo sean acogidas con prontitud y sin ser estigmatizadas ni revictimizadas.<\/p>\n\n\n\n<p class=\"wp-block-paragraph\"><br>Yudith Laura Ferreriro Fuentes, directora del Centro de Estudios de la Mujer de la FMC, explic\u00f3 que justamente esa es la concepci\u00f3n que quiere lograrse en las Casas de Orientaci\u00f3n a la Mujer y la Familia, de manera que todas las l\u00edneas de trabajo de la instituci\u00f3n tributen a la prevenci\u00f3n y atenci\u00f3n de las violencias.<\/p>\n\n\n\n<p class=\"wp-block-paragraph\"><br>\u00abPodemos tener all\u00ed personas que van por otro motivo y est\u00e9n viviendo violencia.<\/p>\n\n\n\n<p class=\"wp-block-paragraph\">Si tenemos los conocimientos necesarios, podremos identificarlas en nuestro intercambio con ellas y har\u00edamos entonces la derivaci\u00f3n que necesitan a otros servicios\u00bb, expuso al referirse al trabajo que debe lograrse en esos escenarios, de manera integral y preventiva.<\/p>\n\n\n\n<p class=\"wp-block-paragraph\"><br>\u00abLa capacitaci\u00f3n a todas las personas de nuestras casas debe encaminarse no solo a atender a quienes se acercan a pedir ayuda, sino a permitirnos identificar a todas aquellas que la requieren\u00bb, remarc\u00f3.<\/p>\n\n\n\n<p class=\"wp-block-paragraph\"><br>En el taller de trabajo participaron l\u00edderes de comunidades de varios municipios de la capital vinculadas directamente a la prevenci\u00f3n y atenci\u00f3n de las violencias machistas desde consejer\u00edas, proyectos comunitarios y otros espacios.<\/p>\n\n\n\n<p class=\"wp-block-paragraph\"><br>Este es uno de varios talleres que se desarrollan como parte del proyecto \u00abHacia una vida libre de violencias para las mujeres y ni\u00f1as en Cuba\u00bb, que cuenta con fondos de la Uni\u00f3n Europea y coordina la organizaci\u00f3n sueca Diakon\u00eda, en alianza con OAR y el&nbsp;<a href=\"https:\/\/www.redsemlac-cuba.net\/redsemlac\/sociedad-y-cultura\/centro-cristiano-transforma-vidas-desde-el-trabajo-comunitario\/\" target=\"_blank\" rel=\"noreferrer noopener\">Centro Cristiano de Reflexi\u00f3n y Di\u00e1logo de C\u00e1rdenas<\/a>, con la participaci\u00f3n de otras organizaciones de la sociedad civil e instituciones cubanas.<\/p>\n\n\n\n<p class=\"wp-block-paragraph\">SEM-Semlac\/sm<\/p>\n","protected":false},"excerpt":{"rendered":"<p>Sara M\u00e1s SemM\u00e9xico\/Semlac, La Habana, Cuba, 25 de noviembre, 2024.- Sensibilizar y dotar de conocimientos sobre la violencia de g\u00e9nero a las personas que reciben y atienden a quienes viven esas situaciones, o buscan ayuda para afrontarlas, es un paso imprescindible para no revictimizarlas, lograr protegerlas, procurarles apoyo inmediato, brindarles asistencia efectiva y acompa\u00f1arlas en [&hellip;]<\/p>\n","protected":false},"author":3,"featured_media":90084,"comment_status":"open","ping_status":"open","sticky":false,"template":"","format":"standard","meta":{"_monsterinsights_skip_tracking":false,"footnotes":""},"categories":[53],"tags":[],"class_list":["post-90083","post","type-post","status-publish","format-standard","has-post-thumbnail","category-internacional"],"_links":{"self":[{"href":"https:\/\/redsemlac.com\/semmexico\/wp-json\/wp\/v2\/posts\/90083","targetHints":{"allow":["GET"]}}],"collection":[{"href":"https:\/\/redsemlac.com\/semmexico\/wp-json\/wp\/v2\/posts"}],"about":[{"href":"https:\/\/redsemlac.com\/semmexico\/wp-json\/wp\/v2\/types\/post"}],"author":[{"embeddable":true,"href":"https:\/\/redsemlac.com\/semmexico\/wp-json\/wp\/v2\/users\/3"}],"replies":[{"embeddable":true,"href":"https:\/\/redsemlac.com\/semmexico\/wp-json\/wp\/v2\/comments?post=90083"}],"version-history":[{"count":0,"href":"https:\/\/redsemlac.com\/semmexico\/wp-json\/wp\/v2\/posts\/90083\/revisions"}],"wp:featuredmedia":[{"embeddable":true,"href":"https:\/\/redsemlac.com\/semmexico\/wp-json\/wp\/v2\/media\/90084"}],"wp:attachment":[{"href":"https:\/\/redsemlac.com\/semmexico\/wp-json\/wp\/v2\/media?parent=90083"}],"wp:term":[{"taxonomy":"category","embeddable":true,"href":"https:\/\/redsemlac.com\/semmexico\/wp-json\/wp\/v2\/categories?post=90083"},{"taxonomy":"post_tag","embeddable":true,"href":"https:\/\/redsemlac.com\/semmexico\/wp-json\/wp\/v2\/tags?post=90083"}],"curies":[{"name":"wp","href":"https:\/\/api.w.org\/{rel}","templated":true}]}}